{"id":3619,"date":"2023-04-09T09:37:51","date_gmt":"2023-04-09T07:37:51","guid":{"rendered":"http:\/\/www.budylancuckie.przemyska.pl\/?p=3619"},"modified":"2023-04-09T09:37:51","modified_gmt":"2023-04-09T07:37:51","slug":"ogloszenia-parafialne-9-kwiecien-2023","status":"publish","type":"post","link":"https:\/\/budy.przemyska.pl\/index.php\/2023\/04\/09\/ogloszenia-parafialne-9-kwiecien-2023\/","title":{"rendered":"Og\u0142oszenia parafialne 9 kwiecie\u0144 2023"},"content":{"rendered":"<h2 style=\"text-align: center;\"><strong><span style=\"color: rgb(0, 0, 128);\">Uroczysto\u015b\u0107 Zmartwychwstania Pa\u0144skiego &#8211; 09-04-2023<\/span><\/strong><\/h2>\n<h2 style=\"text-align: center;\"><strong><span style=\"color: rgb(0, 0, 128);\">Og\u0142oszenia<br \/>\n\t<\/span><\/strong><\/h2>\n<ol>\n<li>Dzi\u015b Niedziela Zmartwychwstania Pa\u0144skiego. Msze \u015bw. o godz.06.00 &ndash; Rezurekcja, o godz. 09.00 i o 10.30. <br \/>\n\t\tJutro &#8211; Msze \u015bw. o godz. 06.30, 08.00 i o 10.30.<\/li>\n<li>Rozpoczynamy tzw. Bia\u0142y Tydzie\u0144 &ndash; Oktaw\u0119 Wielkanocy, kt&oacute;ra jest przed\u0142u\u017ceniem \u015bwi\u0119towania pami\u0105tki Zmartwychwstania Pana Jezusa na ca\u0142y tydzie\u0144, dlatego w pi\u0105tek nie ma postu.<\/li>\n<li>Za tydzie\u0144 Niedziela Bo\u017cego Mi\u0142osierdzia. Prosimy, aby w tym dniu dzieci przynios\u0142y swoje skarbonki wielkopostne i z\u0142o\u017cy\u0142y na stoliku pod ch&oacute;rem. Wszystkie te ofiary zostan\u0105 przekazane na Caritas. <br \/>\n\t\tZa tydzie\u0144 r&oacute;wnie\u017c w naszej parafii sk\u0142adka na zaplanowane inwestycje.<\/li>\n<li>W czwartek od godz. 17.00 Adoracja Naj\u015bwi\u0119tszego Sakramentu. Po Mszy \u015bw. spotkanie Akcji Katolickiej. W tym dniu swoje spotkanie, po Mszy \u015bw., maj\u0105 r&oacute;wnie\u017c uczniowie klas &oacute;smych, przygotowuj\u0105cy si\u0119 do Bierzmowania. <\/li>\n<li>Przez ca\u0142y tydzie\u0144, przed Msz\u0105 \u015bw., b\u0119dzie odmawiana Koronka do Bo\u017cego Mi\u0142osierdzia, w ramach Nowenny przed Uroczysto\u015bci\u0105.<\/li>\n<li>Sk\u0142adam serdeczne B&oacute;g zap\u0142a\u0107 dla os&oacute;b sprz\u0105taj\u0105cych, stroj\u0105cych i przygotowuj\u0105cych ko\u015bci&oacute;\u0142 na czas \u015awi\u0105t oraz za wszystkie ofiary sk\u0142adane na potrzeby parafii..<\/li>\n<\/ol>\n<h3 style=\"text-align: center;\"><strong><span style=\"color: rgb(0, 0, 128);\">Intencje mszalne<\/span><\/strong><\/h3>\n<h4 style=\"text-align: center;\"><strong><span style=\"color: rgb(0, 0, 128);\">od 10 kwietnia 2023 do 16 kwietnia 2023<\/span><\/strong><\/h4>\n<h4>&nbsp;<\/h4>\n<h4><strong>Gdyby zbyt d\u0142ugi czas nie by\u0142a og\u0142oszona zam&oacute;wiona intencja mszalna &ndash; prosimy o zg\u0142oszenie tego kap\u0142anowi.&nbsp; Zam&oacute;wiona intencja nie mo\u017ce zgin\u0105\u0107.<br \/>\n\t<\/strong><\/h4>\n<p><u><strong>Poniedzia\u0142ek &#8211; 10 kwiecie\u0144<br \/>\n\t<\/strong><\/u>06.30 + Bogdan Szyma\u0144ski (greg.) <br \/>\n\t08.00 + Stefan Bartnik &ndash; od kolegi Stanis\u0142awa<br \/>\n\t08.00 + Emilia Kojder &ndash; od wnuka Krzysztofa z \u017con\u0105<br \/>\n\t10.30 + Zofia, Micha\u0142 Pieni\u0105\u017cek, Czes\u0142awa Bartnik oraz + Maria, J&oacute;zef Ros&oacute;\u0142<br \/>\n\t10.30 + Janina, Stanis\u0142aw Wacnik<\/p>\n<p><u><strong>Wtorek &#8211; 11 kwiecie\u0144<br \/>\n\t<\/strong><\/u>1. + Bogdan Szyma\u0144ski (greg.)<br \/>\n\t2. + Zdzis\u0142aw Wota &ndash; od Macieja Wota z rodzin\u0105<br \/>\n\t3. + W\u0142adys\u0142aw Gw&oacute;\u017ad\u017a &ndash; od wnuczek<\/p>\n<p><u><strong>\u015aroda &#8211; 12 kwiecie\u0144<br \/>\n\t<\/strong><\/u>1. + Bogdan Szyma\u0144ski (greg.)<br \/>\n\t2. + Stefania, Zofia, W\u0142adys\u0142aw Wasilewscy oraz + Anna, Antoni, J&oacute;zef Kruk <br \/>\n\t3. + Stanis\u0142aw Por\u0119bny; Zofia, Jan Por\u0119bny <\/p>\n<p><u><strong>Czwartek &#8211; 13 kwiecie\u0144<\/strong><\/u><br \/>\n\t1. + Bogdan Szyma\u0144ski (greg.) <br \/>\n\t2. + Teresa Szular &ndash; od m\u0119\u017ca <br \/>\n\t3. + Ks. Jan Cebulak i zmarli Rodzice<\/p>\n<p>\t<u><strong>Pi\u0105tek &#8211; 14 kwiecie\u0144<\/strong><\/u><br \/>\n\t1. + Bogdan Szyma\u0144ski (greg.)<br \/>\n\t2. + Franciszek, Stefania, Renata, Tadeusz Nowak<br \/>\n\t3. Za rodzin\u0119 Blok&oacute;w i Czaj&oacute;w w USA<\/p>\n<p><u><strong>Sobota &#8211; 15 kwiecie\u0144<br \/>\n\t<\/strong><\/u>1. + Bogdan Szyma\u0144ski (greg.) <br \/>\n\t2. + Zdzis\u0142aw Wota &ndash; od koleg&oacute;w z pracy syna Wojtka <br \/>\n\t3. + Stanis\u0142aw Kochman (rocz. \u015bmierci) &ndash; od c&oacute;rki Moniki z rodzin\u0105<\/p>\n<p><u><strong>Niedziela &#8211; 16 kwiecie\u0144<br \/>\n\t<\/strong><\/u>06.30 + Tadeusz Kojder &ndash; od siostrze\u0144ca Andrzeja z rodzin\u0105 <br \/>\n\t08.00 + Jan i Weronika W\u0119grzyn<br \/>\n\t10.30 Za parafian <br \/>\n\t15.00 + Bogdan Szyma\u0144ski (greg.) <\/p>\n<h3 style=\"text-align: center;\"><strong><span style=\"color: rgb(0, 0, 128);\">Modlitw\u0119 r&oacute;\u017ca\u0144cow\u0105 prowadz\u0105<\/span><\/strong><\/h3>\n<p>10. Pn. R&oacute;\u017ca \u015aw. Zofii &#8211; (Zofia Kurek)<br \/>\n\t11. Wt. R&oacute;\u017ca \u015aw. Cecylii &ndash; (Krystyna Markowicz)<br \/>\n\t12. \u015ar. R&oacute;\u017ca \u015aw. El\u017cbiety &ndash; (Alina Trojnar)<br \/>\n\t13. Cz. Akcja Katolicka<br \/>\n\t14. Pt. KSM<br \/>\n\t15. Sb. R&oacute;\u017ca \u015aw. Faustyny &ndash; (Eugenia \u015awizdor)<br \/>\n\t16. Nd. R&oacute;\u017ca \u015aw. Genowefy &#8211; (Genowefa Dr\u0105\u017cek)<br \/>\n\t<strong>Wyznaczona R&oacute;\u017ca jest proszona o prowadzenie modlitwy r&oacute;\u017ca\u0144cowej.<\/strong><\/p>\n","protected":false},"excerpt":{"rendered":"<p>Uroczysto\u015b\u0107 Zmartwychwstania Pa\u0144skiego &#8211; 09-04-2023 Og\u0142oszenia Dzi\u015b Niedziela Zmartwychwstania Pa\u0144skiego. Msze \u015bw. o godz.06.00 &ndash; Rezurekcja, o godz. 09.00 i o 10.30. Jutro &#8211; Msze \u015bw. o godz. 06.30, 08.00 &hellip; <a href=\"https:\/\/budy.przemyska.pl\/index.php\/2023\/04\/09\/ogloszenia-parafialne-9-kwiecien-2023\/\" class=\"more-link\">Czytaj dalej <span class=\"screen-reader-text\">Og\u0142oszenia parafialne 9 kwiecie\u0144 2023<\/span> <span class=\"meta-nav\">&rarr;<\/span><\/a><\/p>\n","protected":false},"author":1,"featured_media":0,"comment_status":"closed","ping_status":"closed","sticky":false,"template":"","format":"standard","meta":{"footnotes":""},"categories":[6,4],"tags":[],"class_list":["post-3619","post","type-post","status-publish","format-standard","hentry","category-aktualnosci","category-ogloszenia"],"_links":{"self":[{"href":"https:\/\/budy.przemyska.pl\/index.php\/wp-json\/wp\/v2\/posts\/3619","targetHints":{"allow":["GET"]}}],"collection":[{"href":"https:\/\/budy.przemyska.pl\/index.php\/wp-json\/wp\/v2\/posts"}],"about":[{"href":"https:\/\/budy.przemyska.pl\/index.php\/wp-json\/wp\/v2\/types\/post"}],"author":[{"embeddable":true,"href":"https:\/\/budy.przemyska.pl\/index.php\/wp-json\/wp\/v2\/users\/1"}],"replies":[{"embeddable":true,"href":"https:\/\/budy.przemyska.pl\/index.php\/wp-json\/wp\/v2\/comments?post=3619"}],"version-history":[{"count":0,"href":"https:\/\/budy.przemyska.pl\/index.php\/wp-json\/wp\/v2\/posts\/3619\/revisions"}],"wp:attachment":[{"href":"https:\/\/budy.przemyska.pl\/index.php\/wp-json\/wp\/v2\/media?parent=3619"}],"wp:term":[{"taxonomy":"category","embeddable":true,"href":"https:\/\/budy.przemyska.pl\/index.php\/wp-json\/wp\/v2\/categories?post=3619"},{"taxonomy":"post_tag","embeddable":true,"href":"https:\/\/budy.przemyska.pl\/index.php\/wp-json\/wp\/v2\/tags?post=3619"}],"curies":[{"name":"wp","href":"https:\/\/api.w.org\/{rel}","templated":true}]}}