{"id":3614,"date":"2023-04-02T06:52:33","date_gmt":"2023-04-02T04:52:33","guid":{"rendered":"http:\/\/www.budylancuckie.przemyska.pl\/?p=3614"},"modified":"2023-04-02T06:52:33","modified_gmt":"2023-04-02T04:52:33","slug":"ogloszenia-parafialne-2-kwiecien-2023","status":"publish","type":"post","link":"https:\/\/budy.przemyska.pl\/index.php\/2023\/04\/02\/ogloszenia-parafialne-2-kwiecien-2023\/","title":{"rendered":"Og\u0142oszenia parafialne 2 kwiecie\u0144 2023"},"content":{"rendered":"<h2 style=\"text-align: center;\"><strong><span style=\"color: rgb(0, 0, 128);\">Niedziela Palmowa &#8211; 02-04-2023<\/span><\/strong><\/h2>\n<h2 style=\"text-align: center;\"><strong><span style=\"color: rgb(0, 0, 128);\">Og\u0142oszenia<br \/>\n\t<\/span><\/strong><\/h2>\n<ol>\n<li>Dzi\u015b Niedziela Palmowa, po\u015bwiecenie palm na ka\u017cdej Mszy \u015bw. O godz. 15.00 Nabo\u017ce\u0144stwo Gorzkich \u017bali, a po Nim Msza \u015bw.<\/li>\n<li>Dzisiejsza Niedziela wprowadza nas w Wielki Tydzie\u0144 M\u0119ki Pa\u0144skiej.<\/li>\n<li>We wtorek odwiedziliby\u015bmy chorych, zar&oacute;wno tych kt&oacute;rzy korzystaj\u0105 z pos\u0142ugi w I pi\u0105tek miesi\u0105ca, jak i tych, kt&oacute;rzy korzystaj\u0105 z pos\u0142ugi z racji \u015awi\u0105t. Prosimy o zg\u0142aszanie chorych, ale tylko tych, kt&oacute;rzy prosz\u0105 o pos\u0142ug\u0119 na \u015awi\u0119ta. Pocz\u0105tek odwiedzin chorych od godz. 13.30.<br \/>\n\t\tR&oacute;wnie\u017c we wtorek po Mszy \u015bw. wieczornej rozpocznie si\u0119 Nabo\u017ce\u0144stwo Drogi Krzy\u017cowej, tradycyjnie tras\u0105, kt&oacute;r\u0105 idziemy w Uroczysto\u015b\u0107 Bo\u017cego Cia\u0142a. Bardzo prosz\u0119 naszych Stra\u017cak&oacute;w o pomoc w przygotowaniu oraz w zabezpieczeniu organizacji ruchu podczas Nabo\u017ce\u0144stwa. Serdecznie wszystkich zapraszamy.<\/li>\n<li>Od Wielkiego Czwartku rozpoczynamy w Ko\u015bciele prze\u017cywanie celebracji Triduum Paschalnego. Kulminacj\u0105 tej celebracji b\u0119dzie Niedziela Wielkanocna z procesj\u0105 Rezurekcyjn\u0105. Zechciejmy w te dni przyj\u015b\u0107 na Adoracj\u0119 Pana Jezusa w Ciemnicy i w Grobie.<\/li>\n<li>Wielki Czwartek &ndash; uroczysta Msza \u015bw. Wieczerzy Pa\u0144skiej o godz. 18.00. Po Mszy \u015bw. przeniesienie Naj\u015bwi\u0119tszego Sakramentu do Ciemnicy i adoracja do godz. 22.00.<\/li>\n<li>Wielki Pi\u0105tek &#8211; adoracja od godz. 07.00 -24.00, z przerw\u0105 na sprawowanie Liturgii M\u0119ki Pa\u0144skiej. O godz. 17.30 Droga Krzy\u017cowa, nast\u0119pnie sprawowana Liturgia z adoracj\u0105 Krzy\u017ca i przeniesieniem Pana Jezusa do Grobu. Od\u015bpiewamy trzy cz\u0119\u015bci Gorzkich \u017bali. W tym dniu rozpoczynamy r&oacute;wnie\u017c nowenn\u0119 do Mi\u0142osierdzia Bo\u017cego.<br \/>\n\t\tW Wielki Pi\u0105tek obowi\u0105zuje nas post \u015bcis\u0142y (2 posi\u0142ki lekkie, 1 do syta; bez mi\u0119sa). Jeste\u015bmy r&oacute;wnie\u017c zobowi\u0105zani do zachowania postu od spo\u017cywania mi\u0119sa w ka\u017cdy pi\u0105tek w ci\u0105gu roku.<\/li>\n<li>Wielka Sobota &ndash; adoracja od godz. 07.00 rano.<br \/>\n\t\t\u015awi\u0119cenie pokarm&oacute;w na st&oacute;\u0142 Wielkanocny; w ko\u015bciele &ndash; o godz.09.00, 11.00, 13.00. <br \/>\n\t\tNa Prawych Budach &ndash; o godz.10.00 &ndash; u p. Kluz&oacute;w; o 10.20 &ndash; u p. K\u0142os&oacute;w; o godz. 10.40 &ndash; w punkcie katechetycznym. <br \/>\n\t\tNa Lewych Budach &ndash; o godz. 11.30 &ndash; przy punkcie katechetycznym; o 12.00 &ndash; u p. Nawrot&oacute;w.<br \/>\n\t\tO godz. 19.00 rozpocz\u0119cie Liturgii Wigilii Paschalnej; po\u015bwi\u0119cenie ognia, pascha\u0142u &#8211; przynosimy ze sob\u0105 \u015bwiece &#8211; nast\u0119pnie uroczysta celebracja Eucharystii. Po Mszy \u015bw. nie b\u0119dzie ju\u017c adoracji. <br \/>\n\t\tProsimy o przygotowanie ko\u015bcio\u0142a na Wielkanoc.<\/li>\n<li>W Niedziel\u0119 Wielkanocn\u0105 &ndash; Msza \u015bw. rezurekcyjna o godz. 06.00 rano. Nast\u0119pne Msze \u015bw. w tym dniu o godz. 09.00 i 10.30.<\/li>\n<li>W Poniedzia\u0142ek Wielkanocny Msze \u015bw. o godz. 06.30, 08.00 i 10.30. Zar&oacute;wno na Wielkanoc, jak i w Poniedzia\u0142ek Wielkanocny, nie b\u0119dzie Mszy \u015bw. po po\u0142udniu.<\/li>\n<li>B&oacute;g zap\u0142a\u0107 za przygotowanie ko\u015bcio\u0142a na \u015awi\u0119ta i za ofiary sk\u0142adane na potrzeby parafii. .<\/li>\n<\/ol>\n<h3 style=\"text-align: center;\"><strong><span style=\"color: rgb(0, 0, 128);\">Intencje mszalne<\/span><\/strong><\/h3>\n<h4 style=\"text-align: center;\"><strong><span style=\"color: rgb(0, 0, 128);\">od 3 kwietnia 2023 do 9 kwietnia 2023<\/span><\/strong><\/h4>\n<h4>&nbsp;<\/h4>\n<h4><strong>Gdyby zbyt d\u0142ugi czas nie by\u0142a og\u0142oszona zam&oacute;wiona intencja mszalna &ndash; prosimy o zg\u0142oszenie tego kap\u0142anowi.&nbsp; Zam&oacute;wiona intencja nie mo\u017ce zgin\u0105\u0107.<br \/>\n\t<\/strong><\/h4>\n<p><u><strong>Poniedzia\u0142ek &#8211; 3 kwiecie\u0144<br \/>\n\t<\/strong><\/u>1. + Bogdan Szyma\u0144ski (greg.)<br \/>\n\t2. + B\u0142a\u017cej Kurek &ndash; od Radnych Powiatu \u0141a\u0144cuckiego <br \/>\n\t3. + Maria Bosak (1 r. \u015bm.) oraz zmarli rodzice i rodze\u0144stwo<\/p>\n<p><u><strong>Wtorek &#8211; 4 kwiecie\u0144<br \/>\n\t<\/strong><\/u>1. + Bogdan Szyma\u0144ski (greg.)<br \/>\n\t2. + Maria Bester &ndash; od syna Jerzego z rodzin\u0105<br \/>\n\t3. + W\u0142adys\u0142aw Gw&oacute;\u017ad\u017a &ndash; od syna Jerzego<\/p>\n<p><u><strong>\u015aroda &#8211; 5 kwiecie\u0144<br \/>\n\t<\/strong><\/u>1. + Bogdan Szyma\u0144ski (greg.)<br \/>\n\t2. + Maria Bester &ndash; z R&oacute;\u017cy \u015aw. Jadwigi \u015al\u0105skiej; od Heleny Golak <br \/>\n\t3. + Jan, J&oacute;zef, Maria Blok <\/p>\n<p><u><strong>Czwartek &#8211; 6 kwiecie\u0144<\/strong><\/u><br \/>\n\t1. + Bogdan Szyma\u0144ski (greg.) <br \/>\n\t2. + Marek Wota &ndash; od Heleny Golak i Andrzeja z rodzin\u0105 <br \/>\n\t3. + W\u0142adys\u0142aw i Karolina Wacnik &ndash; od syna i synowej <\/p>\n<p>\t<u><strong>Pi\u0105tek &#8211; 5 kwiecie\u0144<\/strong><\/u><br \/>\n\tWielki Pi\u0105tek<\/p>\n<p><u><strong>Sobota &#8211; 6 kwiecie\u0144<br \/>\n\t<\/strong><\/u>1. + Bogdan Szyma\u0144ski (greg.) <br \/>\n\t2. + Janina Golak i zmarli z rodziny<br \/>\n\t3. + Stefan Socha (3 r. \u015bm.) oraz zmarli rodzice i rodze\u0144stwo<br \/>\n\t4. + Stanis\u0142awa i Feliks Moli\u0144scy oraz zmarli rodzice<\/p>\n<p><u><strong>Niedziela &#8211; 7 kwiecie\u0144<br \/>\n\t<\/strong><\/u>06.00 Za parafian<br \/>\n\t06.00 + Bogdan Szyma\u0144ski (greg.)<br \/>\n\t06.00 + Zofia Wikiera oraz zmarli rodzice i te\u015bciowie &ndash; od m\u0119\u017ca Wies\u0142awa i dzieci<br \/>\n\t06.00 + Stefania, Franciszek Nowak i ich dzieci<br \/>\n\t09.00 + Zdzis\u0142aw Wota &ndash; od s\u0105siad&oacute;w z Krzy\u017c&oacute;wki<br \/>\n\t10.30 + Anna Jarosz (rocz. \u015bm.) oraz + Jan , Micha\u0142 Jarosz<\/p>\n<h3 style=\"text-align: center;\"><strong><span style=\"color: rgb(0, 0, 128);\">Modlitw\u0119 r&oacute;\u017ca\u0144cow\u0105 prowadz\u0105<\/span><\/strong><\/h3>\n<p>03. Pn. R&oacute;\u017ca \u015aw. Tomasza Aposto\u0142a &#8211; (Stanis\u0142aw \u015alimak)<br \/>\n\t04. Wt. R&oacute;\u017ca \u015aw. Andrzeja Aposto\u0142a &ndash; (J&oacute;zef M\u0105dry)<br \/>\n\t05. \u015ar. R&oacute;\u017ca \u015aw. Agaty &ndash; (Patrycja Por\u0119bna)<br \/>\n\t09. Nd. R&oacute;\u017ca \u015aw. Agnieszki &#8211; (Ma\u0142gorzata Markowicz) <br \/>\n\t<strong>Wyznaczona R&oacute;\u017ca jest proszona o prowadzenie modlitwy r&oacute;\u017ca\u0144cowej.<\/strong><\/p>\n<h3 style=\"text-align: center;\"><strong><span style=\"color: rgb(0, 0, 128);\">Adoracja R&oacute;\u017c R&oacute;\u017ca\u0144cowych<\/span><\/strong><\/h3>\n<p><strong>Wielki Czwartek<br \/>\n\t<\/strong><\/p>\n<p>19.00 &ndash; R&oacute;\u017ca \u015aw. Kingi; <br \/>\n\t20.00 &ndash; R&oacute;\u017ca \u015aw. Stanis\u0142awa Biskupa; <br \/>\n\t21.00 &ndash; Dzie\u0142o Pomocy Powo\u0142aniom i Akcja Katolicka.<\/p>\n<p><strong>Wielki Pi\u0105tek<br \/>\n\t<\/strong><\/p>\n<p>07.00 &ndash; R&oacute;\u017ca \u015aw. Heleny; <br \/>\n\t08.00 &ndash; R&oacute;\u017ca \u015aw. Teresy od Dzieciatka Jezus; <br \/>\n\t09.00 &ndash; R&oacute;\u017ca \u015aw. Cecylii; <br \/>\n\t10.00 &ndash; R&oacute;\u017ca \u015aw. Marii Goretti; <br \/>\n\t11.00 &ndash; R&oacute;\u017ca \u015aw. Marii Magdaleny; <br \/>\n\t12.00 &ndash; R&oacute;\u017ca \u015aw. Anny i R&oacute;\u017ca \u015aw. Marty; <br \/>\n\t13.00 &ndash; R&oacute;\u017ca \u015aw. Agaty; <br \/>\n\t14.00 &ndash; R&oacute;\u017ca \u015aw. Teresy Wielkiej ; <br \/>\n\t15.00 &ndash; R&oacute;\u017ca \u015aw. Klary; <br \/>\n\t16.00 &ndash; R&oacute;\u017ca \u015aw. Katarzyny; <br \/>\n\t17.00 &ndash; R&oacute;\u017ca \u015aw. Marii Ma\u0142gorzaty; <br \/>\n\t20.00 &ndash; R&oacute;\u017ca \u015aw. Franciszka z Asy\u017cu; <br \/>\n\t21.00 &ndash; KSM; <br \/>\n\t22.00 &ndash; Parafianie.<\/p>\n<p><strong>Wielka Sobota<br \/>\n\t<\/strong><\/p>\n<p>07.00 &ndash; R&oacute;\u017ca Matki Bo\u017cej R&oacute;\u017ca\u0144cowej; <br \/>\n\t08.00 &ndash; R&oacute;\u017ca \u015aw. Agnieszki; <br \/>\n\t09.00 &ndash; R&oacute;\u017ca \u015aw. El\u017cbiety; <br \/>\n\t10.00 &ndash; R&oacute;\u017ca \u015aw. Genowefy; <br \/>\n\t11.00 &ndash; R&oacute;\u017ca \u015aw. Jadwigi Kr&oacute;lowej; <br \/>\n\t12.00 &ndash; R&oacute;\u017ca \u015aw. Jadwigi \u015al\u0105skiej; <br \/>\n\t13.00 &#8211; R&oacute;\u017ca Matki Bo\u017cej Szkaplerznej; <br \/>\n\t14.00 &ndash; R&oacute;\u017ca \u015aw. Faustyny; <br \/>\n\t15.00 &ndash; R&oacute;\u017ca Matki Bo\u017cej Bolesnej; <br \/>\n\t16.00 &ndash; R&oacute;\u017ca \u015aw. Tomasza Aposto\u0142a; <br \/>\n\t17.00 &ndash; R&oacute;\u017ca \u015aw. Andrzeja Aposto\u0142a; <br \/>\n\t18.00 &ndash; R&oacute;\u017ca \u015aw. Zofii.<\/p>\n<p>&nbsp;<\/p>\n","protected":false},"excerpt":{"rendered":"<p>Niedziela Palmowa &#8211; 02-04-2023 Og\u0142oszenia Dzi\u015b Niedziela Palmowa, po\u015bwiecenie palm na ka\u017cdej Mszy \u015bw. O godz. 15.00 Nabo\u017ce\u0144stwo Gorzkich \u017bali, a po Nim Msza \u015bw. Dzisiejsza Niedziela wprowadza nas w &hellip; <a href=\"https:\/\/budy.przemyska.pl\/index.php\/2023\/04\/02\/ogloszenia-parafialne-2-kwiecien-2023\/\" class=\"more-link\">Czytaj dalej <span class=\"screen-reader-text\">Og\u0142oszenia parafialne 2 kwiecie\u0144 2023<\/span> <span class=\"meta-nav\">&rarr;<\/span><\/a><\/p>\n","protected":false},"author":1,"featured_media":0,"comment_status":"closed","ping_status":"closed","sticky":false,"template":"","format":"standard","meta":{"footnotes":""},"categories":[6,4],"tags":[],"class_list":["post-3614","post","type-post","status-publish","format-standard","hentry","category-aktualnosci","category-ogloszenia"],"_links":{"self":[{"href":"https:\/\/budy.przemyska.pl\/index.php\/wp-json\/wp\/v2\/posts\/3614","targetHints":{"allow":["GET"]}}],"collection":[{"href":"https:\/\/budy.przemyska.pl\/index.php\/wp-json\/wp\/v2\/posts"}],"about":[{"href":"https:\/\/budy.przemyska.pl\/index.php\/wp-json\/wp\/v2\/types\/post"}],"author":[{"embeddable":true,"href":"https:\/\/budy.przemyska.pl\/index.php\/wp-json\/wp\/v2\/users\/1"}],"replies":[{"embeddable":true,"href":"https:\/\/budy.przemyska.pl\/index.php\/wp-json\/wp\/v2\/comments?post=3614"}],"version-history":[{"count":0,"href":"https:\/\/budy.przemyska.pl\/index.php\/wp-json\/wp\/v2\/posts\/3614\/revisions"}],"wp:attachment":[{"href":"https:\/\/budy.przemyska.pl\/index.php\/wp-json\/wp\/v2\/media?parent=3614"}],"wp:term":[{"taxonomy":"category","embeddable":true,"href":"https:\/\/budy.przemyska.pl\/index.php\/wp-json\/wp\/v2\/categories?post=3614"},{"taxonomy":"post_tag","embeddable":true,"href":"https:\/\/budy.przemyska.pl\/index.php\/wp-json\/wp\/v2\/tags?post=3614"}],"curies":[{"name":"wp","href":"https:\/\/api.w.org\/{rel}","templated":true}]}}