{"id":3612,"date":"2023-03-25T15:59:05","date_gmt":"2023-03-25T14:59:05","guid":{"rendered":"http:\/\/www.budylancuckie.przemyska.pl\/?p=3612"},"modified":"2023-03-25T15:59:05","modified_gmt":"2023-03-25T14:59:05","slug":"ogloszenia-parafialne-26-marzec-2023","status":"publish","type":"post","link":"https:\/\/budy.przemyska.pl\/index.php\/2023\/03\/25\/ogloszenia-parafialne-26-marzec-2023\/","title":{"rendered":"Og\u0142oszenia parafialne 26 marzec 2023"},"content":{"rendered":"<h2 style=\"text-align: center;\"><strong><span style=\"color: rgb(0, 0, 128);\">V Niedziela Wielkiego Postu &#8211; 26-03-2023<\/span><\/strong><\/h2>\n<h2 style=\"text-align: center;\"><strong><span style=\"color: rgb(0, 0, 128);\">Og\u0142oszenia<br \/>\n\t<\/span><\/strong><\/h2>\n<ol>\n<li>&nbsp;Dzi\u015b o godz. 15.00 Nabo\u017ce\u0144stwo Gorzkich \u017bali, a potem Msza \u015bw.<\/li>\n<li>Od poniedzia\u0142ku Msza \u015bw. codziennie o godz. 18.00.<\/li>\n<li>W czwartek Adoracja Naj\u015bwi\u0119tszego Sakramentu od godziny 17.00. <\/li>\n<li>W pi\u0105tek Droga Krzy\u017cowa o godz. 18.00, a potem Msza \u015bw. O godz. 20.00 Droga Krzy\u017cowa prowadzona przez m\u0142odzie\u017c. Bardzo serdecznie zapraszamy wszystkich parafian do udzia\u0142u w Nabo\u017ce\u0144stwach Wielkopostnych. <\/li>\n<li>W tym tygodniu wypada I sobota miesi\u0105ca. Czcimy Niepokalane Serce NMP. O godz. 18.00 Msza \u015bw. z kazaniem, po Niej Nabo\u017ce\u0144stwo R&oacute;\u017ca\u0144cowe, procesja z figur\u0105 Matki Bo\u017cej Fatimskiej oraz zmiana tajemnic r&oacute;\u017ca\u0144cowych. <\/li>\n<li>Dzi\u015b o godz. 16.30 planowana jest pr&oacute;ba musztry dla Turk&oacute;w. Jeszcze raz ponawiam serdeczn\u0105 pro\u015bb\u0119 o w\u0142\u0105czenie si\u0119 do tej zaszczytnej s\u0142u\u017cby przy Bo\u017cym Grobie. Jest r&oacute;wnie\u017c pro\u015bba, aby parafianie , kt&oacute;rzy maj\u0105 w swoich domach jakie\u015b elementy umundurowania, tj. szable, czapki, pagony, szarfy &ndash; przekazali je lub wypo\u017cyczyli dla nowych cz\u0142onk&oacute;w Oddzia\u0142u. W tej sprawie prosz\u0119 o kontakt z p. Maciejem Bia\u0142ym lub p. Mieczys\u0142awem \u017bakiem. <\/li>\n<li>W najbli\u017cszy pi\u0105tek (31 marca) po zako\u0144czeniu obydwu Dr&oacute;g Krzy\u017cowych, opr&oacute;cz ostatnich naklejek, rozdawane b\u0119d\u0105 drobne upominki dzieciom, kt&oacute;re uczestniczy\u0142y w tych Nabo\u017ce\u0144stwach. <\/li>\n<li>Parafianie z Korniaktowa Po\u0142udniowego zapraszaj\u0105 na plenerowe Misterium M\u0119ki Pa\u0144skiej. B\u0119dzie ono mia\u0142o miejsce W Niedziel\u0119 Palmow\u0105 (2 kwietnia) o godz. 18.00 obok Ko\u015bcio\u0142a i Domu Kultury. <\/li>\n<li>Za tydzie\u0144 b\u0119dziemy prze\u017cywa\u0107 ju\u017c Niedziel\u0119 Palmow\u0105. <\/li>\n<li>Serdeczne B&oacute;g zap\u0142a\u0107 dla os&oacute;b sprz\u0105taj\u0105cych ko\u015bci&oacute;\u0142 oraz za wszystkie ofiary sk\u0142adane na potrzeby parafii.<\/li>\n<\/ol>\n<h3 style=\"text-align: center;\"><strong><span style=\"color: rgb(0, 0, 128);\">Intencje mszalne<\/span><\/strong><\/h3>\n<h4 style=\"text-align: center;\"><strong><span style=\"color: rgb(0, 0, 128);\">od 27 marca 2023 do 2 kwietnia 2023<\/span><\/strong><\/h4>\n<h4>&nbsp;<\/h4>\n<h4><strong>Gdyby zbyt d\u0142ugi czas nie by\u0142a og\u0142oszona zam&oacute;wiona intencja mszalna &ndash; prosimy o zg\u0142oszenie tego kap\u0142anowi.&nbsp; Zam&oacute;wiona intencja nie mo\u017ce zgin\u0105\u0107.<br \/>\n\t<\/strong><\/h4>\n<p><u><strong>Poniedzia\u0142ek &#8211; 27 marzec<br \/>\n\t<\/strong><\/u>1. + Stanis\u0142awa Marek (greg.) <br \/>\n\t2. + Stefan Bartnik &ndash; od swata Jana Kojder <br \/>\n\t3. + Za zmar\u0142ych z rodzin: Bartnik&oacute;w, Bosak&oacute;w, Benedyk&oacute;w<\/p>\n<p><u><strong>Wtorek &#8211; 28 marzec<br \/>\n\t<\/strong><\/u>1. + Stanis\u0142awa Marek (greg.) <br \/>\n\t2. + Magdalena, Stanis\u0142aw, Arkadiusz Sanok <br \/>\n\t3. W intencji Panu Bogu wiadomej &ndash; od Babci<\/p>\n<p><u><strong>\u015aroda &#8211; 29 marzec<br \/>\n\t<\/strong><\/u>1. + Stanis\u0142awa Marek (greg.)<br \/>\n\t2. + Maria Bester &ndash; od Heleny i Tadeusza Walankiewicz <br \/>\n\t3. + Maria, Bronis\u0142aw Wacnik oraz + \u0141ukasz Kojder<\/p>\n<p><u><strong>Czwartek &#8211; 30 marzec<\/strong><\/u><br \/>\n\t1. + Stanis\u0142awa Marek (zak. greg.) <br \/>\n\t2. + Stefan Bartnik &ndash; od Piotra Kojder z rodzin\u0105<br \/>\n\t3. + Zdzis\u0142aw Marek Wota &ndash; od s\u0105siad&oacute;w Szlachta<\/p>\n<p>\t<u><strong>Pi\u0105tek &#8211; 31 marzec<\/strong><\/u><br \/>\n\t1. + Bogdan Szyma\u0144ski (pocz. greg.)<br \/>\n\t2. + B\u0142a\u017cej Kurek &ndash; od Radnych Powiatu \u0141a\u0144cuckiego<br \/>\n\t3. + J&oacute;zef (rocz. \u015bm.), W\u0142adys\u0142awa Kurek oraz&nbsp; + Maria, Antoni, Maria Golenia<\/p>\n<p><u><strong>Sobota &#8211; 1 kwiecie\u0144<br \/>\n\t<\/strong><\/u>1. + Bogdan Szyma\u0144ski (greg.)<br \/>\n\t2. + Stefan Bartnik &ndash; od Mirki i Wojtka Mazur z rodzin\u0105<br \/>\n\t3. + Franciszek, Emilia, Tadeusz Mach<\/p>\n<p><u><strong>Niedziela &#8211; 2 kwiecie\u0144<br \/>\n\t<\/strong><\/u>06.30 + Zdzis\u0142aw Wota &ndash; od koleg&oacute;w z pracy syna Wojtka<br \/>\n\t08.00 + Walenty, Maria Bo\u017cek<br \/>\n\t08.00 O zdrowie i b\u0142ogos\u0142awie\u0144stwo Bo\u017ce dla Stanis\u0142awa Benedyk &ndash; od \u017cony Emilii<br \/>\n\t10.30 Za parafian<br \/>\n\t15.45 + Bogdan Szyma\u0144ski (greg.)<\/p>\n<h3 style=\"text-align: center;\"><strong><span style=\"color: rgb(0, 0, 128);\">Modlitw\u0119 r&oacute;\u017ca\u0144cow\u0105 prowadz\u0105<\/span><\/strong><\/h3>\n<p>27. Pn. R&oacute;\u017ca Matki Bo\u017cej R&oacute;\u017ca\u0144cowej &ndash; (Zofia \u015awizdor) <br \/>\n\t28. Wt. R&oacute;\u017ca Matki Bo\u017cej Szkaplerznej &ndash; (Maria K\u0142os) <br \/>\n\t29. \u015ar. R&oacute;\u017ca \u015aw. Stanis\u0142awa Biskupa &ndash; (Franciszek Bartnik) <br \/>\n\t30. Cz. R&oacute;\u017ca \u015aw. Teresy od Dzieciatka Jezus &ndash; (Dorota Dzierga) <br \/>\n\t31. Pt. KSM <br \/>\n\t01. Sb. Kap\u0142an <br \/>\n\t02. Nd. R&oacute;\u017ca \u015aw. Teresy Wielkiej &#8211; (Zofia Wierzbicka)&nbsp; <br \/>\n\t<strong>Wyznaczona R&oacute;\u017ca jest proszona o prowadzenie modlitwy r&oacute;\u017ca\u0144cowej.<\/strong><\/p>\n","protected":false},"excerpt":{"rendered":"<p>V Niedziela Wielkiego Postu &#8211; 26-03-2023 Og\u0142oszenia &nbsp;Dzi\u015b o godz. 15.00 Nabo\u017ce\u0144stwo Gorzkich \u017bali, a potem Msza \u015bw. Od poniedzia\u0142ku Msza \u015bw. codziennie o godz. 18.00. W czwartek Adoracja Naj\u015bwi\u0119tszego &hellip; <a href=\"https:\/\/budy.przemyska.pl\/index.php\/2023\/03\/25\/ogloszenia-parafialne-26-marzec-2023\/\" class=\"more-link\">Czytaj dalej <span class=\"screen-reader-text\">Og\u0142oszenia parafialne 26 marzec 2023<\/span> <span class=\"meta-nav\">&rarr;<\/span><\/a><\/p>\n","protected":false},"author":1,"featured_media":0,"comment_status":"closed","ping_status":"closed","sticky":false,"template":"","format":"standard","meta":{"footnotes":""},"categories":[6,4],"tags":[],"class_list":["post-3612","post","type-post","status-publish","format-standard","hentry","category-aktualnosci","category-ogloszenia"],"_links":{"self":[{"href":"https:\/\/budy.przemyska.pl\/index.php\/wp-json\/wp\/v2\/posts\/3612","targetHints":{"allow":["GET"]}}],"collection":[{"href":"https:\/\/budy.przemyska.pl\/index.php\/wp-json\/wp\/v2\/posts"}],"about":[{"href":"https:\/\/budy.przemyska.pl\/index.php\/wp-json\/wp\/v2\/types\/post"}],"author":[{"embeddable":true,"href":"https:\/\/budy.przemyska.pl\/index.php\/wp-json\/wp\/v2\/users\/1"}],"replies":[{"embeddable":true,"href":"https:\/\/budy.przemyska.pl\/index.php\/wp-json\/wp\/v2\/comments?post=3612"}],"version-history":[{"count":0,"href":"https:\/\/budy.przemyska.pl\/index.php\/wp-json\/wp\/v2\/posts\/3612\/revisions"}],"wp:attachment":[{"href":"https:\/\/budy.przemyska.pl\/index.php\/wp-json\/wp\/v2\/media?parent=3612"}],"wp:term":[{"taxonomy":"category","embeddable":true,"href":"https:\/\/budy.przemyska.pl\/index.php\/wp-json\/wp\/v2\/categories?post=3612"},{"taxonomy":"post_tag","embeddable":true,"href":"https:\/\/budy.przemyska.pl\/index.php\/wp-json\/wp\/v2\/tags?post=3612"}],"curies":[{"name":"wp","href":"https:\/\/api.w.org\/{rel}","templated":true}]}}