{"id":3606,"date":"2023-03-19T10:26:52","date_gmt":"2023-03-19T09:26:52","guid":{"rendered":"http:\/\/www.budylancuckie.przemyska.pl\/?p=3606"},"modified":"2023-03-19T10:26:52","modified_gmt":"2023-03-19T09:26:52","slug":"ogloszenia-parafialne-19-marzec-2023","status":"publish","type":"post","link":"https:\/\/budy.przemyska.pl\/index.php\/2023\/03\/19\/ogloszenia-parafialne-19-marzec-2023\/","title":{"rendered":"Og\u0142oszenia parafialne 19 marzec 2023"},"content":{"rendered":"<h2 style=\"text-align: center;\"><strong><span style=\"color: rgb(0, 0, 128);\">IV Niedziela Wielkiego Postu &#8211; 19-03-2023<\/span><\/strong><\/h2>\n<h2 style=\"text-align: center;\"><strong><span style=\"color: rgb(0, 0, 128);\">Og\u0142oszenia<br \/>\n\t<\/span><\/strong><\/h2>\n<ol>\n<li>Dzi\u015b o godz. 15.00 Nabo\u017ce\u0144stwo Gorzkich \u017bali, a potem Msza \u015bw.<\/li>\n<li>W poniedzia\u0142ek wypada &#8211; przeniesiona z niedzieli &#8211; Uroczysto\u015b\u0107 \u015bw. J&oacute;zefa, Oblubie\u0144ca NMP.<\/li>\n<li>W czwartek rozpoczynamy nasze Parafialne Rekolekcje Wielkopostne. Program Rekolekcji umieszczony jest w obecnym wydaniu gazetki parafialnej, jak te\u017c w gablocie, i na stronie internetowej parafii. Zechciejmy skorzysta\u0107 z tego szczeg&oacute;lnego czasu, w ci\u0105gu ca\u0142ego roku, z mo\u017cliwo\u015bci s\u0142uchania S\u0142owa Bo\u017cego, kt&oacute;re ma t\u0119 wewn\u0119trzn\u0105 moc przemiany naszego \u017cycia. Serdecznie wszystkich zapraszamy. Rekolekcje b\u0119dzie g\u0142osi\u0142 &#8211; jak ju\u017c by\u0142o zapowiadane &#8211; ks. dr Jan Szczych z par. Lubie\u0144 Wielki na Ukrainie. <\/li>\n<li>W czwartek r&oacute;wnie\u017c adoracja Naj\u015bwi\u0119tszego Sakramentu od godziny 16.00. <\/li>\n<li>W sobot\u0119, z racji Uroczysto\u015bci Zwiastowania Pa\u0144skiego, b\u0119dziemy prze\u017cywa\u0107 nasz\u0105 doroczn\u0105 Uroczysto\u015b\u0107 Odpustow\u0105. G\u0142&oacute;wna Msza \u015bw. Odpustowa o godz. 11.00. W tym dniu r&oacute;wnie\u017c Spowied\u017a \u015bw. Wielkopostna. Dobrze zaplanujmy czas Spowiedzi \u015bw., gdy\u017c p&oacute;\u017aniej nie b\u0119dzie ju\u017c tak dogodnej mo\u017cliwo\u015bci skorzystania z Sakramentu Pojednania, dlatego \u017ce, b\u0119dziemy spowiada\u0107 w innych parafiach naszego dekanatu. W dniu dzisiejszym modlimy si\u0119 r&oacute;wnie\u017c o ochron\u0119 ludzkiego \u017cycia od chwili pocz\u0119cia a\u017c do naturalnej \u015bmierci, z racji Dnia \u015awi\u0119to\u015bci \u017bycia. <\/li>\n<li>Dzisiaj po Gorzkich \u017balach i Mszy \u015bw. popo\u0142udniowej, musztra do naszych Turk&oacute;w. Jeszcze raz serdecznie zapraszamy. <\/li>\n<li>Zwracam si\u0119 z gor\u0105c\u0105 pro\u015bb\u0105, aby\u015bmy porz\u0105dkuj\u0105c groby naszych bliskich przed \u015awi\u0119tami, zwracali szczeg&oacute;ln\u0105 uwag\u0119 na segregacj\u0119 wszelkich odpad&oacute;w. Bardzo prosz\u0119 o dobre zrozumienie tego apelu, bowiem umo\u017cliwi to sprawny wyw&oacute;z \u015bmieci z naszego cmentarza i oszcz\u0119dzi niewdzi\u0119cznej pracy tym, kt&oacute;rzy dbaj\u0105 o porz\u0105dek i czysto\u015b\u0107 na cmentarzu. <\/li>\n<li>Serdeczne B&oacute;g zap\u0142a\u0107 dla os&oacute;b sprz\u0105taj\u0105cych ko\u015bci&oacute;\u0142 oraz za wszystkie ofiary sk\u0142adane na potrzeby parafii.<\/li>\n<\/ol>\n<h3 style=\"text-align: center;\"><strong><span style=\"color: rgb(0, 0, 128);\">Intencje mszalne<\/span><\/strong><\/h3>\n<h4 style=\"text-align: center;\"><strong><span style=\"color: rgb(0, 0, 128);\">od 20 marca 2023 do 26 marca 2023<\/span><\/strong><\/h4>\n<h4>&nbsp;<\/h4>\n<h4><strong>Gdyby zbyt d\u0142ugi czas nie by\u0142a og\u0142oszona zam&oacute;wiona intencja mszalna &ndash; prosimy o zg\u0142oszenie tego kap\u0142anowi.&nbsp; Zam&oacute;wiona intencja nie mo\u017ce zgin\u0105\u0107.<br \/>\n\t<\/strong><\/h4>\n<p><u><strong>Poniedzia\u0142ek &#8211; 20 marzec<br \/>\n\t<\/strong><\/u>1. + Stanis\u0142awa Marek (greg.) <br \/>\n\t2. + Wies\u0142aw Baran &ndash; od r. Mach&oacute;w, Rydz&oacute;w, Rachwa\u0142&oacute;w <br \/>\n\t3. + J&oacute;zef Rupar<\/p>\n<p><u><strong>Wtorek &#8211; 21 marzec<br \/>\n\t<\/strong><\/u>1. + Stanis\u0142awa Marek (greg.) <br \/>\n\t2. + Stefan Bartnik &ndash; od Rady So\u0142eckiej <br \/>\n\t3. + W\u0142adys\u0142aw Gw&oacute;\u017ad\u017a &ndash; od c&oacute;rki Agnieszki z rodzin\u0105<\/p>\n<p><u><strong>\u015aroda &#8211; 22 marzec<br \/>\n\t<\/strong><\/u>1. + Stanis\u0142awa Marek (greg.)<br \/>\n\t2. + Stefan Bartnik &ndash; od s\u0105siad&oacute;w Blok&oacute;w<br \/>\n\t3. + O. Bogus\u0142aw Golak (r. \u015bm.) oraz rodzice i rodze\u0144stwo<\/p>\n<p><u><strong>Czwartek &#8211; 23 marzec<\/strong><\/u><br \/>\n\t07.30 + Stanis\u0142awa Marek (greg.) <br \/>\n\t09.00 + B\u0142a\u017cej Kurek od Zarz\u0105du Powiatu \u0141a\u0144cuckiego <br \/>\n\t17.00 + Antonina, Teresa, Weronika, Franciszek Harpula<br \/>\n\t17.00 + Helena i Roman Stafiej&nbsp; <\/p>\n<p>\t<u><strong>Pi\u0105tek &#8211; 24 marzec<\/strong><\/u><br \/>\n\t09.00 + Stanis\u0142awa Marek (greg.)<br \/>\n\t09.00 + Marek Wota &ndash; od Marii i Zofii Harpula <br \/>\n\t17.00 + Maria Bester &ndash; koleg&oacute;w i kole\u017c. z Apteki R&oacute;\u017canej<br \/>\n\t17.00 + Maria, Franciszek Machniak <\/p>\n<p><u><strong>Sobota &#8211; 25 marzec<br \/>\n\t<\/strong><\/u>07.00 + Stanis\u0142awa Marek (greg.) <br \/>\n\t07.00 + Janina Dyrda &#8211; w rocznic\u0119 \u015bmierci <br \/>\n\t11.00 Za parafian<br \/>\n\t11.00 + Ks. Bogdan Kupczyk &ndash; od parafian<br \/>\n\t11.00 + Jan Janusz i Zbigniew Szular<\/p>\n<p><u><strong>Niedziela &#8211; 26 marzec<br \/>\n\t<\/strong><\/u>06.30 + Maria Bester &ndash; od Heleny Rupar z rodzin\u0105 <br \/>\n\t08.00 + Agata Por\u0119bna, Andrzej Por\u0119bny, Marian Podsiadlik<br \/>\n\t08.00 + Michalina Stafiej &ndash; rocznica \u015bmierci <br \/>\n\t10.30 Za parafian<br \/>\n\t15.45 + Stanis\u0142awa Marek (greg.)<\/p>\n<h3 style=\"text-align: center;\"><strong><span style=\"color: rgb(0, 0, 128);\">Modlitw\u0119 r&oacute;\u017ca\u0144cow\u0105 prowadz\u0105<\/span><\/strong><\/h3>\n<p>20. Pn. R&oacute;\u017ca \u015aw. Kingi &ndash; (El\u017cbieta Wacnik) <br \/>\n\t21. Wt. R&oacute;\u017ca \u015aw. Marii Magdaleny &ndash; (Janina Rachwa\u0142) <br \/>\n\t22. \u015ar. R&oacute;\u017ca \u015aw. Marii Goretti &ndash; (El\u017cbieta Kukulska) <br \/>\n\t23. Cz. R&oacute;\u017ca \u015aw. Marty &ndash; (Czes\u0142awa Por\u0119bna) <br \/>\n\t24. Pt. KSM <br \/>\n\t25. Sb. R&oacute;\u017ca \u015aw. Jadwigi \u015al\u0105skiej &ndash; (Edyta Wal) <br \/>\n\t26. Nd. R&oacute;\u017ca \u015aw. Matki Bo\u017cej Bolesnej &#8211; (Krystyna Szostek) <br \/>\n\t<strong>Wyznaczona R&oacute;\u017ca jest proszona o prowadzenie modlitwy r&oacute;\u017ca\u0144cowej.<\/strong><\/p>\n","protected":false},"excerpt":{"rendered":"<p>IV Niedziela Wielkiego Postu &#8211; 19-03-2023 Og\u0142oszenia Dzi\u015b o godz. 15.00 Nabo\u017ce\u0144stwo Gorzkich \u017bali, a potem Msza \u015bw. W poniedzia\u0142ek wypada &#8211; przeniesiona z niedzieli &#8211; Uroczysto\u015b\u0107 \u015bw. J&oacute;zefa, Oblubie\u0144ca &hellip; <a href=\"https:\/\/budy.przemyska.pl\/index.php\/2023\/03\/19\/ogloszenia-parafialne-19-marzec-2023\/\" class=\"more-link\">Czytaj dalej <span class=\"screen-reader-text\">Og\u0142oszenia parafialne 19 marzec 2023<\/span> <span class=\"meta-nav\">&rarr;<\/span><\/a><\/p>\n","protected":false},"author":1,"featured_media":0,"comment_status":"closed","ping_status":"closed","sticky":false,"template":"","format":"standard","meta":{"footnotes":""},"categories":[6,4],"tags":[],"class_list":["post-3606","post","type-post","status-publish","format-standard","hentry","category-aktualnosci","category-ogloszenia"],"_links":{"self":[{"href":"https:\/\/budy.przemyska.pl\/index.php\/wp-json\/wp\/v2\/posts\/3606","targetHints":{"allow":["GET"]}}],"collection":[{"href":"https:\/\/budy.przemyska.pl\/index.php\/wp-json\/wp\/v2\/posts"}],"about":[{"href":"https:\/\/budy.przemyska.pl\/index.php\/wp-json\/wp\/v2\/types\/post"}],"author":[{"embeddable":true,"href":"https:\/\/budy.przemyska.pl\/index.php\/wp-json\/wp\/v2\/users\/1"}],"replies":[{"embeddable":true,"href":"https:\/\/budy.przemyska.pl\/index.php\/wp-json\/wp\/v2\/comments?post=3606"}],"version-history":[{"count":0,"href":"https:\/\/budy.przemyska.pl\/index.php\/wp-json\/wp\/v2\/posts\/3606\/revisions"}],"wp:attachment":[{"href":"https:\/\/budy.przemyska.pl\/index.php\/wp-json\/wp\/v2\/media?parent=3606"}],"wp:term":[{"taxonomy":"category","embeddable":true,"href":"https:\/\/budy.przemyska.pl\/index.php\/wp-json\/wp\/v2\/categories?post=3606"},{"taxonomy":"post_tag","embeddable":true,"href":"https:\/\/budy.przemyska.pl\/index.php\/wp-json\/wp\/v2\/tags?post=3606"}],"curies":[{"name":"wp","href":"https:\/\/api.w.org\/{rel}","templated":true}]}}