{"id":3604,"date":"2023-03-12T07:03:41","date_gmt":"2023-03-12T06:03:41","guid":{"rendered":"http:\/\/www.budylancuckie.przemyska.pl\/?p=3604"},"modified":"2023-03-12T07:03:41","modified_gmt":"2023-03-12T06:03:41","slug":"ogloszenia-parafialne-12-marzec-2023","status":"publish","type":"post","link":"https:\/\/budy.przemyska.pl\/index.php\/2023\/03\/12\/ogloszenia-parafialne-12-marzec-2023\/","title":{"rendered":"Og\u0142oszenia parafialne 12 marzec 2023"},"content":{"rendered":"<h2 style=\"text-align: center;\"><strong><span style=\"color: rgb(0, 0, 128);\">III Niedziela Wielkiego Postu &#8211; 12-03-2023<\/span><\/strong><\/h2>\n<h2 style=\"text-align: center;\"><strong><span style=\"color: rgb(0, 0, 128);\">Og\u0142oszenia<br \/>\n\t<\/span><\/strong><\/h2>\n<ol>\n<li>Dzi\u015b o godz. 15.00 Nabo\u017ce\u0144stwo Gorzkich \u017bali, a potem Msza \u015bw.<\/li>\n<li>W czwartek adoracja Naj\u015bwi\u0119tszego Sakramentu od godziny 16.00. Po Mszy \u015bw. spotkanie dla uczni&oacute;w klas VIII przygotowuj\u0105cych si\u0119 do Sakramentu Bierzmowania.<\/li>\n<li>Ju\u017c w przysz\u0142ym tygodniu b\u0119dziemy prze\u017cywa\u0107 nasze Wielkopostne Rekolekcje. W codziennej modlitwie r&oacute;\u017ca\u0144cowej, a tak\u017ce w naszych osobistych modlitwach, pro\u015bmy Pana Boga, o \u0142ask\u0119 dobrych owoc&oacute;w naszych parafialnych Rekolekcji.<\/li>\n<li>W pi\u0105tek Droga Krzy\u017cowa o godz. 17.00, a potem Msza \u015bw. O 19.30 &#8211; Droga Krzy\u017cowa przygotowywana przez m\u0142odzie\u017c z KSM-u. <\/li>\n<li>Serdecznie zapraszamy do udzia\u0142u w Nabo\u017ce\u0144stwach wielkopostnych. <\/li>\n<li>Za tydzie\u0144 III niedziela miesi\u0105ca. W naszej parafii sk\u0142adka na przysz\u0142e inwestycje. <\/li>\n<li>Serdeczne B&oacute;g zap\u0142a\u0107 dla os&oacute;b sprz\u0105taj\u0105cych ko\u015bci&oacute;\u0142 oraz za wszystkie ofiary sk\u0142adane na potrzeby parafii.<\/li>\n<\/ol>\n<h3 style=\"text-align: center;\"><strong><span style=\"color: rgb(0, 0, 128);\">Intencje mszalne<\/span><\/strong><\/h3>\n<h4 style=\"text-align: center;\"><strong><span style=\"color: rgb(0, 0, 128);\">od 13 marca 2023 do 19 marca 2023<\/span><\/strong><\/h4>\n<h4>&nbsp;<\/h4>\n<h4><strong>Gdyby zbyt d\u0142ugi czas nie by\u0142a og\u0142oszona zam&oacute;wiona intencja mszalna &ndash; prosimy o zg\u0142oszenie tego kap\u0142anowi.&nbsp; Zam&oacute;wiona intencja nie mo\u017ce zgin\u0105\u0107.<br \/>\n\t<\/strong><\/h4>\n<p><u><strong>Poniedzia\u0142ek &#8211; 13 marzec<br \/>\n\t<\/strong><\/u>1. + Stanis\u0142awa Marek (greg.) <br \/>\n\t2. + Stefan Bartnik &ndash; od rodziny Szyszk&oacute;w <br \/>\n\t3. + Joanna, Stanis\u0142aw Dr\u0105\u017cek i zmarli rodzice<\/p>\n<p><u><strong>Wtorek &#8211; 14 marzec<br \/>\n\t<\/strong><\/u>1. + Stanis\u0142awa Marek (greg.) <br \/>\n\t2. + Marian Kr&oacute;l &ndash; od swatowej Aliny <br \/>\n\t3. + Emilia Kojder &ndash; od c&oacute;rki z rodzin\u0105<\/p>\n<p><u><strong>\u015aroda &#8211; 15 marzec<br \/>\n\t<\/strong><\/u>1. + Stanis\u0142awa Marek (greg.)<br \/>\n\t2. + Wies\u0142aw Baran &ndash; od rodziny Cebulak i Kojder<br \/>\n\t3. + Blok Maria, J&oacute;zef, Jan, Stanis\u0142aw<\/p>\n<p><u><strong>Czwartek &#8211; 16 marzec<\/strong><\/u><br \/>\n\t1. + Stanis\u0142awa Marek (greg.) <br \/>\n\t2. + Edward Szostek oraz zmarli rodzice<br \/>\n\t3. + Emilia i Aleksander Kojder i zmarli z rodziny <\/p>\n<p>\t<u><strong>Pi\u0105tek &#8211; 17 marzec<\/strong><\/u><br \/>\n\t1. + Stanis\u0142awa Marek (greg.)<br \/>\n\t2. + Maria Bester &ndash; od Agaty i Jana Chmura<br \/>\n\t3. + Jakub Rupar<\/p>\n<p><u><strong>Sobota &#8211; 18 marzec<br \/>\n\t<\/strong><\/u>1. + Stanis\u0142awa Marek (greg.) <br \/>\n\t2. + Marian Kr&oacute;l &ndash; od Beaty, Zygmunta, Kamila i Wojtka<br \/>\n\t3. + W\u0142adys\u0142aw Gw&oacute;\u017ad\u017a &ndash; od c&oacute;rki Ma\u0142gorzaty z rodzin\u0105<\/p>\n<p><u><strong>Niedziela &#8211; 19 marzec<br \/>\n\t<\/strong><\/u>06.30 + Emilia Kojder &ndash; od rodziny Cebula i Dr\u0105\u017cek<br \/>\n\t08.00 + Stefan Bartnik &ndash; od s\u0105siad&oacute;w: Mac, Baran, Bartnik<br \/>\n\t08.00 + Paulina i Franciszek Bosak oraz zmarli z rodziny<br \/>\n\t10.30 Za parafian<br \/>\n\t15.45 + Stanis\u0142awa Marek (greg.)<\/p>\n<h3 style=\"text-align: center;\"><strong><span style=\"color: rgb(0, 0, 128);\">Modlitw\u0119 r&oacute;\u017ca\u0144cow\u0105 prowadz\u0105<\/span><\/strong><\/h3>\n<p>13. Pn. R&oacute;\u017ca \u015aw. Faustyny &ndash; (Eugenia \u015awizdor) <br \/>\n\t14. Wt. R&oacute;\u017ca \u015aw. Genowefy &ndash; (Genowefa Dr\u0105\u017cek) <br \/>\n\t15. \u015ar. R&oacute;\u017ca \u015aw. Jadwigi Kr&oacute;lowej &ndash; (Halina Dyrda) <br \/>\n\t16. Cz. R&oacute;\u017ca \u015aw. Heleny &ndash; (Helena Dyrda) <br \/>\n\t17. Pt. KSM <br \/>\n\t18. Sb. R&oacute;\u017ca \u015aw. Katarzyny &ndash; (Anna Kurek) <br \/>\n\t19. Nd. R&oacute;\u017ca \u015aw. Klary &#8211; (Teresa G\u0142owiak) <br \/>\n\t<strong>Wyznaczona R&oacute;\u017ca jest proszona o prowadzenie modlitwy r&oacute;\u017ca\u0144cowej.<\/strong><\/p>\n","protected":false},"excerpt":{"rendered":"<p>III Niedziela Wielkiego Postu &#8211; 12-03-2023 Og\u0142oszenia Dzi\u015b o godz. 15.00 Nabo\u017ce\u0144stwo Gorzkich \u017bali, a potem Msza \u015bw. W czwartek adoracja Naj\u015bwi\u0119tszego Sakramentu od godziny 16.00. Po Mszy \u015bw. spotkanie &hellip; <a href=\"https:\/\/budy.przemyska.pl\/index.php\/2023\/03\/12\/ogloszenia-parafialne-12-marzec-2023\/\" class=\"more-link\">Czytaj dalej <span class=\"screen-reader-text\">Og\u0142oszenia parafialne 12 marzec 2023<\/span> <span class=\"meta-nav\">&rarr;<\/span><\/a><\/p>\n","protected":false},"author":1,"featured_media":0,"comment_status":"closed","ping_status":"closed","sticky":false,"template":"","format":"standard","meta":{"footnotes":""},"categories":[6,4],"tags":[],"class_list":["post-3604","post","type-post","status-publish","format-standard","hentry","category-aktualnosci","category-ogloszenia"],"_links":{"self":[{"href":"https:\/\/budy.przemyska.pl\/index.php\/wp-json\/wp\/v2\/posts\/3604","targetHints":{"allow":["GET"]}}],"collection":[{"href":"https:\/\/budy.przemyska.pl\/index.php\/wp-json\/wp\/v2\/posts"}],"about":[{"href":"https:\/\/budy.przemyska.pl\/index.php\/wp-json\/wp\/v2\/types\/post"}],"author":[{"embeddable":true,"href":"https:\/\/budy.przemyska.pl\/index.php\/wp-json\/wp\/v2\/users\/1"}],"replies":[{"embeddable":true,"href":"https:\/\/budy.przemyska.pl\/index.php\/wp-json\/wp\/v2\/comments?post=3604"}],"version-history":[{"count":0,"href":"https:\/\/budy.przemyska.pl\/index.php\/wp-json\/wp\/v2\/posts\/3604\/revisions"}],"wp:attachment":[{"href":"https:\/\/budy.przemyska.pl\/index.php\/wp-json\/wp\/v2\/media?parent=3604"}],"wp:term":[{"taxonomy":"category","embeddable":true,"href":"https:\/\/budy.przemyska.pl\/index.php\/wp-json\/wp\/v2\/categories?post=3604"},{"taxonomy":"post_tag","embeddable":true,"href":"https:\/\/budy.przemyska.pl\/index.php\/wp-json\/wp\/v2\/tags?post=3604"}],"curies":[{"name":"wp","href":"https:\/\/api.w.org\/{rel}","templated":true}]}}