{"id":3601,"date":"2023-03-05T07:23:38","date_gmt":"2023-03-05T06:23:38","guid":{"rendered":"http:\/\/www.budylancuckie.przemyska.pl\/?p=3601"},"modified":"2023-03-05T07:23:38","modified_gmt":"2023-03-05T06:23:38","slug":"ogloszenia-parafialne-5-marzec-2023","status":"publish","type":"post","link":"https:\/\/budy.przemyska.pl\/index.php\/2023\/03\/05\/ogloszenia-parafialne-5-marzec-2023\/","title":{"rendered":"Og\u0142oszenia parafialne 5 marzec 2023"},"content":{"rendered":"<h2 style=\"text-align: center;\"><strong><span style=\"color: rgb(0, 0, 128);\">II Niedziela Wielkiego Postu &#8211; 05-03-2023<\/span><\/strong><\/h2>\n<h2 style=\"text-align: center;\"><strong><span style=\"color: rgb(0, 0, 128);\">Og\u0142oszenia<br \/>\n\t<\/span><\/strong><\/h2>\n<ol>\n<li>Dzi\u015b o godz. 15.00 Nabo\u017ce\u0144stwo Gorzkich \u017bali, a potem Msza \u015bw.<\/li>\n<li>W czwartek adoracja Naj\u015bwi\u0119tszego Sakramentu od godziny 16.00. Po Mszy \u015bw. spotkanie Akcji Katolickiej. <\/li>\n<li>W pi\u0105tek Droga Krzy\u017cowa o godz. 17.00, a potem Msza \u015bw. <br \/>\n\t\tO 19.30 &#8211; Droga Krzy\u017cowa przygotowywana przez m\u0142odzie\u017c z KSM-u.<\/li>\n<li>Serdecznie zapraszamy do udzia\u0142u w Nabo\u017ce\u0144stwach wielkopostnych, wszystkich parafian. Za udzia\u0142 w tych Nabo\u017ce\u0144stwach mo\u017cna zyska\u0107 odpust zupe\u0142ny pod zwyk\u0142ymi warunkami.<\/li>\n<li>W \u015brod\u0119 &ndash; 8 marca- modlimy si\u0119 w intencji Kobiet.<\/li>\n<li>Bardzo serdecznie zapraszamy m\u0142odzie\u0144c&oacute;w do Stra\u017cy Grobowej, aby\u015bmy potrafili podtrzyma\u0107 t\u0119 pi\u0119kn\u0105 tradycj\u0119 s\u0142u\u017cby dla Pana Jezusa, w tym szczeg&oacute;lnym dla nas czasie \u015awiat Paschalnych. <\/li>\n<li>Informujemy r&oacute;wnie\u017c, \u017ce od 1-17 marca trwa nab&oacute;r do oddzia\u0142&oacute;w przedszkolnych i klas pierwszych Szk&oacute;\u0142 Podstawowych z terenu parafii. Wnioski dost\u0119pne s\u0105 na stronach internetowych Szk&oacute;\u0142.<\/li>\n<li>Serdeczne B&oacute;g zap\u0142a\u0107 dla os&oacute;b sprz\u0105taj\u0105cych i stroj\u0105cych ko\u015bci&oacute;\u0142 oraz za wszystkie ofiary sk\u0142adane na potrzeby parafii.<\/li>\n<\/ol>\n<h3 style=\"text-align: center;\"><strong><span style=\"color: rgb(0, 0, 128);\">Intencje mszalne<\/span><\/strong><\/h3>\n<h4 style=\"text-align: center;\"><strong><span style=\"color: rgb(0, 0, 128);\">od 6 marca 2023 do 12 marca 2023<\/span><\/strong><\/h4>\n<h4>&nbsp;<\/h4>\n<h4><strong>Gdyby zbyt d\u0142ugi czas nie by\u0142a og\u0142oszona zam&oacute;wiona intencja mszalna &ndash; prosimy o zg\u0142oszenie tego kap\u0142anowi.&nbsp; Zam&oacute;wiona intencja nie mo\u017ce zgin\u0105\u0107.<br \/>\n\t<\/strong><\/h4>\n<p><u><strong>Poniedzia\u0142ek &#8211; 6 marzec<br \/>\n\t<\/strong><\/u>1. + Stanis\u0142awa Marek (greg.) <br \/>\n\t2. + Marian Kr&oacute;l &ndash; od swat&oacute;w Stanis\u0142awy i Jana \u015awi\u0119toniowskich z dzie\u0107mi <br \/>\n\t3. + Zdzis\u0142aw Wota &ndash; od rodziny \u0141uc&oacute;w<\/p>\n<p><u><strong>Wtorek &#8211; 7 marzec<br \/>\n\t<\/strong><\/u>1. + Stanis\u0142awa Marek (greg.) <br \/>\n\t2. + Stefan Bartnik &ndash; od rodziny Krauz&oacute;w <br \/>\n\t3. + Ks. Bogdan Kupczyk<\/p>\n<p><u><strong>\u015aroda &#8211; 8 marzec<br \/>\n\t<\/strong><\/u>1. + Stanis\u0142awa Marek (greg.)<br \/>\n\t2. + B\u0142a\u017cej Kurek &ndash; od kol. i kol. brata Filipa z firmy Wrobud <br \/>\n\t3. + Zdzis\u0142aw Wota &ndash; od rodziny W\u0119grzyn&oacute;w (Prawa Strona) <\/p>\n<p><u><strong>Czwartek &#8211; 9 marzec<\/strong><\/u><br \/>\n\t1. + Stanis\u0142awa Marek (greg.) <br \/>\n\t2. + Marian Kr&oacute;l &ndash; od kole\u017canek \u017cony <br \/>\n\t3. + Maria, Antoni Golenia <\/p>\n<p>\t<u><strong>Pi\u0105tek &#8211; 10 marzec<\/strong><\/u><br \/>\n\t1. + Stanis\u0142awa Marek (greg.)<br \/>\n\t2. + Stefan Bartnik &ndash; od rodziny Albin&oacute;w <br \/>\n\t3. + Zdzis\u0142aw Wota &ndash; od Oliwii z rodzin\u0105<\/p>\n<p><u><strong>Sobota &#8211; 11 marzec<br \/>\n\t<\/strong><\/u>1. + Stanis\u0142awa Marek (greg.) <br \/>\n\t2. + Zofia i Stanis\u0142aw Bartnik &#8211; (rocz. \u015bmierci)<br \/>\n\t3. + Stefan Bartnik &ndash; od rodziny Z\u0142ama\u0144c&oacute;w <\/p>\n<p><u><strong>Niedziela &#8211; 12 marzec<br \/>\n\t<\/strong><\/u>06.30 ++ J&oacute;zef, Agata, Stanis\u0142aw, Robert, Dariusz Cebulak <br \/>\n\t08.00 O szcz\u0119\u015bliw\u0105 operacj\u0119 dla Dariusza<br \/>\n\t08.00 O b\u0142. Bo\u017ce i potrzebne \u0142aski dla Patryka z okazji 18 rocznicy urodzin<br \/>\n\t10.30 Za parafian<br \/>\n\t15.45 + Stanis\u0142awa Marek (greg.)<\/p>\n<h3 style=\"text-align: center;\"><strong><span style=\"color: rgb(0, 0, 128);\">Modlitw\u0119 r&oacute;\u017ca\u0144cow\u0105 prowadz\u0105<\/span><\/strong><\/h3>\n<p>06. Pn. R&oacute;\u017ca \u015aw. Agaty &ndash; (Patrycja Por\u0119bna) <br \/>\n\t07. Wt. R&oacute;\u017ca \u015aw. Agnieszki &ndash; (Ma\u0142gorzata Markowicz) <br \/>\n\t08. \u015ar. R&oacute;\u017ca \u015aw. Zofii &ndash; (Zofia Kurek) <br \/>\n\t09. Cz. Akcja Katolicka <br \/>\n\t10. Pt. KSM <br \/>\n\t11. Sb. Cecylii &ndash; (Krystyna Markowicz) <br \/>\n\t12. Nd. R&oacute;\u017ca \u015aw. El\u017cbiety &#8211; (Alina Trojnar)&nbsp; <br \/>\n\t<strong>Wyznaczona R&oacute;\u017ca jest proszona o prowadzenie modlitwy r&oacute;\u017ca\u0144cowej.<\/strong><\/p>\n<h3 style=\"text-align: center;\"><strong><span style=\"color: rgb(0, 0, 128);\">Propozycja intencji do przekazania do odprawienia w Wy\u017cszym Seminarium Duchownym w Przemy\u015b\u0142u<br \/>\n\t<\/span><\/strong><\/h3>\n<p>01.&nbsp;&nbsp; &nbsp; + Jan Walanus &ndash; od swat&oacute;w z D\u0119bna<br \/>\n\t02.&nbsp;&nbsp; &nbsp; + Jan Walanus &ndash; od szefowej i kole\u017canek z pracy Kasi<br \/>\n\t03.&nbsp;&nbsp; &nbsp; + Jan Walanus &ndash; od szefowej i kole\u017canek z pracy Kasi<br \/>\n\t04.&nbsp;&nbsp; &nbsp; + Jan Walanus &ndash; od Danuty i Tomasza Mazurek<br \/>\n\t05.&nbsp;&nbsp; &nbsp; + Jan Walanus &ndash; od Grzegorza Kr&oacute;l z rodzin\u0105<br \/>\n\t06.&nbsp;&nbsp; &nbsp; + Jan Walanus &ndash; od Beaty ni Marka Dyrda z rodzin\u0105<br \/>\n\t07.&nbsp;&nbsp; &nbsp; + Jan Walanus &ndash; od Zarz\u0105du i Pracownik&oacute;w \u0141a\u0144cuckiego Zak\u0142adu Komunalnego<br \/>\n\t08.&nbsp;&nbsp; &nbsp; + Jan Walanus &ndash; od Zarz\u0105du i Pracownik&oacute;w \u0141a\u0144cuckiego Zak\u0142adu Komunalnego<br \/>\n\t09.&nbsp;&nbsp; &nbsp; + Jan Walanus &ndash; od Zarz\u0105du i Pracownik&oacute;w \u0141a\u0144cuckiego Zak\u0142adu Komunalnego<br \/>\n\t10.&nbsp;&nbsp; &nbsp; + Jan Walanus &ndash; od Zarz\u0105du i Pracownik&oacute;w \u0141a\u0144cuckiego Zak\u0142adu Komunalnego<br \/>\n\t11.&nbsp;&nbsp; &nbsp; + Jan Walanus &ndash; do Zarz\u0105du i Pracownik&oacute;w \u0141a\u0144cuckiego Zak\u0142adu Komunalnego<br \/>\n\t12.&nbsp;&nbsp; &nbsp; + Jan Walanus &ndash; od Zarz\u0105du i Pracownik&oacute;w \u0141a\u0144cuckiego zak\u0142adu Komunalnego<br \/>\n\t13.&nbsp;&nbsp; &nbsp; + Zofia Wr&oacute;bel &ndash; od Haliny Stycu\u0142a z rodzin\u0105<br \/>\n\t14.&nbsp;&nbsp; &nbsp; + Zofia Wr&oacute;bel &ndash; od Haliny Stycu\u0142a z rodzin\u0105<br \/>\n\t15.&nbsp;&nbsp; &nbsp; + Marian Kr&oacute;l &ndash; od kole\u017canek i koleg&oacute;w z pracy syna Dariusza<br \/>\n\t16.&nbsp;&nbsp; &nbsp; + Marian Kr&oacute;l &ndash; od Haliny i Stanis\u0142awa Kie\u0142b z Korniaktowa<br \/>\n\t17.&nbsp;&nbsp; &nbsp; + Stefan Bartnik &ndash; od kole\u017canek i koleg&oacute;w Bo\u017cenki z Centrum Medycznego w \u0141a\u0144cucie<br \/>\n\t18.&nbsp;&nbsp; &nbsp; + Stefan Bartnik &#8211; od kole\u017canek i koleg&oacute;w Bo\u017cenki z Centrum Medycznego w \u0141a\u0144cucie<br \/>\n\t19.&nbsp;&nbsp; &nbsp; + Stefan Bartnik &#8211; od kole\u017canek i koleg&oacute;w Bo\u017cenki z Centrum Medycznego w \u0141a\u0144cucie<br \/>\n\t20.&nbsp;&nbsp; &nbsp; + Stefan Bartnik &#8211; od kole\u017canek i koleg&oacute;w Bo\u017cenki z Centrum Medycznego w \u0141a\u0144cucie<br \/>\n\t21.&nbsp;&nbsp; &nbsp; + Stefan Bartnik &#8211; od kole\u017canek i koleg&oacute;w Bo\u017cenki z Centrum Medycznego w \u0141a\u0144cucie<br \/>\n\t22.&nbsp;&nbsp; &nbsp; + Zdzis\u0142aw Wota &ndash; od Romana Kot z rodzin\u0105<br \/>\n\t23.&nbsp;&nbsp; &nbsp; + Zdzis\u0142aw Wota &ndash; od Barbary i Jerzego Janowskich ze Stubna<br \/>\n\t24.&nbsp;&nbsp; &nbsp; + Zdzis\u0142aw Wota &ndash; od Wies\u0142awy i J&oacute;zefa Kry\u0144skich ze Stubna<br \/>\n\t25.&nbsp;&nbsp; &nbsp; + Zdzis\u0142aw Wota &ndash; od Zarz\u0105du firmy QSAND<br \/>\n\t26.&nbsp;&nbsp; &nbsp; + Zdzis\u0142aw Wota &ndash; od Piotra Olechowskiego<br \/>\n\t27.&nbsp;&nbsp; &nbsp; + W\u0142adys\u0142aw Gw&oacute;\u017ad\u017a &ndash; od chrze\u015bnicy Urszuli z m\u0119\u017cem <\/p>\n<p>&nbsp;<\/p>\n","protected":false},"excerpt":{"rendered":"<p>II Niedziela Wielkiego Postu &#8211; 05-03-2023 Og\u0142oszenia Dzi\u015b o godz. 15.00 Nabo\u017ce\u0144stwo Gorzkich \u017bali, a potem Msza \u015bw. W czwartek adoracja Naj\u015bwi\u0119tszego Sakramentu od godziny 16.00. Po Mszy \u015bw. spotkanie &hellip; <a href=\"https:\/\/budy.przemyska.pl\/index.php\/2023\/03\/05\/ogloszenia-parafialne-5-marzec-2023\/\" class=\"more-link\">Czytaj dalej <span class=\"screen-reader-text\">Og\u0142oszenia parafialne 5 marzec 2023<\/span> <span class=\"meta-nav\">&rarr;<\/span><\/a><\/p>\n","protected":false},"author":1,"featured_media":0,"comment_status":"closed","ping_status":"closed","sticky":false,"template":"","format":"standard","meta":{"footnotes":""},"categories":[6,4],"tags":[],"class_list":["post-3601","post","type-post","status-publish","format-standard","hentry","category-aktualnosci","category-ogloszenia"],"_links":{"self":[{"href":"https:\/\/budy.przemyska.pl\/index.php\/wp-json\/wp\/v2\/posts\/3601","targetHints":{"allow":["GET"]}}],"collection":[{"href":"https:\/\/budy.przemyska.pl\/index.php\/wp-json\/wp\/v2\/posts"}],"about":[{"href":"https:\/\/budy.przemyska.pl\/index.php\/wp-json\/wp\/v2\/types\/post"}],"author":[{"embeddable":true,"href":"https:\/\/budy.przemyska.pl\/index.php\/wp-json\/wp\/v2\/users\/1"}],"replies":[{"embeddable":true,"href":"https:\/\/budy.przemyska.pl\/index.php\/wp-json\/wp\/v2\/comments?post=3601"}],"version-history":[{"count":0,"href":"https:\/\/budy.przemyska.pl\/index.php\/wp-json\/wp\/v2\/posts\/3601\/revisions"}],"wp:attachment":[{"href":"https:\/\/budy.przemyska.pl\/index.php\/wp-json\/wp\/v2\/media?parent=3601"}],"wp:term":[{"taxonomy":"category","embeddable":true,"href":"https:\/\/budy.przemyska.pl\/index.php\/wp-json\/wp\/v2\/categories?post=3601"},{"taxonomy":"post_tag","embeddable":true,"href":"https:\/\/budy.przemyska.pl\/index.php\/wp-json\/wp\/v2\/tags?post=3601"}],"curies":[{"name":"wp","href":"https:\/\/api.w.org\/{rel}","templated":true}]}}