{"id":3599,"date":"2023-02-25T18:29:35","date_gmt":"2023-02-25T17:29:35","guid":{"rendered":"http:\/\/www.budylancuckie.przemyska.pl\/?p=3599"},"modified":"2023-02-25T18:29:35","modified_gmt":"2023-02-25T17:29:35","slug":"ogloszenia-parafialne-26-luty-2023","status":"publish","type":"post","link":"https:\/\/budy.przemyska.pl\/index.php\/2023\/02\/25\/ogloszenia-parafialne-26-luty-2023\/","title":{"rendered":"Og\u0142oszenia parafialne 26 luty 2023"},"content":{"rendered":"<h2 style=\"text-align: center;\"><strong><span style=\"color: rgb(0, 0, 128);\">I Niedziela Wielkiego Postu &#8211; 26-02-2023<\/span><\/strong><\/h2>\n<h2 style=\"text-align: center;\"><strong><span style=\"color: rgb(0, 0, 128);\">Og\u0142oszenia<br \/>\n\t<\/span><\/strong><\/h2>\n<ol>\n<li>Dzi\u015b o godz. 15.00 Nabo\u017ce\u0144stwo Gorzkich \u017bali, a potem Msza \u015bw.<\/li>\n<li>W tym tygodniu wypada I czwartek, I pi\u0105tek i I sobota miesi\u0105ca. <\/li>\n<li>W I czwartek adoracja Naj\u015bwi\u0119tszego Sakramentu od godziny 16.00. W spos&oacute;b szczeg&oacute;lny modlimy si\u0119 o powo\u0142ania do S\u0142u\u017cby Bo\u017cej. <\/li>\n<li>W I pi\u0105tek czcimy Naj\u015bwi\u0119tsze Serce Pana Jezusa. Msza \u015bw. rano o godz. 06.45 i wieczorem o godz. 17.30. Po rannej Mszy \u015bw. odwiedziny chorych z Komuni\u0105 \u015bw. <br \/>\n\t\tNabo\u017ce\u0144stwo Drogi Krzy\u017cowej w pi\u0105tek o godzinie 17.00, a po nim Msza \u015awi\u0119ta, za\u015b o godzinie 19.30 Droga Krzy\u017cowa prowadzona przez m\u0142odzie\u017c z naszej parafii. W pi\u0105tki sk\u0142adka przeznaczona na kwiaty do Bo\u017cego Grobu oraz Ciemnicy Pa\u0144skiej.<\/li>\n<li>W I sobot\u0119 czcimy Niepokalane Serce NMP. Msza \u015bw. o godz.17.00, po Niej nabo\u017ce\u0144stwo r&oacute;\u017ca\u0144cowe, procesja z figur\u0105 Matki Bo\u017cej Fatimskiej i zmiana tajemnic r&oacute;\u017ca\u0144cowych.<\/li>\n<li>Serdecznie zapraszamy do udzia\u0142u w Nabo\u017ce\u0144stwach wielkopostnych, zar&oacute;wno starszych, jak i, m\u0142odzie\u017c i dzieci. Za udzia\u0142 w tych Nabo\u017ce\u0144stwach mo\u017cna zyska\u0107 odpust zupe\u0142ny pod zwyk\u0142ymi warunkami. <br \/>\n\t\tChciejmy ze swej strony podj\u0105\u0107 wielkopostne postanowienia, drobne umartwienia i wyrzeczenia, aby ten czas jak najlepiej prze\u017cy\u0107, by rzeczywi\u015bcie sta\u0142 si\u0119 on okazj\u0105 do odnowy naszego ducha.<\/li>\n<li>Na stoliku z gazetami s\u0105 r&oacute;wnie\u017c Wielkanocne Paschaliki oraz mi&oacute;d rozprowadzane przez Caritas dla wsparcia potrzebuj\u0105cych, w cenie 10 z\u0142. <\/li>\n<li>Nasze Wielkopostne Rekolekcje b\u0119dziemy prze\u017cywa\u0107 w dn. 23-26 marca, a zatem w bezpo\u015bredniej blisko\u015bci naszego Parafialnego Odpustu z racji Uroczysto\u015bci Zwiastowania Pa\u0144skiego. Wyg\u0142osi je ks. dr Jan Szczych z parafii Lubie\u0144 Wielki, w archidiecezji Lwowskiej na Ukrainie. Ju\u017c teraz zach\u0119camy do modlitwy o \u0142ask\u0119 dobrego i owocnego prze\u017cycia tego szczeg&oacute;lnego czasu dla ka\u017cdej parafii, jakim s\u0105 Rekolekcje.<\/li>\n<li>Za dwa tygodnie, w niedziel\u0119 12 marca, w parafii Smolarzyny b\u0119dzie mia\u0142o miejsce po\u015bwi\u0119cenie nowego ko\u015bcio\u0142a.<\/li>\n<li>Serdeczne B&oacute;g zap\u0142a\u0107 dla os&oacute;b sprz\u0105taj\u0105cych i stroj\u0105cych ko\u015bci&oacute;\u0142 oraz za wszystkie ofiary sk\u0142adane na potrzeby parafii.<\/li>\n<\/ol>\n<h3 style=\"text-align: center;\"><strong><span style=\"color: rgb(0, 0, 128);\">Intencje mszalne<\/span><\/strong><\/h3>\n<h4 style=\"text-align: center;\"><strong><span style=\"color: rgb(0, 0, 128);\">od 27 lutego 2023 do 5 marca 2023<\/span><\/strong><\/h4>\n<h4>&nbsp;<\/h4>\n<h4><strong>Gdyby zbyt d\u0142ugi czas nie by\u0142a og\u0142oszona zam&oacute;wiona intencja mszalna &ndash; prosimy o zg\u0142oszenie tego kap\u0142anowi.&nbsp; Zam&oacute;wiona intencja nie mo\u017ce zgin\u0105\u0107.<br \/>\n\t<\/strong><\/h4>\n<p><u><strong>Poniedzia\u0142ek &#8211; 27 luty<br \/>\n\t<\/strong><\/u>1. + Stanis\u0142aw Kita (greg.) <br \/>\n\t2. + Marian Kr&oacute;l &ndash; od chrze\u015bniaka Mariusza z rodzin\u0105 <br \/>\n\t3. + Maria Bester &ndash; od rodziny Wajd&oacute;w<\/p>\n<p><u><strong>Wtorek &#8211; 28 luty<br \/>\n\t<\/strong><\/u>1. + Stanis\u0142aw Kita (greg.) <br \/>\n\t2. + B\u0142a\u017cej Kurek &ndash; od koleg&oacute;w ze studi&oacute;w <br \/>\n\t3. + Andrzej Por\u0119bny oraz za zmar\u0142ych z rodziny<\/p>\n<p><u><strong>\u015aroda &#8211; 1 marzec<br \/>\n\t<\/strong><\/u>1. + Stanis\u0142aw Kita (greg.)<br \/>\n\t2. + Stanis\u0142awa Marek (pocz. greg.)<br \/>\n\t3. + Zdzis\u0142aw Wota &ndash; od Franciszka z rodzin\u0105 <\/p>\n<p><u><strong>Czwartek &#8211; 2 marzec<\/strong><\/u><br \/>\n\t1. + Stanis\u0142aw Kita (zak. greg.) <br \/>\n\t2. + Stanis\u0142awa Marek (greg,) <br \/>\n\t3. + Stefan Bartnik &ndash; od rodziny Bartnik&oacute;w <\/p>\n<p>\t<u><strong>Pi\u0105tek &#8211; 3 marzec<\/strong><\/u><br \/>\n\t06.45 + Stanis\u0142awa Marek (greg.)<br \/>\n\t06.45 + Dr\u0105\u017cek Maria, J&oacute;zef, Tadeusz <br \/>\n\t17.30 + Stefan Bartnik &ndash; od rodziny Tendej z Handzl&oacute;wki<br \/>\n\t17.30 O b\u0142. Bo\u017ce z okazji 50 urodzin &ndash; int. od Mamy <\/p>\n<p><u><strong>Sobota &#8211; 4 marzec<br \/>\n\t<\/strong><\/u>1. + Stanis\u0142awa Marek (greg.) <br \/>\n\t2. + B\u0142a\u017cej Kurek &ndash; od kol. i kol. brata Filipa z firmy Wrobud<br \/>\n\t3. + Anna, Stefan, Bronis\u0142aw Kruczek <\/p>\n<p><u><strong>Niedziela &#8211; 5 marzec<br \/>\n\t<\/strong><\/u>06.30 + Maria Bester &ndash; od chrze\u015bnicy Doroty<br \/>\n\t08.00 Dzi\u0119kczynna z okazji 50 rocznicy \u015blubu Krystyny i Tadeusza <br \/>\n\t10.30 Za parafian<br \/>\n\t15.45 + Stanis\u0142awa Marek (greg.)<\/p>\n<h3 style=\"text-align: center;\"><strong><span style=\"color: rgb(0, 0, 128);\">Modlitw\u0119 r&oacute;\u017ca\u0144cow\u0105 prowadz\u0105<\/span><\/strong><\/h3>\n<p>27. Pn. R&oacute;\u017ca \u015aw. Teresy od Dzieciatka Jezus &ndash; (Dorota Dzierga) <br \/>\n\t28. Wt. R&oacute;\u017ca \u015aw. Teresy Wielkiej &ndash; (Zofia Wierzbicka) <br \/>\n\t01. \u015ar. R&oacute;\u017ca \u015aw. Tomasza Aposto\u0142a &ndash; (Stanis\u0142aw \u015alimak) <br \/>\n\t02. Cz. Dzie\u0142o Pomocy Powo\u0142aniom &ndash; (Anna Szular) <br \/>\n\t03. Pt. KSM <br \/>\n\t04. Sb. Kap\u0142an <br \/>\n\t05. Nd. R&oacute;\u017ca \u015aw. Andrzeja Aposto\u0142a &#8211; (J&oacute;zef M\u0105dry) <br \/>\n\t<strong>Wyznaczona R&oacute;\u017ca jest proszona o prowadzenie modlitwy r&oacute;\u017ca\u0144cowej.<\/strong><\/p>\n","protected":false},"excerpt":{"rendered":"<p>I Niedziela Wielkiego Postu &#8211; 26-02-2023 Og\u0142oszenia Dzi\u015b o godz. 15.00 Nabo\u017ce\u0144stwo Gorzkich \u017bali, a potem Msza \u015bw. W tym tygodniu wypada I czwartek, I pi\u0105tek i I sobota miesi\u0105ca. &hellip; <a href=\"https:\/\/budy.przemyska.pl\/index.php\/2023\/02\/25\/ogloszenia-parafialne-26-luty-2023\/\" class=\"more-link\">Czytaj dalej <span class=\"screen-reader-text\">Og\u0142oszenia parafialne 26 luty 2023<\/span> <span class=\"meta-nav\">&rarr;<\/span><\/a><\/p>\n","protected":false},"author":1,"featured_media":0,"comment_status":"closed","ping_status":"closed","sticky":false,"template":"","format":"standard","meta":{"footnotes":""},"categories":[6,4],"tags":[],"class_list":["post-3599","post","type-post","status-publish","format-standard","hentry","category-aktualnosci","category-ogloszenia"],"_links":{"self":[{"href":"https:\/\/budy.przemyska.pl\/index.php\/wp-json\/wp\/v2\/posts\/3599","targetHints":{"allow":["GET"]}}],"collection":[{"href":"https:\/\/budy.przemyska.pl\/index.php\/wp-json\/wp\/v2\/posts"}],"about":[{"href":"https:\/\/budy.przemyska.pl\/index.php\/wp-json\/wp\/v2\/types\/post"}],"author":[{"embeddable":true,"href":"https:\/\/budy.przemyska.pl\/index.php\/wp-json\/wp\/v2\/users\/1"}],"replies":[{"embeddable":true,"href":"https:\/\/budy.przemyska.pl\/index.php\/wp-json\/wp\/v2\/comments?post=3599"}],"version-history":[{"count":0,"href":"https:\/\/budy.przemyska.pl\/index.php\/wp-json\/wp\/v2\/posts\/3599\/revisions"}],"wp:attachment":[{"href":"https:\/\/budy.przemyska.pl\/index.php\/wp-json\/wp\/v2\/media?parent=3599"}],"wp:term":[{"taxonomy":"category","embeddable":true,"href":"https:\/\/budy.przemyska.pl\/index.php\/wp-json\/wp\/v2\/categories?post=3599"},{"taxonomy":"post_tag","embeddable":true,"href":"https:\/\/budy.przemyska.pl\/index.php\/wp-json\/wp\/v2\/tags?post=3599"}],"curies":[{"name":"wp","href":"https:\/\/api.w.org\/{rel}","templated":true}]}}