{"id":3382,"date":"2022-01-09T10:48:21","date_gmt":"2022-01-09T09:48:21","guid":{"rendered":"http:\/\/www.budylancuckie.przemyska.pl\/?p=3382"},"modified":"2022-01-09T10:48:21","modified_gmt":"2022-01-09T09:48:21","slug":"ogloszenia-parafialne-9-styczen-2022","status":"publish","type":"post","link":"https:\/\/budy.przemyska.pl\/index.php\/2022\/01\/09\/ogloszenia-parafialne-9-styczen-2022\/","title":{"rendered":"Og\u0142oszenia parafialne 9 stycze\u0144 2022"},"content":{"rendered":"<h2 style=\"text-align: center;\"><strong><span style=\"color: rgb(0, 0, 128);\">Niedziela Chrztu Pa\u0144skiego &#8211; 9-01-2022<\/span><\/strong><\/h2>\n<h2 style=\"text-align: center;\"><strong><span style=\"color: rgb(0, 0, 128);\">Og\u0142oszenia<br \/>\n\t<\/span><\/strong><\/h2>\n<ol>\n<li>Dzi\u015b o godz. 15.00 Nabo\u017ce\u0144stwo R&oacute;\u017ca\u0144cowe, a po nim Msza \u015bw. Dzisiejsz\u0105 niedziel\u0105 ko\u0144czymy w Ko\u015bciele Okres Bo\u017cego Narodzenia. Kol\u0119dy za\u015b tradycyjnie \u015bpiewamy do 2 lutego.<\/li>\n<li>W czwartek adoracja Naj\u015bwi\u0119tszego Sakramentu od godziny 16.00. Po Mszy \u015bw. spotkanie Akcji Katolickiej.<\/li>\n<li>Za tydzie\u0144 III Niedziela miesi\u0105ca, w naszej parafii sk\u0142adka inwestycyjna. <\/li>\n<li>Serdeczne B&oacute;g zap\u0142a\u0107 dla os&oacute;b sprz\u0105taj\u0105cych i stroj\u0105cych ko\u015bci&oacute;\u0142 oraz za ofiary sk\u0142adane na potrzeby parafii, pracownik&oacute;w ko\u015bcielnych i ogrzewanie.<\/li>\n<\/ol>\n<h3 style=\"text-align: center;\"><strong><span style=\"color: rgb(0, 0, 128);\">Intencje mszalne<\/span><\/strong><\/h3>\n<h4 style=\"text-align: center;\"><strong><span style=\"color: rgb(0, 0, 128);\">od 10 stycznia 2022 do 16 stycznia 2022<\/span><\/strong><\/h4>\n<h4><strong><br \/>\n\tGdyby zbyt d\u0142ugi czas nie by\u0142a og\u0142oszona zam&oacute;wiona intencja mszalna &ndash; prosimy o zg\u0142oszenie tego kap\u0142anowi.&nbsp; Zam&oacute;wiona intencja nie mo\u017ce zgin\u0105\u0107.<br \/>\n\t<\/strong><\/h4>\n<p><u><strong>Poniedzia\u0142ek &#8211; 10 stycze\u0144<br \/>\n\t<\/strong><\/u>1. + Maria Gw&oacute;\u017ad\u017a (greg.) <br \/>\n\t2. + Franciszek Mazur &ndash; od rodziny Malach<br \/>\n\t3. + Zofia Wikiera &ndash; od pracownik&oacute;w GOPS-u Grodzisko D.<\/p>\n<p><u><strong>Wtorek &#8211; 11 stycze\u0144<br \/>\n\t<\/strong><\/u>1. + Maria Gw&oacute;\u017ad\u017a (greg.)<br \/>\n\t2. + Zofia Sier\u017c\u0119ga &ndash; od kuzyna Tadeusza Mac z rodzin\u0105<br \/>\n\t3. Dzi\u0119kczynna; z pro\u015bb\u0105 o b\u0142og. Bo\u017ce i potrzebne \u0142aski dla Wiktorii i Kacpra w 18-ste urodziny<\/p>\n<p><u><strong>\u015aroda &#8211; 12 stycze\u0144<\/strong><\/u><br \/>\n\t1. + Maria Gw&oacute;\u017ad\u017a (greg.) <br \/>\n\t2. + Emilia i Jakub Rupar <br \/>\n\t3. O b\u0142og. Bo\u017ce dla rodzin zamawiaj\u0105cych Msze \u015bw. za zmar\u0142ego \u015bp. Tadeusza Barana<\/p>\n<p><u><strong>Czwartek &#8211; 13 stycze\u0144<\/strong><\/u><br \/>\n\t1. + Maria Gw&oacute;\u017ad\u017a (greg.)<br \/>\n\t2. + Bogus\u0142aw Czyrek &ndash; od chrze\u015bniaka Rafa\u0142a z rodzin\u0105 <br \/>\n\t3. + Jan, Anna Jarosz &ndash; rocznica \u015bmierci<\/p>\n<p>\t<u><strong>Pi\u0105tek &#8211; 14 stycze\u0144<br \/>\n\t<\/strong><\/u>1. + Maria Gw&oacute;\u017ad\u017a (greg.)<br \/>\n\t2. + Zdzis\u0142aw Kubis &ndash; od rodziny Macio\u0142k&oacute;w<br \/>\n\t3. + Bogus\u0142aw Czyrek &ndash; od siostry Krystyny i Tadeusza P\u0142ocica <\/p>\n<p><u><strong>Sobota &#8211; 15 stycze\u0144<\/strong><\/u><br \/>\n\t1. + Maria Gw&oacute;\u017ad\u017a (greg.) <br \/>\n\t2. + Maria Golenia &ndash; rocznica \u015bmierci<br \/>\n\t3. + Tadeusz Wo\u015b &ndash; rocznica \u015bmierci<\/p>\n<p><u><strong>Niedziela &#8211; 16 stycze\u0144<\/strong><\/u><br \/>\n\t06.30 Za zmar\u0142ych z rodzin: Cebulak&oacute;w, Witk&oacute;w, Kurk&oacute;w i Bartnik&oacute;w<br \/>\n\t08.00 + Zofia Sier\u017c\u0119ga &ndash; od chrze\u015bnicy z rodzin\u0105<br \/>\n\t10.30 Za parafian <br \/>\n\t15.00 + Maria Gw&oacute;\u017ad\u017a (greg.)<\/p>\n<h3 style=\"text-align: center;\"><strong><strong><span style=\"color: rgb(0, 0, 128);\">Modlitw\u0119 r&oacute;\u017ca\u0144cow\u0105 prowadz\u0105<br \/>\n\t<\/span><\/strong><\/strong><\/h3>\n<p>10. Pn. R&oacute;\u017ca \u015aw. Kingi &#8211; (El\u017cbieta Wacnik)<br \/>\n\t11. Wt. R&oacute;\u017ca \u015aw. Marii Magdaleny &ndash; (Janina Rachwa\u0142)<br \/>\n\t12. \u015ar. R&oacute;\u017ca \u015aw. Marii Goretti &ndash; (El\u017cbieta Kukulska)<br \/>\n\t13. Cz. Akcja Katolicka<br \/>\n\t14. Pt. KSM<br \/>\n\t15. Sb. R&oacute;\u017ca \u015aw. Marty &ndash; (Czes\u0142awa Por\u0119bna)<br \/>\n\t16. Nd. R&oacute;\u017ca \u015aw. Jadwigi \u015al\u0105skiej &#8211; (Maria Bester)<br \/>\n\t<strong>Wyznaczona R&oacute;\u017ca jest proszona o prowadzenie modlitwy r&oacute;\u017ca\u0144cowej. <\/strong><\/p>\n","protected":false},"excerpt":{"rendered":"<p>Niedziela Chrztu Pa\u0144skiego &#8211; 9-01-2022 Og\u0142oszenia Dzi\u015b o godz. 15.00 Nabo\u017ce\u0144stwo R&oacute;\u017ca\u0144cowe, a po nim Msza \u015bw. Dzisiejsz\u0105 niedziel\u0105 ko\u0144czymy w Ko\u015bciele Okres Bo\u017cego Narodzenia. Kol\u0119dy za\u015b tradycyjnie \u015bpiewamy do &hellip; <a href=\"https:\/\/budy.przemyska.pl\/index.php\/2022\/01\/09\/ogloszenia-parafialne-9-styczen-2022\/\" class=\"more-link\">Czytaj dalej <span class=\"screen-reader-text\">Og\u0142oszenia parafialne 9 stycze\u0144 2022<\/span> <span class=\"meta-nav\">&rarr;<\/span><\/a><\/p>\n","protected":false},"author":1,"featured_media":0,"comment_status":"closed","ping_status":"closed","sticky":false,"template":"","format":"standard","meta":{"footnotes":""},"categories":[6,4],"tags":[],"class_list":["post-3382","post","type-post","status-publish","format-standard","hentry","category-aktualnosci","category-ogloszenia"],"_links":{"self":[{"href":"https:\/\/budy.przemyska.pl\/index.php\/wp-json\/wp\/v2\/posts\/3382","targetHints":{"allow":["GET"]}}],"collection":[{"href":"https:\/\/budy.przemyska.pl\/index.php\/wp-json\/wp\/v2\/posts"}],"about":[{"href":"https:\/\/budy.przemyska.pl\/index.php\/wp-json\/wp\/v2\/types\/post"}],"author":[{"embeddable":true,"href":"https:\/\/budy.przemyska.pl\/index.php\/wp-json\/wp\/v2\/users\/1"}],"replies":[{"embeddable":true,"href":"https:\/\/budy.przemyska.pl\/index.php\/wp-json\/wp\/v2\/comments?post=3382"}],"version-history":[{"count":0,"href":"https:\/\/budy.przemyska.pl\/index.php\/wp-json\/wp\/v2\/posts\/3382\/revisions"}],"wp:attachment":[{"href":"https:\/\/budy.przemyska.pl\/index.php\/wp-json\/wp\/v2\/media?parent=3382"}],"wp:term":[{"taxonomy":"category","embeddable":true,"href":"https:\/\/budy.przemyska.pl\/index.php\/wp-json\/wp\/v2\/categories?post=3382"},{"taxonomy":"post_tag","embeddable":true,"href":"https:\/\/budy.przemyska.pl\/index.php\/wp-json\/wp\/v2\/tags?post=3382"}],"curies":[{"name":"wp","href":"https:\/\/api.w.org\/{rel}","templated":true}]}}