{"id":3380,"date":"2022-01-02T09:32:33","date_gmt":"2022-01-02T08:32:33","guid":{"rendered":"http:\/\/www.budylancuckie.przemyska.pl\/?p=3380"},"modified":"2022-01-02T09:32:33","modified_gmt":"2022-01-02T08:32:33","slug":"ogloszenia-parafialne-2-styczen-2022","status":"publish","type":"post","link":"https:\/\/budy.przemyska.pl\/index.php\/2022\/01\/02\/ogloszenia-parafialne-2-styczen-2022\/","title":{"rendered":"Og\u0142oszenia parafialne 2 stycze\u0144 2022"},"content":{"rendered":"<h2 style=\"text-align: center;\"><strong><span style=\"color: rgb(0, 0, 128);\">Druga Niedziela po Narodzeniu Pa\u0144skim &#8211; 2-01-2022<\/span><\/strong><\/h2>\n<h2 style=\"text-align: center;\"><strong><span style=\"color: rgb(0, 0, 128);\">Og\u0142oszenia<br \/>\n\t<\/span><\/strong><\/h2>\n<ol>\n<li>Dzi\u015b o godz. 15.00 Nabo\u017ce\u0144stwo do Naj\u015bwi\u0119tszego Serca Pana Jezusa, a po nim Msza \u015bw.<\/li>\n<li>W czwartek Uroczysto\u015b\u0107 Objawienia Pa\u0144skiego. Jest to zarazem I czwartek miesi\u0105ca. Modlimy si\u0119 o powo\u0142ania do S\u0142u\u017cby Bo\u017cej. Msze \u015bw. tak, jak w niedziel\u0119. Na Mszy \u015bw. obrz\u0119d b\u0142ogos\u0142awie\u0144stwa kredy i kadzid\u0142a. Na zako\u0144czenie ka\u017cdej Mszy \u015bw. po\u015bwi\u0119cenie wody (przynie\u015bmy ze sob\u0105) oraz modlitwy zwi\u0105zane z b\u0142ogos\u0142awie\u0144stwem kol\u0119dowym ka\u017cdej rodziny. Po powrocie do naszych dom&oacute;w ka\u017cdy gospodarz mo\u017ce po\u015bwi\u0119ci\u0107 sw&oacute;j dom i ca\u0142\u0105 rodzin\u0119. Tak b\u0119dzie wygl\u0105da\u0142a nasza tegoroczna kol\u0119da i zwi\u0105zane z ni\u0105 b\u0142ogos\u0142awie\u0144stwo rodzin. Po Mszy \u015bw. o godz. 15.00 zapraszamy serdecznie na koncert kol\u0119d w wykonaniu ch&oacute;ru &bdquo; Deo Cantamus&rdquo; z parafii Tuczempy.<\/li>\n<li>W I pi\u0105tek miesi\u0105ca czcimy Naj\u015bwi\u0119tsze Serce Pana Jezusa. Msza \u015bw. rano o godz. 06.45 oraz wieczorem o godz.17.00. Po rannej Mszy \u015bw. odwiedziny chorych. Prosimy o ich zg\u0142oszenie do zakrystii lub telefonicznie. Wieczorem adoracja Naj\u015bwi\u0119tszego Sakramentu przygotowana przez m\u0142odzie\u017c z KSM-u do godz. 19.00.<\/li>\n<li>Serdeczne B&oacute;g zap\u0142a\u0107 dla os&oacute;b sprz\u0105taj\u0105cych i stroj\u0105cych ko\u015bci&oacute;\u0142 oraz za ofiary sk\u0142adane na potrzeby parafii, pracownik&oacute;w ko\u015bcielnych i ogrzewanie..<\/li>\n<\/ol>\n<h3 style=\"text-align: center;\"><strong><span style=\"color: rgb(0, 0, 128);\">Intencje mszalne<\/span><\/strong><\/h3>\n<h4 style=\"text-align: center;\"><strong><span style=\"color: rgb(0, 0, 128);\">od 3 stycznia 2022 do 9 stycznia 2022<\/span><\/strong><\/h4>\n<h4><strong><br \/>\n\tGdyby zbyt d\u0142ugi czas nie by\u0142a og\u0142oszona zam&oacute;wiona intencja mszalna &ndash; prosimy o zg\u0142oszenie tego kap\u0142anowi.&nbsp; Zam&oacute;wiona intencja nie mo\u017ce zgin\u0105\u0107.<br \/>\n\t<\/strong><\/h4>\n<p><u><strong>Poniedzia\u0142ek &#8211; 3 stycze\u0144<br \/>\n\t<\/strong><\/u>1. + Maria Gw&oacute;\u017ad\u017a (greg.) <br \/>\n\t2. + Helena Kojder &ndash; od syna Wies\u0142awa z \u017con\u0105<br \/>\n\t3. + Zofia Wikiera &ndash; od emeryt&oacute;w Gminy Grodzisko Dolne<\/p>\n<p><u><strong>Wtorek &#8211; 4 stycze\u0144<br \/>\n\t<\/strong><\/u>1. + Maria Gw&oacute;\u017ad\u017a (greg.)<br \/>\n\t2. + Zofia Wikiera &ndash; od wnuka Tomasza<br \/>\n\t3. + Marian, Bogdan, Jan Ku\u017aniar<\/p>\n<p><u><strong>\u015aroda &#8211; 5 stycze\u0144<\/strong><\/u><br \/>\n\t1. + Maria Gw&oacute;\u017ad\u017a (greg.) <br \/>\n\t2. + Maria W\u0119grzyn &ndash; od syna Wies\u0142awa z rodzin\u0105 <br \/>\n\t3. + Aniela, Franciszek Kojder oraz zmarli Rodzice<\/p>\n<p><u><strong>Czwartek &#8211; 6 stycze\u0144<\/strong><\/u><br \/>\n\t06.30 + Salomea i Jan Bosak <br \/>\n\t08.00 O szcz\u0119\u015bliwe rozwi\u0105zanie i zdrowie dla c&oacute;rki <br \/>\n\t10.30 Za parafian<br \/>\n\t10.30 + W\u0142adys\u0142aw Sobu\u015b &ndash; 4 rocznica \u015bmierci<br \/>\n\t15.00 + Maria Gw&oacute;\u017ad\u017a (greg.) <\/p>\n<p>\t<u><strong>Pi\u0105tek &#8211; 7 stycze\u0144<br \/>\n\t<\/strong><\/u>06.45 + Maria Gw&oacute;\u017ad\u017a (greg.)<br \/>\n\t17.00 + Anna, Maciej Rachwa\u0142 &ndash; od syna Stanis\u0142awa<br \/>\n\t17.00 + Agata, Micha\u0142, Tadeusz Kurek oraz + Zofia, Andrzej Osiowy <\/p>\n<p><u><strong>Sobota &#8211; 8 stycze\u0144<\/strong><\/u><br \/>\n\t1. + Maria Gw&oacute;\u017ad\u017a (greg.) <br \/>\n\t2. + Jan, Maria, J&oacute;zef, Stanis\u0142aw Blok<br \/>\n\t3. + Jan Kurek &ndash; 3 rocznica \u015bmierci<\/p>\n<p><u><strong>Niedziela &#8211; 9 stycze\u0144<\/strong><\/u><br \/>\n\t06.30 + Marek Bosak &ndash; od chrzestnej Stanis\u0142awy<br \/>\n\t08.00 + Stanis\u0142awa i W\u0142adys\u0142aw Blok &ndash; w rocz. \u015bmierci<br \/>\n\t10.30 Za parafian <br \/>\n\t15.00 + Maria Gw&oacute;\u017ad\u017a (greg.)<\/p>\n<h3 style=\"text-align: center;\"><strong><strong><span style=\"color: rgb(0, 0, 128);\">Modlitw\u0119 r&oacute;\u017ca\u0144cow\u0105 prowadz\u0105<br \/>\n\t<\/span><\/strong><\/strong><\/h3>\n<p>03. Pn. R&oacute;\u017ca \u015aw. Genowefy &#8211; (Genowefa Dr\u0105\u017cek)<br \/>\n\t04. Wt. R&oacute;\u017ca \u015aw. Jadwigi Kr&oacute;lowej &ndash; (Halina Dyrda)<br \/>\n\t05. \u015ar. R&oacute;\u017ca \u015aw. Heleny &ndash; (Helena Dyrda)<br \/>\n\t06. Cz. Dzie\u0142o Pomocy Powo\u0142aniom &ndash; (Anna Szular)<br \/>\n\t07. Pt. KSM<br \/>\n\t08. Sb. R&oacute;\u017ca \u015aw. Katarzyny &ndash; (Anna Kurek)<br \/>\n\t09. Nd. R&oacute;\u017ca \u015aw. Klary &#8211; (Teresa G\u0142owiak)<br \/>\n\t<strong>Wyznaczona R&oacute;\u017ca jest proszona o prowadzenie modlitwy r&oacute;\u017ca\u0144cowej. <\/strong><\/p>\n","protected":false},"excerpt":{"rendered":"<p>Druga Niedziela po Narodzeniu Pa\u0144skim &#8211; 2-01-2022 Og\u0142oszenia Dzi\u015b o godz. 15.00 Nabo\u017ce\u0144stwo do Naj\u015bwi\u0119tszego Serca Pana Jezusa, a po nim Msza \u015bw. W czwartek Uroczysto\u015b\u0107 Objawienia Pa\u0144skiego. Jest to &hellip; <a href=\"https:\/\/budy.przemyska.pl\/index.php\/2022\/01\/02\/ogloszenia-parafialne-2-styczen-2022\/\" class=\"more-link\">Czytaj dalej <span class=\"screen-reader-text\">Og\u0142oszenia parafialne 2 stycze\u0144 2022<\/span> <span class=\"meta-nav\">&rarr;<\/span><\/a><\/p>\n","protected":false},"author":1,"featured_media":0,"comment_status":"closed","ping_status":"closed","sticky":false,"template":"","format":"standard","meta":{"footnotes":""},"categories":[6,4],"tags":[],"class_list":["post-3380","post","type-post","status-publish","format-standard","hentry","category-aktualnosci","category-ogloszenia"],"_links":{"self":[{"href":"https:\/\/budy.przemyska.pl\/index.php\/wp-json\/wp\/v2\/posts\/3380","targetHints":{"allow":["GET"]}}],"collection":[{"href":"https:\/\/budy.przemyska.pl\/index.php\/wp-json\/wp\/v2\/posts"}],"about":[{"href":"https:\/\/budy.przemyska.pl\/index.php\/wp-json\/wp\/v2\/types\/post"}],"author":[{"embeddable":true,"href":"https:\/\/budy.przemyska.pl\/index.php\/wp-json\/wp\/v2\/users\/1"}],"replies":[{"embeddable":true,"href":"https:\/\/budy.przemyska.pl\/index.php\/wp-json\/wp\/v2\/comments?post=3380"}],"version-history":[{"count":0,"href":"https:\/\/budy.przemyska.pl\/index.php\/wp-json\/wp\/v2\/posts\/3380\/revisions"}],"wp:attachment":[{"href":"https:\/\/budy.przemyska.pl\/index.php\/wp-json\/wp\/v2\/media?parent=3380"}],"wp:term":[{"taxonomy":"category","embeddable":true,"href":"https:\/\/budy.przemyska.pl\/index.php\/wp-json\/wp\/v2\/categories?post=3380"},{"taxonomy":"post_tag","embeddable":true,"href":"https:\/\/budy.przemyska.pl\/index.php\/wp-json\/wp\/v2\/tags?post=3380"}],"curies":[{"name":"wp","href":"https:\/\/api.w.org\/{rel}","templated":true}]}}