{"id":3348,"date":"2021-10-31T19:23:59","date_gmt":"2021-10-31T18:23:59","guid":{"rendered":"http:\/\/www.budylancuckie.przemyska.pl\/?p=3348"},"modified":"2021-10-31T19:23:59","modified_gmt":"2021-10-31T18:23:59","slug":"ogloszenia-parafialne-31-pazdziernik-2021","status":"publish","type":"post","link":"https:\/\/budy.przemyska.pl\/index.php\/2021\/10\/31\/ogloszenia-parafialne-31-pazdziernik-2021\/","title":{"rendered":"Og\u0142oszenia parafialne 31 pa\u017adziernik 2021"},"content":{"rendered":"<h2 style=\"text-align: center;\"><strong><span style=\"color: rgb(0, 0, 128);\">Niedziela Po\u015bwi\u0119cenia Rocznicy Ko\u015bcio\u0142a &#8211; 31-10-2021<\/span><\/strong><\/h2>\n<h2 style=\"text-align: center;\"><strong><span style=\"color: rgb(0, 0, 128);\">Og\u0142oszenia<br \/>\n\t<\/span><\/strong><\/h2>\n<ol>\n<li>Dzi\u015b o godz. 15.00 &ndash; zako\u0144czenie Nabo\u017ce\u0144stw R&oacute;\u017ca\u0144cowych, a potem &#8211; Msza \u015bw.<\/li>\n<li>Jutro Uroczysto\u015b\u0107 Wszystkich \u015awi\u0119tych. Msze \u015bw. tak, jak w niedziele. O godz.14.00 Nieszpory za zmar\u0142ych, po nich procesja na cmentarz z modlitw\u0105 za zmar\u0142ych, a na zako\u0144czenie Msza \u015bw. <\/li>\n<li>W Dzie\u0144 Zaduszny, Msze \u015bw. o godz. 6.30, 7.00 oraz o 16.00. O godz. 14.30 Nieszpory za zmar\u0142ych i procesja na cmentarz z wypominkami.<\/li>\n<li>W tym tygodniu wypada: I czwartek, I pi\u0105tek i I sobota miesi\u0105ca.<\/li>\n<li>W czwartek Adoracja Naj\u015bwi\u0119tszego Sakramentu od godz. 16.00.<\/li>\n<li>W I pi\u0105tek czcimy Naj\u015bwi\u0119tsze Serce Pana Jezusa. Rano Msza \u015bw. o godz. 6.45 i o godz.17.00. Po Mszy \u015bw. wieczornej Adoracja Naj\u015bwi\u0119tszego Sakramentu przygotowana przez m\u0142odzie\u017c z KSM-u do godz.19.00. Ze wzgl\u0119du na trwaj\u0105c\u0105 epidemi\u0119, odwiedziny chorych, tylko po uprzednim zg\u0142oszeniu.<\/li>\n<li>W I sobot\u0119 czcimy Niepokalane Serce NMP. O godz. 17.00 Msza \u015bw., po niej nabo\u017ce\u0144stwo r&oacute;\u017ca\u0144cowe, procesja z figur\u0105 Matki Bo\u017cej Fatimskiej wewn\u0105trz ko\u015bcio\u0142a i zmiana tajemnic r&oacute;\u017ca\u0144cowych.<\/li>\n<li>W tych dniach listopadowych, w spos&oacute;b szczeg&oacute;lny, modlimy si\u0119 za zmar\u0142ych ofiaruj\u0105c w ich intencji r&oacute;wnie\u017c zyskiwane odpusty. Codziennie, godzin\u0119 przed Msz\u0105 \u015bw. mo\u017cemy skorzysta\u0107 z Sakramentu Pojednania, by m&oacute;c w ich intencji przyj\u0105\u0107 Komuni\u0119 \u015bw. i odm&oacute;wi\u0107 przepisane modlitwy. R&oacute;\u017caniec wypominkowy b\u0119dziemy odmawia\u0107 o godz. 16.30. <\/li>\n<li>Sk\u0142adam serdeczne B&oacute;g zap\u0142a\u0107 dla os&oacute;b sprz\u0105taj\u0105cych i stroj\u0105cych ko\u015bci&oacute;\u0142 oraz za wszystkie ofiary sk\u0142adane na potrzeby parafii &#8211; w tym &#8211; dla pracownik&oacute;w ko\u015bcielnych. Wyra\u017cam r&oacute;wnie\u017c podzi\u0119kowanie dla Pan&oacute;w, kt&oacute;rzy w poniedzia\u0142ek pracowali, przy za\u0142adunku drewna z tartaku do suszarni.<\/li>\n<\/ol>\n<h3 style=\"text-align: center;\"><strong><span style=\"color: rgb(0, 0, 128);\">Intencje mszalne<\/span><\/strong><\/h3>\n<h4 style=\"text-align: center;\"><strong><span style=\"color: rgb(0, 0, 128);\">od 1 listopada 2021 do 7 listopada 2021<\/span><\/strong><\/h4>\n<h4><strong><br \/>\n\tGdyby zbyt d\u0142ugi czas nie by\u0142a og\u0142oszona zam&oacute;wiona intencja mszalna &ndash; prosimy o zg\u0142oszenie tego kap\u0142anowi.&nbsp; Zam&oacute;wiona intencja nie mo\u017ce zgin\u0105\u0107.<br \/>\n\t<\/strong><\/h4>\n<p><u><strong>Poniedzia\u0142ek &#8211; 1 listopad<br \/>\n\t<\/strong><\/u>06.30 + Stanis\u0142aw Rupar i zmarli z rodziny <br \/>\n\t08.00 + Zofia Wikiera <br \/>\n\t10.30 Za parafian<br \/>\n\t15.00 + Tadeusz Nowak i zmarli z rodziny<\/p>\n<p><u><strong>Wtorek &#8211; 2 listopad<br \/>\n\t<\/strong><\/u>06.30 <br \/>\n\t1. + Jacek Chudzik &ndash; od koleg&oacute;w dzier\u017cawc&oacute;w z Korniaktowa;<br \/>\n\t2. Za wiernych zmar\u0142ych; <br \/>\n\t3. Wed\u0142ug intencji Ojca \u015aw.<br \/>\n\t07.00 <br \/>\n\t1. Wed\u0142ug intencji Ojca \u015aw.;<br \/>\n\t2. Za zmar\u0142ych z rodziny Wikier&oacute;w i Sigd&oacute;w;<br \/>\n\t3. Za wiernych zmar\u0142ych <br \/>\n\t16.00 <br \/>\n\t1. Za wiernych zmar\u0142ych;<br \/>\n\t2. Wed\u0142ug intencji Ojca \u015aw.; <br \/>\n\t3. W intencji wspominanych w Wypominkach<\/p>\n<p><u><strong>\u015aroda &#8211; 3 listopad<\/strong><\/u><br \/>\n\t1. + Stanis\u0142aw, Magdalena Kojder i zmarli z rodziny<br \/>\n\t2. + Micha\u0142 Wikiera; Anotnina i Wojciech Wikiera oraz + Adam Bar<br \/>\n\t3. + W\u0142adys\u0142aw i Agata Bartnik <\/p>\n<p><u><strong>Czwartek &#8211; 4 listopad<\/strong><\/u><br \/>\n\t1. + Jan Por\u0119bny &ndash; od rodzin Decowskich i Fa\u0142d&oacute;w<br \/>\n\t2. + Stanis\u0142aw, Maria, Helena Bo\u017cek<br \/>\n\t3. + Salomea Wasyl &ndash; od rodziny<\/p>\n<p>\t<u><strong>Pi\u0105tek &#8211; 5 listopad<\/strong><\/u><br \/>\n\t06.45 + Jacek Chudzik &ndash; od kol. i kole\u017c. z klasy Licealnej <br \/>\n\t18.00 + Tadeusz Baran &ndash; od chrze\u015bnicy Jadwigi<br \/>\n\t18.00 W intencji zmar\u0142ych wspominanych w Wypominkach <\/p>\n<p><u><strong>Sobota &#8211; 6 listopad<\/strong><\/u><br \/>\n\t1. + Zofia Wikiera &ndash; z int. Aleksandry, Miros\u0142awa i Edyty Rapa\u0142&oacute;w <br \/>\n\t2. + Bogus\u0142aw Czyrek &ndash; od \u017cony<br \/>\n\t3. + Jan, Zofia Niemiec; + Weronika i Tadeusz R&oacute;\u017ca\u0144scy <\/p>\n<p><u><strong>Niedziela &#8211; 7 listopad<\/strong><\/u><br \/>\n\t06.30 + Barbara Ko\u0142cz &#8211; od Ireny Adamczyk z synem Arturem <br \/>\n\t08.00 + Julianna, Franciszek, Stefan Joniec i zmarli z rodziny <br \/>\n\t10.30 Za parafian <br \/>\n\t15.00 W intencji zmar\u0142ych wspominanych w Wypominkach<\/p>\n<h3 style=\"text-align: center;\"><strong><strong><span style=\"color: rgb(0, 0, 128);\">Modlitw\u0119 r&oacute;\u017ca\u0144cow\u0105 prowadz\u0105<br \/>\n\t<\/span><\/strong><\/strong><\/h3>\n<p>04. Cz. Dzie\u0142o Pomocy Powo\u0142aniom &ndash; (Anna Szular)<br \/>\n\t05. Pt. KSM<br \/>\n\t07. N. R&oacute;\u017ca \u015aw. Teresy Wielkiej &ndash; (Zofia Wierzbicka)<br \/>\n\t<strong>Wyznaczona R&oacute;\u017ca jest proszona o prowadzenie modlitwy r&oacute;\u017ca\u0144cowej. <br \/>\n\t<\/strong><\/p>\n","protected":false},"excerpt":{"rendered":"<p>Niedziela Po\u015bwi\u0119cenia Rocznicy Ko\u015bcio\u0142a &#8211; 31-10-2021 Og\u0142oszenia Dzi\u015b o godz. 15.00 &ndash; zako\u0144czenie Nabo\u017ce\u0144stw R&oacute;\u017ca\u0144cowych, a potem &#8211; Msza \u015bw. Jutro Uroczysto\u015b\u0107 Wszystkich \u015awi\u0119tych. Msze \u015bw. tak, jak w niedziele. &hellip; <a href=\"https:\/\/budy.przemyska.pl\/index.php\/2021\/10\/31\/ogloszenia-parafialne-31-pazdziernik-2021\/\" class=\"more-link\">Czytaj dalej <span class=\"screen-reader-text\">Og\u0142oszenia parafialne 31 pa\u017adziernik 2021<\/span> <span class=\"meta-nav\">&rarr;<\/span><\/a><\/p>\n","protected":false},"author":1,"featured_media":0,"comment_status":"closed","ping_status":"closed","sticky":false,"template":"","format":"standard","meta":{"footnotes":""},"categories":[6,4],"tags":[],"class_list":["post-3348","post","type-post","status-publish","format-standard","hentry","category-aktualnosci","category-ogloszenia"],"_links":{"self":[{"href":"https:\/\/budy.przemyska.pl\/index.php\/wp-json\/wp\/v2\/posts\/3348","targetHints":{"allow":["GET"]}}],"collection":[{"href":"https:\/\/budy.przemyska.pl\/index.php\/wp-json\/wp\/v2\/posts"}],"about":[{"href":"https:\/\/budy.przemyska.pl\/index.php\/wp-json\/wp\/v2\/types\/post"}],"author":[{"embeddable":true,"href":"https:\/\/budy.przemyska.pl\/index.php\/wp-json\/wp\/v2\/users\/1"}],"replies":[{"embeddable":true,"href":"https:\/\/budy.przemyska.pl\/index.php\/wp-json\/wp\/v2\/comments?post=3348"}],"version-history":[{"count":0,"href":"https:\/\/budy.przemyska.pl\/index.php\/wp-json\/wp\/v2\/posts\/3348\/revisions"}],"wp:attachment":[{"href":"https:\/\/budy.przemyska.pl\/index.php\/wp-json\/wp\/v2\/media?parent=3348"}],"wp:term":[{"taxonomy":"category","embeddable":true,"href":"https:\/\/budy.przemyska.pl\/index.php\/wp-json\/wp\/v2\/categories?post=3348"},{"taxonomy":"post_tag","embeddable":true,"href":"https:\/\/budy.przemyska.pl\/index.php\/wp-json\/wp\/v2\/tags?post=3348"}],"curies":[{"name":"wp","href":"https:\/\/api.w.org\/{rel}","templated":true}]}}