{"id":3343,"date":"2021-10-17T19:06:05","date_gmt":"2021-10-17T17:06:05","guid":{"rendered":"http:\/\/www.budylancuckie.przemyska.pl\/?p=3343"},"modified":"2021-10-17T19:06:05","modified_gmt":"2021-10-17T17:06:05","slug":"ogloszenia-parafialne-17-pazdziernik-2021","status":"publish","type":"post","link":"https:\/\/budy.przemyska.pl\/index.php\/2021\/10\/17\/ogloszenia-parafialne-17-pazdziernik-2021\/","title":{"rendered":"Og\u0142oszenia parafialne 17 pa\u017adziernik 2021"},"content":{"rendered":"<h2 style=\"text-align: center;\"><strong><span style=\"color: rgb(0, 0, 128);\">XXIX Niedziela Zwyk\u0142a &#8211; 17-10-2021<\/span><\/strong><\/h2>\n<h2 style=\"text-align: center;\"><strong><span style=\"color: rgb(0, 0, 128);\">Og\u0142oszenia<br \/>\n\t<\/span><\/strong><\/h2>\n<ol>\n<li>Dzi\u015b o godz. 15.00 &ndash; Nabo\u017ce\u0144stwo R&oacute;\u017ca\u0144cowe, a po nim &#8211; Msza \u015bw.<\/li>\n<li>W tym tygodniu w Liturgii Ko\u015bcio\u0142a wspominamy; w poniedzia\u0142ek &ndash; \u015awi\u0119to \u015bw. \u0141ukasza, Ewangelisty &ndash; jest to zarazem \u015awi\u0119to patronalne S\u0142u\u017cby Zdrowia, modlimy si\u0119 za tych, kt&oacute;rzy swoj\u0105 pos\u0142ug\u0105 troszcz\u0105 si\u0119 o nasze zdrowie ; w \u015brod\u0119 &ndash; \u015bw. Jana Kantego (odpust w \u017bo\u0142yni), w pi\u0105tek &ndash; \u015bw. Jana Paw\u0142a II.<\/li>\n<li>W czwartek Adoracja Naj\u015bwi\u0119tszego Sakramentu od godz.16.00. Nabo\u017ce\u0144stwo r&oacute;\u017ca\u0144cowe w tym dniu o godz. 16.30.<\/li>\n<li>W sobot\u0119 Pielgrzymka Dzie\u0142a Pomocy Powo\u0142aniom do Archikatedry w Przemy\u015blu i modlitwa przy relikwiach b\u0142. Ks. Jana Balickiego.<\/li>\n<li>Dzi\u015b Niedziela Misyjna, modlimy si\u0119 za misje, jak r&oacute;wnie\u017c wspieramy prac\u0119 misjonarzy pracuj\u0105cych na wszystkich kontynentach.<\/li>\n<li><strong>Trwa miesi\u0105c pa\u017adziernik. Serdecznie zapraszamy do codziennego odmawiania R&oacute;\u017ca\u0144ca. Msza \u015bw. o godz. 17.00, a po Niej wsp&oacute;lnie odmawiany R&oacute;\u017caniec Szczeg&oacute;lnie zapraszamy do modlitwy dzieci i m\u0142odzie\u017c. <br \/>\n\t\t<\/strong><\/li>\n<li>Sk\u0142adam serdeczne B&oacute;g zap\u0142a\u0107 dla os&oacute;b sprz\u0105taj\u0105cych i stroj\u0105cych ko\u015bci&oacute;\u0142 oraz za wszystkie ofiary sk\u0142adane na potrzeby parafii &#8211; w tym &#8211; dla pracownik&oacute;w ko\u015bcielnych.<\/li>\n<\/ol>\n<h3 style=\"text-align: center;\"><strong><span style=\"color: rgb(0, 0, 128);\">Intencje mszalne<\/span><\/strong><\/h3>\n<h4 style=\"text-align: center;\"><strong><span style=\"color: rgb(0, 0, 128);\">od 18 pa\u017adziernika 2021 do 24 pa\u017adziernika 2021<\/span><\/strong><\/h4>\n<h4><strong><br \/>\n\tGdyby zbyt d\u0142ugi czas nie by\u0142a og\u0142oszona zam&oacute;wiona intencja mszalna &ndash; prosimy o zg\u0142oszenie tego kap\u0142anowi.&nbsp; Zam&oacute;wiona intencja nie mo\u017ce zgin\u0105\u0107.<br \/>\n\t<\/strong><\/h4>\n<p><u><strong>Poniedzia\u0142ek &#8211; 18 pa\u017adziernik<br \/>\n\t<\/strong><\/u>1. + Maria Golenia &ndash; (greg.) <br \/>\n\t2. + Helena Motyka &ndash; od Joli z m\u0119\u017cem <br \/>\n\t3. + Tadeusz Baran &ndash; od s\u0105siada Maksymiliana z rodzin\u0105<\/p>\n<p><u><strong>Wtorek &#8211; 19 pa\u017adziernik<br \/>\n\t<\/strong><\/u>1. + Maria Golenia &ndash; (greg.)<br \/>\n\t2. + Zofia Sier\u017c\u0119ga &ndash; od rodziny Wal&oacute;w <br \/>\n\t3. + Paulina, Franciszek Pelc &ndash; rocznica \u015bmierci i za zmar\u0142ych z rodziny<\/p>\n<p><u><strong>\u015aroda &#8211; 20 pa\u017adziernik<\/strong><\/u><br \/>\n\t1. + Maria Golenia &ndash; ( greg.)<br \/>\n\t2. + Helena Stafiej &ndash; od c&oacute;rki z m\u0119\u017cem<br \/>\n\t3. + Wojciech, El\u017cbieta i Stanis\u0142aw Stafiej oraz + Wincenty, Weronika, Jan<\/p>\n<p><u><strong>Czwartek &#8211; 21 pa\u017adziernik<\/strong><\/u><br \/>\n\t1. + Maria Golenia &ndash; (greg.)<br \/>\n\t2. + Kazimierz Kania &ndash; w 2 rocz. \u015bmierci, od syna Damiana z rodzin\u0105<br \/>\n\t3. + Jan Por\u0119bny &ndash; od syna Marka<\/p>\n<p>\t<u><strong>Pi\u0105tek &#8211; 22 pa\u017adziernik<\/strong><\/u><br \/>\n\t1. + Maria Golenia &ndash; (greg.) <br \/>\n\t2. + Emil, Tadeusz Mach i Maria Kubis &ndash; od siostry<br \/>\n\t3. + Krystyna, Agata, Zbigniew Kie\u0142b<\/p>\n<p><u><strong>Sobota &#8211; 23 pa\u017adziernik<\/strong><\/u><br \/>\n\t1. + Maria Golenia &ndash; ( greg.)<br \/>\n\t2. + Jan Janusz <br \/>\n\t3. + Zofia, W\u0142adys\u0142aw Peszek<\/p>\n<p><u><strong>Niedziela &#8211; 24 pa\u017adziernik<\/strong><\/u><br \/>\n\t06.30 + Tadeusz Nowak i dziadkowie: Maria, Wojciech<br \/>\n\t08.00 + Tadeusz Baran &ndash; z R&oacute;\u017cy \u015aw. Tomasza Aposto\u0142a<br \/>\n\t10.30 Za parafian <br \/>\n\t15.00 + Maria Golenia &ndash; (greg.)<\/p>\n<h3 style=\"text-align: center;\"><strong><strong><span style=\"color: rgb(0, 0, 128);\">Modlitw\u0119 r&oacute;\u017ca\u0144cow\u0105 prowadz\u0105<br \/>\n\t<\/span><\/strong><\/strong><\/h3>\n<p>24. N. R&oacute;\u017ca \u015aw. Stanis\u0142awa Biskupa &ndash; (Franciszek Bartnik)<br \/>\n\t<strong>Wyznaczona R&oacute;\u017ca jest proszona o prowadzenie modlitwy r&oacute;\u017ca\u0144cowej. <br \/>\n\t<\/strong><\/p>\n","protected":false},"excerpt":{"rendered":"<p>XXIX Niedziela Zwyk\u0142a &#8211; 17-10-2021 Og\u0142oszenia Dzi\u015b o godz. 15.00 &ndash; Nabo\u017ce\u0144stwo R&oacute;\u017ca\u0144cowe, a po nim &#8211; Msza \u015bw. W tym tygodniu w Liturgii Ko\u015bcio\u0142a wspominamy; w poniedzia\u0142ek &ndash; \u015awi\u0119to &hellip; <a href=\"https:\/\/budy.przemyska.pl\/index.php\/2021\/10\/17\/ogloszenia-parafialne-17-pazdziernik-2021\/\" class=\"more-link\">Czytaj dalej <span class=\"screen-reader-text\">Og\u0142oszenia parafialne 17 pa\u017adziernik 2021<\/span> <span class=\"meta-nav\">&rarr;<\/span><\/a><\/p>\n","protected":false},"author":1,"featured_media":0,"comment_status":"closed","ping_status":"closed","sticky":false,"template":"","format":"standard","meta":{"footnotes":""},"categories":[6,4],"tags":[],"class_list":["post-3343","post","type-post","status-publish","format-standard","hentry","category-aktualnosci","category-ogloszenia"],"_links":{"self":[{"href":"https:\/\/budy.przemyska.pl\/index.php\/wp-json\/wp\/v2\/posts\/3343","targetHints":{"allow":["GET"]}}],"collection":[{"href":"https:\/\/budy.przemyska.pl\/index.php\/wp-json\/wp\/v2\/posts"}],"about":[{"href":"https:\/\/budy.przemyska.pl\/index.php\/wp-json\/wp\/v2\/types\/post"}],"author":[{"embeddable":true,"href":"https:\/\/budy.przemyska.pl\/index.php\/wp-json\/wp\/v2\/users\/1"}],"replies":[{"embeddable":true,"href":"https:\/\/budy.przemyska.pl\/index.php\/wp-json\/wp\/v2\/comments?post=3343"}],"version-history":[{"count":0,"href":"https:\/\/budy.przemyska.pl\/index.php\/wp-json\/wp\/v2\/posts\/3343\/revisions"}],"wp:attachment":[{"href":"https:\/\/budy.przemyska.pl\/index.php\/wp-json\/wp\/v2\/media?parent=3343"}],"wp:term":[{"taxonomy":"category","embeddable":true,"href":"https:\/\/budy.przemyska.pl\/index.php\/wp-json\/wp\/v2\/categories?post=3343"},{"taxonomy":"post_tag","embeddable":true,"href":"https:\/\/budy.przemyska.pl\/index.php\/wp-json\/wp\/v2\/tags?post=3343"}],"curies":[{"name":"wp","href":"https:\/\/api.w.org\/{rel}","templated":true}]}}