{"id":3305,"date":"2021-08-05T21:02:00","date_gmt":"2021-08-05T19:02:00","guid":{"rendered":"http:\/\/www.budylancuckie.przemyska.pl\/?p=3305"},"modified":"2021-08-05T21:02:00","modified_gmt":"2021-08-05T19:02:00","slug":"ogloszenia-parafialne-8-sierpnia-2021","status":"publish","type":"post","link":"https:\/\/budy.przemyska.pl\/index.php\/2021\/08\/05\/ogloszenia-parafialne-8-sierpnia-2021\/","title":{"rendered":"Og\u0142oszenia parafialne 8 sierpnia 2021"},"content":{"rendered":"<h2 style=\"text-align: center;\"><strong><span style=\"color: rgb(0, 0, 128);\">XIX Niedziela Zwyk\u0142a &#8211; 08-08-2021<\/span><\/strong><\/h2>\n<h2 style=\"text-align: center;\"><strong><span style=\"color: rgb(0, 0, 128);\">Og\u0142oszenia<br \/>\n\t<\/span><\/strong><\/h2>\n<ol>\n<li>Dzi\u015b o godz. 15.00 Nabo\u017ce\u0144stwo r&oacute;\u017ca\u0144cowe, a po Nim Msza \u015bw. <\/li>\n<li>W tym tygodniu w Liturgii Ko\u015bcio\u0142a wspominamy: w poniedzia\u0142ek &ndash; \u015awi\u0119to \u015bw. Teresy Benedykty od Krzy\u017ca, we wtorek &ndash; \u015bw. Wawrzy\u0144ca ( w tym dniu po\u015bwi\u0119cenie mas\u0142a), w \u015brod\u0119 &#8211; \u015bw. Klary, w sobot\u0119 &#8211; \u015bw. Maksymiliana Kolbego.<\/li>\n<li>Za tydzie\u0144 Uroczysto\u015b\u0107 Wniebowzi\u0119cia NMP. Na Sumie po\u015bwi\u0119cenie wie\u0144c&oacute;w do\u017cynkowych, owoc&oacute;w, k\u0142os&oacute;w zb&oacute;\u017c i kwiat&oacute;w. Zach\u0119camy do wykonania wie\u0144c&oacute;w, bukiet&oacute;w kwiat&oacute;w &#8211; tak, aby w tym dniu po\u015bwi\u0119cone, wyra\u017ca\u0142y nasz\u0105 wdzi\u0119czno\u015b\u0107 Panu Bogu za otrzymywane od Niego dary.<\/li>\n<li>Za tydzie\u0144 III niedziela miesi\u0105ca. W naszej parafii sk\u0142adka na inwestycje. <\/li>\n<li>Sk\u0142adam serdeczne B&oacute;g zap\u0142a\u0107 dla os&oacute;b sprz\u0105taj\u0105cych i stroj\u0105cych ko\u015bci&oacute;\u0142 oraz za wszystkie ofiary sk\u0142adane na potrzeby parafii.<\/li>\n<\/ol>\n<h3 style=\"text-align: center;\"><strong><span style=\"color: rgb(0, 0, 128);\">Intencje mszalne<\/span><\/strong><\/h3>\n<h4 style=\"text-align: center;\"><strong><span style=\"color: rgb(0, 0, 128);\">od 9 sierpnia 2021 do 15 sierpnia 2021<\/span><\/strong><\/h4>\n<h4><strong><br \/>\n\tGdyby zbyt d\u0142ugi czas nie by\u0142a og\u0142oszona zam&oacute;wiona intencja mszalna &ndash; prosimy o zg\u0142oszenie tego kap\u0142anowi.&nbsp; Zam&oacute;wiona intencja nie mo\u017ce zgin\u0105\u0107.<br \/>\n\t<\/strong><\/h4>\n<p><u><strong>Poniedzia\u0142ek &#8211; 9 sierpie\u0144<\/strong><\/u><br \/>\n\t1. + Paulina Pelc &ndash; (greg.) <br \/>\n\t2. + Jan Aab &ndash; w rocznic\u0119 \u015bmierci<br \/>\n\t3. + Zofia, Tadeusz Kr&oacute;l<\/p>\n<p><u><strong>Wtorek &#8211; 10 sierpie\u0144<br \/>\n\t<\/strong><\/u>1. + Paulina Pelc &ndash; (greg.)<br \/>\n\t2. + Teresa Bartnik &ndash; od kole\u017canki<br \/>\n\t3. + Wies\u0142aw Kubis i za zmar\u0142ych z rodziny <\/p>\n<p><u><strong>\u015aroda &#8211; 11 sierpie\u0144<\/strong><\/u><br \/>\n\t1. + Paulina Pelc &ndash; (greg.)<br \/>\n\t2. + Boles\u0142aw Rupar &ndash; od Zak\u0142adu Gosp. Kom. w Markowej <br \/>\n\t3. + Tadeusz Kurek &ndash; w rocznic\u0119 \u015bmierci<\/p>\n<p><u><strong>Czwartek &#8211; 12 sierpie\u0144<\/strong><\/u><br \/>\n\t1. + Paulina Pelc &ndash; (greg.)<br \/>\n\t2. + Marek Ruszel &ndash; od syna Amadeusza i c&oacute;rki Katarzyny<br \/>\n\t3. + Weronika, W\u0142adys\u0142aw, Piotr Rydzik<\/p>\n<p>\t<u><strong>Pi\u0105tek &#8211; 13 sierpie\u0144<\/strong><\/u><br \/>\n\t1. + Paulina Pelc &ndash; (greg.) <br \/>\n\t2. + W\u0142adys\u0142aw \u015awizdor &ndash; od Dyr. i Nau. ZS w Bia\u0142obrzegach<br \/>\n\t3. + Helena Kojder &#8211; od siostry Jadwigi z rodzin\u0105 <\/p>\n<p><u><strong>Sobota &#8211; 14 sierpie\u0144<\/strong><\/u><br \/>\n\t1. + Paulina Pelc &ndash; ( greg.) <br \/>\n\t2. + Janina Angrys &ndash; od \u0141ukasza Brud z rodzin\u0105<br \/>\n\t3. + Czes\u0142awa Kubis &ndash; od Stanis\u0142awa Stafiej z rodzin\u0105<\/p>\n<p><u><strong>Niedziela &#8211; 15 sierpie\u0144<\/strong><\/u><br \/>\n\t06.30 + Paulina Pelc &ndash;( greg.) <br \/>\n\t08.00 + Stanis\u0142awa, Roman, Maria Blok<br \/>\n\t10.30 Za parafian <br \/>\n\t15.00 + Micha\u0142 Por\u0119bny &ndash; w rocznic\u0119 \u015bmierci<\/p>\n<h3 style=\"text-align: center;\"><strong><strong><span style=\"color: rgb(0, 0, 128);\">Modlitw\u0119 r&oacute;\u017ca\u0144cow\u0105 prowadz\u0105<br \/>\n\t<\/span><\/strong><\/strong><\/h3>\n<p>09. Pn. R&oacute;\u017ca \u015aw. Franciszka z Asy\u017cu &ndash; (Jan Nowak)<br \/>\n\t10. Wt. R&oacute;\u017ca \u015aw. Andrzeja Aposto\u0142a&ndash; (J&oacute;zef M\u0105dry)<br \/>\n\t11. \u015ar. R&oacute;\u017ca \u015aw. Agaty &ndash; (Patrycja Por\u0119bna)<br \/>\n\t12. Cz. R&oacute;\u017ca \u015aw. Agnieszki &ndash; (Krystyna Nykiel) <br \/>\n\t13. Pt. KSM <br \/>\n\t14. Sb. R&oacute;\u017ca \u015aw. Zofii &ndash; (Zofia Kurek) <br \/>\n\t15. N. R&oacute;\u017ca \u015aw. Cecylii &ndash; (Krystyna Markowicz)<br \/>\n\tWyznaczona R&oacute;\u017ca jest proszona o prowadzenie modlitwy r&oacute;\u017ca\u0144cowej.<\/p>\n<p><strong>Wyznaczona R&oacute;\u017ca jest proszona o prowadzenie modlitwy r&oacute;\u017ca\u0144cowej. <br \/>\n\t<\/strong><\/p>\n","protected":false},"excerpt":{"rendered":"<p>XIX Niedziela Zwyk\u0142a &#8211; 08-08-2021 Og\u0142oszenia Dzi\u015b o godz. 15.00 Nabo\u017ce\u0144stwo r&oacute;\u017ca\u0144cowe, a po Nim Msza \u015bw. W tym tygodniu w Liturgii Ko\u015bcio\u0142a wspominamy: w poniedzia\u0142ek &ndash; \u015awi\u0119to \u015bw. Teresy &hellip; <a href=\"https:\/\/budy.przemyska.pl\/index.php\/2021\/08\/05\/ogloszenia-parafialne-8-sierpnia-2021\/\" class=\"more-link\">Czytaj dalej <span class=\"screen-reader-text\">Og\u0142oszenia parafialne 8 sierpnia 2021<\/span> <span class=\"meta-nav\">&rarr;<\/span><\/a><\/p>\n","protected":false},"author":1,"featured_media":0,"comment_status":"closed","ping_status":"closed","sticky":false,"template":"","format":"standard","meta":{"footnotes":""},"categories":[6,4],"tags":[],"class_list":["post-3305","post","type-post","status-publish","format-standard","hentry","category-aktualnosci","category-ogloszenia"],"_links":{"self":[{"href":"https:\/\/budy.przemyska.pl\/index.php\/wp-json\/wp\/v2\/posts\/3305","targetHints":{"allow":["GET"]}}],"collection":[{"href":"https:\/\/budy.przemyska.pl\/index.php\/wp-json\/wp\/v2\/posts"}],"about":[{"href":"https:\/\/budy.przemyska.pl\/index.php\/wp-json\/wp\/v2\/types\/post"}],"author":[{"embeddable":true,"href":"https:\/\/budy.przemyska.pl\/index.php\/wp-json\/wp\/v2\/users\/1"}],"replies":[{"embeddable":true,"href":"https:\/\/budy.przemyska.pl\/index.php\/wp-json\/wp\/v2\/comments?post=3305"}],"version-history":[{"count":0,"href":"https:\/\/budy.przemyska.pl\/index.php\/wp-json\/wp\/v2\/posts\/3305\/revisions"}],"wp:attachment":[{"href":"https:\/\/budy.przemyska.pl\/index.php\/wp-json\/wp\/v2\/media?parent=3305"}],"wp:term":[{"taxonomy":"category","embeddable":true,"href":"https:\/\/budy.przemyska.pl\/index.php\/wp-json\/wp\/v2\/categories?post=3305"},{"taxonomy":"post_tag","embeddable":true,"href":"https:\/\/budy.przemyska.pl\/index.php\/wp-json\/wp\/v2\/tags?post=3305"}],"curies":[{"name":"wp","href":"https:\/\/api.w.org\/{rel}","templated":true}]}}