{"id":3288,"date":"2021-06-27T20:12:09","date_gmt":"2021-06-27T18:12:09","guid":{"rendered":"http:\/\/www.budylancuckie.przemyska.pl\/?p=3288"},"modified":"2021-06-27T20:12:09","modified_gmt":"2021-06-27T18:12:09","slug":"ogloszenia-parafialne-27-czerwca-2021","status":"publish","type":"post","link":"https:\/\/budy.przemyska.pl\/index.php\/2021\/06\/27\/ogloszenia-parafialne-27-czerwca-2021\/","title":{"rendered":"Og\u0142oszenia parafialne 27 czerwca 2021"},"content":{"rendered":"<h2 style=\"text-align: center;\"><strong><span style=\"color: rgb(0, 0, 128);\">XIII Niedziela Zwyk\u0142a &#8211; 27-06-2021<\/span><\/strong><\/h2>\n<h2 style=\"text-align: center;\"><strong><span style=\"color: rgb(0, 0, 128);\">Og\u0142oszenia<br \/>\n\t<\/span><\/strong><\/h2>\n<ol>\n<li>Dzi\u015b o godz. 15.00 Nabo\u017ce\u0144stwo do Naj\u015bwi\u0119tszego Serca Pana Jezusa, a po nim Msza \u015bw.<\/li>\n<li>W tym tygodniu w Liturgii Ko\u015bcio\u0142a wspominamy; w poniedzia\u0142ek &ndash; wsp. \u015bw. Ireneusza, bpa i m\u0119czennika, we wtorek &ndash; Uroczysto\u015b\u0107 \u015aw. Aposto\u0142&oacute;w Piotra i Paw\u0142a, w sobot\u0119 &#8211; \u015awi\u0119to \u015bw. Tomasza, Aposto\u0142a.<\/li>\n<li>W Uroczysto\u015b\u0107 \u015aw. Aposto\u0142&oacute;w Piotra i Paw\u0142a, Msze \u015bw. o godz. 06.30, 08.00 oraz o godz. 18.00. Sk\u0142adka z Uroczysto\u015bci przeznaczona na potrzeby Stolicy Apostolskiej.<\/li>\n<li>W tym tygodniu wypada I czwartek, I pi\u0105tek i I sobota miesi\u0105ca.<\/li>\n<li>W czwartek Adoracja Naj\u015bwi\u0119tszego Sakramentu od godz. 17.00. W spos&oacute;b szczeg&oacute;lny modlimy si\u0119 o powo\u0142ania do S\u0142u\u017cby Bo\u017cej.<\/li>\n<li>W I pi\u0105tek wynagradzamy Sercu Jezusowemu za grzechy. Msza \u015bw. rano o godz. 06.45 i wieczorem o godz. 18.00. Odwiedziny chorych (tylko po uprzednim zg\u0142oszeniu) po rannej Mszy \u015bw. <\/li>\n<li>W I sobot\u0119 czcimy Niepokalane Serce NMP. O godz.18.00 Msza \u015bw., po Niej nabo\u017ce\u0144stwo r&oacute;\u017ca\u0144cowe, procesja z figur\u0105 Matki Bo\u017cej Fatimskiej i zmiana tajemnic r&oacute;\u017ca\u0144cowych.<\/li>\n<li>Mo\u017cliwo\u015b\u0107 spowiedzi \u015bw. codziennie, godzin\u0119 przed Msz\u0105 \u015bw. <\/li>\n<li>Sk\u0142adam serdeczne B&oacute;g zap\u0142a\u0107 dla os&oacute;b sprz\u0105taj\u0105cych i stroj\u0105cych ko\u015bci&oacute;\u0142 oraz za wszystkie ofiary sk\u0142adane na potrzeby parafii..<\/li>\n<\/ol>\n<h3 style=\"text-align: center;\"><strong><span style=\"color: rgb(0, 0, 128);\">Intencje mszalne<\/span><\/strong><\/h3>\n<h4 style=\"text-align: center;\"><strong><span style=\"color: rgb(0, 0, 128);\">od 28 czerwca 2021 do 4 lipca 2021<\/span><\/strong><\/h4>\n<h4><strong><br \/>\n\tGdyby zbyt d\u0142ugi czas nie by\u0142a og\u0142oszona zam&oacute;wiona intencja mszalna &ndash; prosimy o zg\u0142oszenie tego kap\u0142anowi.&nbsp; Zam&oacute;wiona intencja nie mo\u017ce zgin\u0105\u0107.<br \/>\n\t<\/strong><\/h4>\n<p><u><strong>Poniedzia\u0142ek &#8211; 28 czerwiec<\/strong><\/u><br \/>\n\t1. + J&oacute;zef Bielecki &ndash; (greg.) <br \/>\n\t2. + Franciszek Mach &ndash; od koleg&oacute;w i kole\u017canek Gra\u017cyny z pracy<br \/>\n\t3. + Renata, Stefania, Franciszek, Tadeusz Nowak<\/p>\n<p><u><strong>Wtorek &#8211; 29 czerwiec<br \/>\n\t<\/strong><\/u>06.30 + J&oacute;zef Bielecki &ndash; (greg.)<br \/>\n\t08.00 W intencji dzieci, kt&oacute;re w tym roku prze\u017cywa\u0142y&nbsp; Rocznic\u0119 I Komunii \u015bw.<br \/>\n\t18.00 Dzi\u0119kczynna oraz o b\u0142og. Bo\u017ce w urodzajach z rejonu p. Ryszarda Kojder i p. Dariusza Gamracego <\/p>\n<p><u><strong>\u015aroda &#8211; 30 czerwiec<\/strong><\/u><br \/>\n\t1. + J&oacute;zef Bielecki &ndash; (zak. greg.)<br \/>\n\t2. + Stefan Kojder i zmarli z rodziny <br \/>\n\t3. + Stanis\u0142aw Paluch<\/p>\n<p><u><strong>Czwartek &#8211; 1 lipiec<\/strong><\/u><br \/>\n\t1. + Jacek Chudziki &ndash; (pocz. greg.)<br \/>\n\t2. + Janina Dyrda<br \/>\n\t3. + Stefan Ros&oacute;\u0142<\/p>\n<p>\t<u><strong>Pi\u0105tek &#8211; 2 lipiec<\/strong><\/u><br \/>\n\t06.45 + Jacek Chudzik &ndash; (greg.) <br \/>\n\t18.00 Za dusze w czy\u015b\u0107cu cierpi\u0105ce<br \/>\n\t18.00 + Eugeniusz Uchman &ndash; od \u017cony <\/p>\n<p><u><strong>Sobota &#8211; 3 lipiec<\/strong><\/u><br \/>\n\t1. + Jacek Chudzik &ndash; ( greg.) <br \/>\n\t2. + Franciszek Mach &ndash; od wnuka \u0141ukasza z rodzin\u0105<br \/>\n\t3. Dzi\u0119k. za szcz\u0119\u015bliw\u0105 operacj\u0119 i o dalsz\u0105 opiek\u0119 Bo\u017c\u0105 <\/p>\n<p><u><strong>Niedziela &#8211; 27 czerwiec<\/strong><\/u><br \/>\n\t06.30 + Franciszek, J&oacute;zef, Katarzyna S\u0142ysz <br \/>\n\t08.00 + J&oacute;zef Kania &ndash; od rodziny Marii G. Albanese i Ettore Perinelli<br \/>\n\t10.30 Za parafian<br \/>\n\t10.30 + Jan Lorenc &ndash; w rocznic\u0119 \u015bmierci<br \/>\n\t15.00 + Jacek Chudzik &ndash; (greg.)<\/p>\n<h3 style=\"text-align: center;\"><strong><strong><span style=\"color: rgb(0, 0, 128);\">Modlitw\u0119 r&oacute;\u017ca\u0144cow\u0105 prowadz\u0105<br \/>\n\t<\/span><\/strong><\/strong><\/h3>\n<p>28. Pn. R&oacute;\u017ca \u015aw. Marii Goretti &ndash; (El\u017cbieta Kukulska)<br \/>\n\t29. Wt. R&oacute;\u017ca \u015aw. Marty &ndash; (Czes\u0142awa Por\u0119bna)<br \/>\n\t30. \u015ar. R&oacute;\u017ca \u015aw. Matki Bo\u017cej R&oacute;\u017ca\u0144cowej &ndash; (Zofia \u015awizdor)<br \/>\n\t01. Cz. Dzie\u0142o Pomocy Powo\u0142aniom &ndash; (Anna Szular) <br \/>\n\t02. Pt. KSM <br \/>\n\t03. Sb. Kap\u0142an <br \/>\n\t04. N. R&oacute;\u017ca Matki Bo\u017cej Szkaplerznej &ndash; (Maria K\u0142os)<br \/>\n\tWyznaczona R&oacute;\u017ca jest proszona o prowadzenie modlitwy r&oacute;\u017ca\u0144cowej.<\/p>\n<p><strong>Wyznaczona R&oacute;\u017ca jest proszona o prowadzenie modlitwy r&oacute;\u017ca\u0144cowej. <br \/>\n\t<\/strong><\/p>\n","protected":false},"excerpt":{"rendered":"<p>XIII Niedziela Zwyk\u0142a &#8211; 27-06-2021 Og\u0142oszenia Dzi\u015b o godz. 15.00 Nabo\u017ce\u0144stwo do Naj\u015bwi\u0119tszego Serca Pana Jezusa, a po nim Msza \u015bw. W tym tygodniu w Liturgii Ko\u015bcio\u0142a wspominamy; w poniedzia\u0142ek &hellip; <a href=\"https:\/\/budy.przemyska.pl\/index.php\/2021\/06\/27\/ogloszenia-parafialne-27-czerwca-2021\/\" class=\"more-link\">Czytaj dalej <span class=\"screen-reader-text\">Og\u0142oszenia parafialne 27 czerwca 2021<\/span> <span class=\"meta-nav\">&rarr;<\/span><\/a><\/p>\n","protected":false},"author":1,"featured_media":0,"comment_status":"closed","ping_status":"closed","sticky":false,"template":"","format":"standard","meta":{"footnotes":""},"categories":[6,4],"tags":[],"class_list":["post-3288","post","type-post","status-publish","format-standard","hentry","category-aktualnosci","category-ogloszenia"],"_links":{"self":[{"href":"https:\/\/budy.przemyska.pl\/index.php\/wp-json\/wp\/v2\/posts\/3288","targetHints":{"allow":["GET"]}}],"collection":[{"href":"https:\/\/budy.przemyska.pl\/index.php\/wp-json\/wp\/v2\/posts"}],"about":[{"href":"https:\/\/budy.przemyska.pl\/index.php\/wp-json\/wp\/v2\/types\/post"}],"author":[{"embeddable":true,"href":"https:\/\/budy.przemyska.pl\/index.php\/wp-json\/wp\/v2\/users\/1"}],"replies":[{"embeddable":true,"href":"https:\/\/budy.przemyska.pl\/index.php\/wp-json\/wp\/v2\/comments?post=3288"}],"version-history":[{"count":0,"href":"https:\/\/budy.przemyska.pl\/index.php\/wp-json\/wp\/v2\/posts\/3288\/revisions"}],"wp:attachment":[{"href":"https:\/\/budy.przemyska.pl\/index.php\/wp-json\/wp\/v2\/media?parent=3288"}],"wp:term":[{"taxonomy":"category","embeddable":true,"href":"https:\/\/budy.przemyska.pl\/index.php\/wp-json\/wp\/v2\/categories?post=3288"},{"taxonomy":"post_tag","embeddable":true,"href":"https:\/\/budy.przemyska.pl\/index.php\/wp-json\/wp\/v2\/tags?post=3288"}],"curies":[{"name":"wp","href":"https:\/\/api.w.org\/{rel}","templated":true}]}}