{"id":3273,"date":"2021-05-16T11:05:05","date_gmt":"2021-05-16T09:05:05","guid":{"rendered":"http:\/\/www.budylancuckie.przemyska.pl\/?p=3273"},"modified":"2021-05-16T11:05:05","modified_gmt":"2021-05-16T09:05:05","slug":"ogloszenia-parafialne-16-maj-2021","status":"publish","type":"post","link":"https:\/\/budy.przemyska.pl\/index.php\/2021\/05\/16\/ogloszenia-parafialne-16-maj-2021\/","title":{"rendered":"Og\u0142oszenia parafialne 16 maj 2021"},"content":{"rendered":"<h2 style=\"text-align: center;\"><strong><span style=\"color: rgb(0, 0, 128);\">Uroczysto\u015b\u0107 Wniebowst\u0105pienia Pa\u0144skiego &#8211; 16-05-2021<\/span><\/strong><\/h2>\n<h2 style=\"text-align: center;\"><strong><span style=\"color: rgb(0, 0, 128);\">Og\u0142oszenia<br \/>\n\t<\/span><\/strong><\/h2>\n<ol>\n<li>Dzi\u015b o godz. 15.00 Nabo\u017ce\u0144stwo majowe, a po Nim Msza \u015bw. <\/li>\n<li>W czwartek od godz. 17.00 Adoracja Naj\u015bwi\u0119tszego Sakramentu.<\/li>\n<li>Trwa nowenna przed Uroczysto\u015bci\u0105 Zes\u0142ania Ducha \u015awi\u0119tego. <\/li>\n<li>Bardzo serdecznie zapraszamy na codziennie Nabo\u017ce\u0144stwa majowe.<\/li>\n<li>W sobot\u0119 w Bazylice Archikatedralnej w Przemy\u015blu \u015bwiecenia kap\u0142a\u0144skie. Otoczmy modlitw\u0105 tych, kt&oacute;rzy przygotowuj\u0105 si\u0119 do \u015bwi\u0119ce\u0144.<\/li>\n<li>W najbli\u017csz\u0105 niedziel\u0119 dzieci z klas IV b\u0119d\u0105 prze\u017cywa\u0107 rocznic\u0119 przyj\u0119cia I Komunii \u015bw. na Mszy \u015bw. o godz. 10.30. Spotkanie dla tych dzieci w \u015brod\u0119 po Mszy \u015bw.<\/li>\n<li>Sk\u0142adam serdeczne B&oacute;g zap\u0142a\u0107 dla os&oacute;b pracuj\u0105cych przy oczyszczaniu naszego lasu, a tak\u017ce dla sprz\u0105taj\u0105cych i stroj\u0105cych ko\u015bci&oacute;\u0142 oraz za wszystkie ofiary sk\u0142adane na potrzeby parafii.<\/li>\n<\/ol>\n<h3 style=\"text-align: center;\"><strong><span style=\"color: rgb(0, 0, 128);\">Intencje mszalne<\/span><\/strong><\/h3>\n<h4 style=\"text-align: center;\"><strong><span style=\"color: rgb(0, 0, 128);\">od 17 maja 2021 do 23 maja 2021<\/span><\/strong><\/h4>\n<h4><strong><br \/>\n\tGdyby zbyt d\u0142ugi czas nie by\u0142a og\u0142oszona zam&oacute;wiona intencja mszalna &ndash; prosimy o zg\u0142oszenie tego kap\u0142anowi.&nbsp; Zam&oacute;wiona intencja nie mo\u017ce zgin\u0105\u0107.<br \/>\n\t<\/strong><\/h4>\n<p><u><strong>Poniedzia\u0142ek &#8211; 17 maj<\/strong><\/u><br \/>\n\t1. + Jerzy Kie\u0142b &ndash; (greg.) <br \/>\n\t2. + Teresa W\u0119grzyn<br \/>\n\t3. + Cebulak Roman, Kazimiera oraz J&oacute;zef i Aniela Stafiej <\/p>\n<p><u><strong>Wtorek &#8211; 18 maj<br \/>\n\t<\/strong><\/u>1. + Jerzy Kie\u0142b &ndash; (greg.)<br \/>\n\t2. Dzi\u0119kczynna za \u0142ask\u0119 zdrowia i o dalsz\u0105 opiek\u0119 Bo\u017c\u0105<br \/>\n\t3. O zdrowie i b\u0142og. Bo\u017ce dla Jowity z okazji I Komunii \u015bw. &ndash; od dziadk&oacute;w <\/p>\n<p><u><strong>\u015aroda &#8211; 19 maj<\/strong><\/u><br \/>\n\t1. + Jerzy Kie\u0142b &ndash; (greg.)<br \/>\n\t2. + Boles\u0142aw Migas &ndash; od Prezesa i koleg&oacute;w syna Jerzego Z firmy Dolmax <br \/>\n\t3. + Agata, W\u0142adys\u0142aw Bartnik<\/p>\n<p><u><strong>Czwartek &#8211; 20 maj<\/strong><\/u><br \/>\n\t1. + Jerzy Kie\u0142b &ndash; (greg.)<br \/>\n\t2. + El\u017cbieta, Antoni, Stanis\u0142aw Wikiera i zmarli z rodziny<br \/>\n\t3. + Wies\u0142aw Ku\u0142acz &ndash; w rocznic\u0119 \u015bmierci<\/p>\n<p>\t<u><strong>Pi\u0105tek &#8211; 21 maj<\/strong><\/u><br \/>\n\t1. + Jerzy Kie\u0142b &ndash; (greg.) <br \/>\n\t2. + Franciszek Mach &ndash; od wnuka Adriana z rodzin\u0105<br \/>\n\t3. O zdrowie i b\u0142og. Bo\u017ce dla Huberta w 18 rocz. urodzin <\/p>\n<p><u><strong>Sobota &#8211; 22 maj<\/strong><\/u><br \/>\n\t1. + Jerzy Kie\u0142b &ndash; ( greg.) <br \/>\n\t2. + Maria babiarz &ndash; od c&oacute;rki Ma\u0142gorzaty z rodzin\u0105<br \/>\n\t3. + Aniela, Stanis\u0142aw Kluz; + Albina, Zofia Danak; + Bronis\u0142aw, Andrzej Tr\u0105d<\/p>\n<p><u><strong>Niedziela &#8211; 23 maj<\/strong><\/u><br \/>\n\t06.30 + Paulina Pelc &ndash; od s\u0105siadki Heleny<br \/>\n\t08.00 + Jerzy Kie\u0142b &ndash; (greg.)<br \/>\n\t08.00 O b\u0142og. Bo\u017ce w pracy na roli i o \u0142ask\u0119 urodzaj&oacute;w &ndash; od mieszka\u0144c&oacute;w Korniaktowa<br \/>\n\t10.30 Za parafian<br \/>\n\t15.00 + Stefania i W\u0142adys\u0142aw W\u0119grzyn oraz zmarli z rodziny<\/p>\n<h3 style=\"text-align: center;\"><strong><strong><span style=\"color: rgb(0, 0, 128);\">Modlitw\u0119 r&oacute;\u017ca\u0144cow\u0105 prowadz\u0105<br \/>\n\t<\/span><\/strong><\/strong><\/h3>\n<p>17. Pn. R&oacute;\u017ca \u015aw. Faustyny &#8211; (Eugenia \u015awizdor)<br \/>\n\t18. Wt. R&oacute;\u017ca \u015aw. Genowefy &ndash; (Genowefa Dr\u0105\u017cek)<br \/>\n\t19. \u015ar. R&oacute;\u017ca \u015aw. Kr&oacute;lowej Jadwigi &ndash; (Halina Dyrda)<br \/>\n\t20. Cz. R&oacute;\u017ca \u015aw. Heleny &ndash; (Helena Dyrda) <br \/>\n\t21. Pt. KSM<br \/>\n\t22. Sb. R&oacute;\u017ca \u015aw. Katarzyny &ndash; (Anna Kurek)<br \/>\n\t23. N. R&oacute;\u017ca \u015aw. Jadwigi \u015al\u0105skiej &ndash; (Maria Bester)<br \/>\n\tWyznaczona R&oacute;\u017ca jest proszona o prowadzenie modlitwy r&oacute;\u017ca\u0144cowej.<\/p>\n<p><strong>Wyznaczona R&oacute;\u017ca jest proszona o prowadzenie modlitwy r&oacute;\u017ca\u0144cowej. <br \/>\n\t<\/strong><\/p>\n<h3 style=\"text-align: center;\"><strong><strong><span style=\"color: rgb(0, 0, 128);\">Propozycja intencji do przekazania do odprawienia w Wy\u017cszym Seminarium Duchownym w Przemy\u015blu<br \/>\n\t<\/span><\/strong><\/strong><\/h3>\n<p>01.&nbsp;&nbsp;&nbsp; &nbsp;+ Zofia Wikiera &ndash; od siostrzenicy<br \/>\n\t02.&nbsp;&nbsp;&nbsp; &nbsp;+ Zofia Wikiera &ndash; od siostrze\u0144ca z rodzin\u0105<br \/>\n\t03.&nbsp;&nbsp;&nbsp; &nbsp;+ Zofia Wikiera &ndash; od rodziny T\u0119czer&oacute;w i Franczuk&oacute;w<br \/>\n\t04.&nbsp;&nbsp;&nbsp; &nbsp;+ Zofia Wikiera &ndash; od Dawida<br \/>\n\t05.&nbsp;&nbsp;&nbsp; &nbsp;+ Zofia Wikiera &ndash; od Marcina<br \/>\n\t06.&nbsp;&nbsp;&nbsp; &nbsp;+ Janina Ruszel &ndash; od El\u017cbiety, Artura i Magdaleny<br \/>\n\t07.&nbsp;&nbsp;&nbsp; &nbsp;+ Janina Ruszel &ndash; od Marcina Ruszel<br \/>\n\t08.&nbsp;&nbsp;&nbsp; &nbsp;+ Janina Ruszel &ndash; od Jakuba Ruszel<br \/>\n\t09.&nbsp;&nbsp;&nbsp; &nbsp;+ Janina Ruszel &ndash; od rodziny Z\u0105bik&oacute;w i Kom&oacute;rk&oacute;w<br \/>\n\t10.&nbsp;&nbsp;&nbsp; &nbsp;+ Maria Gw&oacute;\u017ad\u017a &ndash; od siostry Janiny<br \/>\n\t11.&nbsp;&nbsp;&nbsp; &nbsp;+ Maria Gw&oacute;\u017ad\u017a &ndash; od chrze\u015bnicy Adeli<br \/>\n\t12.&nbsp;&nbsp;&nbsp; &nbsp;+ Maria Gw&oacute;\u017ad\u017a &ndash; od siostrzenic Ewy i Beaty<br \/>\n\t13.&nbsp;&nbsp;&nbsp; &nbsp;+ Helena Motyka &ndash; od wnuka Macieja z rodzin\u0105<br \/>\n\t14.&nbsp;&nbsp;&nbsp; &nbsp;+ Helena Motyka &ndash; od Z.S. Kurk&oacute;w<br \/>\n\t15.&nbsp;&nbsp;&nbsp; &nbsp;+ Maria \u0141ania &ndash; od Tomasza, Piotra i Zofii Wierzbickich<br \/>\n\t16.&nbsp;&nbsp;&nbsp; &nbsp;+ Maria \u0141ania &ndash; od Anny Por\u0119bnej<br \/>\n\t17.&nbsp;&nbsp;&nbsp; &nbsp;+ Maria \u0141ania &ndash; od rodziny Czerwonk&oacute;w<br \/>\n\t18.&nbsp;&nbsp;&nbsp; &nbsp;+ Maria \u0141ania &ndash; od s\u0105siad&oacute;w<br \/>\n\t19.&nbsp;&nbsp;&nbsp; &nbsp;+ Maria \u0141ania &ndash; od rodziny Kisiel&oacute;w<br \/>\n\t20.&nbsp;&nbsp;&nbsp; &nbsp;+ Edward Szostek &ndash; od brata W\u0142adys\u0142awa z \u017con\u0105<br \/>\n\t21.&nbsp;&nbsp;&nbsp; &nbsp;+ Edward Szostek &ndash; od rodziny Drzystek<br \/>\n\t22.&nbsp;&nbsp;&nbsp; &nbsp;+ Edward Szostek &ndash; od Korzeniowskich i Wosi&oacute;w<br \/>\n\t23.&nbsp;&nbsp;&nbsp; &nbsp;+ Edward Szostek &#8211; bratanicy Iwony z m\u0119\u017cem<br \/>\n\t24.&nbsp;&nbsp;&nbsp; &nbsp;+ Edward Szostek &ndash; od koleg&oacute;w brata z firmy Brammer z Kolbuszowej<br \/>\n\t25.&nbsp;&nbsp;&nbsp; &nbsp;+ Edward Szostek &ndash; od bratanka Mariusza z rodzin\u0105<br \/>\n\t26.&nbsp;&nbsp;&nbsp; &nbsp;+ Edward Szostek &ndash; uczni&oacute;w klasy 6<br \/>\n\t27.&nbsp;&nbsp;&nbsp; &nbsp;+ Boles\u0142aw Rupar &ndash; od Stra\u017cak&oacute;w i Prac. Cywilnych Stra\u017cy w \u0141a\u0144cucie<br \/>\n\t28.&nbsp;&nbsp;&nbsp; &nbsp;+ Maria Rupar (z domu Angrys)<br \/>\n\t29.&nbsp;&nbsp;&nbsp; &nbsp;+ J&oacute;zef Kania &ndash; od rodziny: Zuzanna i Andrzej Dyrda<br \/>\n\t30.&nbsp;&nbsp;&nbsp; &nbsp;+ J&oacute;zef Kojder &ndash; od chrze\u015bniaka J. Gog&oacute;j<br \/>\n\t&nbsp;<\/p>\n","protected":false},"excerpt":{"rendered":"<p>Uroczysto\u015b\u0107 Wniebowst\u0105pienia Pa\u0144skiego &#8211; 16-05-2021 Og\u0142oszenia Dzi\u015b o godz. 15.00 Nabo\u017ce\u0144stwo majowe, a po Nim Msza \u015bw. W czwartek od godz. 17.00 Adoracja Naj\u015bwi\u0119tszego Sakramentu. Trwa nowenna przed Uroczysto\u015bci\u0105 Zes\u0142ania &hellip; <a href=\"https:\/\/budy.przemyska.pl\/index.php\/2021\/05\/16\/ogloszenia-parafialne-16-maj-2021\/\" class=\"more-link\">Czytaj dalej <span class=\"screen-reader-text\">Og\u0142oszenia parafialne 16 maj 2021<\/span> <span class=\"meta-nav\">&rarr;<\/span><\/a><\/p>\n","protected":false},"author":1,"featured_media":0,"comment_status":"closed","ping_status":"closed","sticky":false,"template":"","format":"standard","meta":{"footnotes":""},"categories":[6,4],"tags":[],"class_list":["post-3273","post","type-post","status-publish","format-standard","hentry","category-aktualnosci","category-ogloszenia"],"_links":{"self":[{"href":"https:\/\/budy.przemyska.pl\/index.php\/wp-json\/wp\/v2\/posts\/3273","targetHints":{"allow":["GET"]}}],"collection":[{"href":"https:\/\/budy.przemyska.pl\/index.php\/wp-json\/wp\/v2\/posts"}],"about":[{"href":"https:\/\/budy.przemyska.pl\/index.php\/wp-json\/wp\/v2\/types\/post"}],"author":[{"embeddable":true,"href":"https:\/\/budy.przemyska.pl\/index.php\/wp-json\/wp\/v2\/users\/1"}],"replies":[{"embeddable":true,"href":"https:\/\/budy.przemyska.pl\/index.php\/wp-json\/wp\/v2\/comments?post=3273"}],"version-history":[{"count":0,"href":"https:\/\/budy.przemyska.pl\/index.php\/wp-json\/wp\/v2\/posts\/3273\/revisions"}],"wp:attachment":[{"href":"https:\/\/budy.przemyska.pl\/index.php\/wp-json\/wp\/v2\/media?parent=3273"}],"wp:term":[{"taxonomy":"category","embeddable":true,"href":"https:\/\/budy.przemyska.pl\/index.php\/wp-json\/wp\/v2\/categories?post=3273"},{"taxonomy":"post_tag","embeddable":true,"href":"https:\/\/budy.przemyska.pl\/index.php\/wp-json\/wp\/v2\/tags?post=3273"}],"curies":[{"name":"wp","href":"https:\/\/api.w.org\/{rel}","templated":true}]}}