{"id":3269,"date":"2021-05-09T10:34:31","date_gmt":"2021-05-09T08:34:31","guid":{"rendered":"http:\/\/www.budylancuckie.przemyska.pl\/?p=3269"},"modified":"2021-05-09T10:34:31","modified_gmt":"2021-05-09T08:34:31","slug":"ogloszenia-parafialne-9-maj-2021","status":"publish","type":"post","link":"https:\/\/budy.przemyska.pl\/index.php\/2021\/05\/09\/ogloszenia-parafialne-9-maj-2021\/","title":{"rendered":"Og\u0142oszenia parafialne 9 maj 2021"},"content":{"rendered":"<h2 style=\"text-align: center;\"><strong><span style=\"color: rgb(0, 0, 128);\">VI Niedziela Wielkanocna &#8211; 9-05-2021<\/span><\/strong><\/h2>\n<h2 style=\"text-align: center;\"><strong><span style=\"color: rgb(0, 0, 128);\">Og\u0142oszenia<br \/>\n\t<\/span><\/strong><\/h2>\n<ol>\n<li>Dzi\u015b o godz. 15.00 Nabo\u017ce\u0144stwo majowe, a po Nim Msza \u015bw. <\/li>\n<li>W tym tygodniu w Liturgii Ko\u015bcio\u0142a wspominamy: w czwartek &ndash; wspomnienie Matki Bo\u017cej z Fatimy, w pi\u0105tek za\u015b &ndash; \u015bwi\u0119to \u015bw. Macieja, Aposto\u0142a. <\/li>\n<li>W poniedzia\u0142ek, wtorek i \u015brod\u0119 przypadaj\u0105 dni modlitw o urodzaje (Dni Krzy\u017cowe). Po zako\u0144czeniu Nabo\u017ce\u0144stwa majowego w ko\u015bciele, zgromadzimy si\u0119 przy Krzy\u017cu Misyjnym, aby wsp&oacute;lnie uprasza\u0107 u Boga b\u0142ogos\u0142awie\u0144stwo w pracy na roli oraz \u0142ask\u0119 urodzaj&oacute;w.<\/li>\n<li>W czwartek od godz. 17.00 Adoracja Naj\u015bwi\u0119tszego Sakramentu.<\/li>\n<li>W pi\u0105tek pocz\u0105tek nowenny przed Uroczysto\u015bci\u0105 Zes\u0142ania Ducha \u015awi\u0119tego. <\/li>\n<li>Bardzo serdecznie zapraszamy na codziennie Nabo\u017ce\u0144stwa majowe.<\/li>\n<li>W najbli\u017csz\u0105 niedziel\u0119 obchodzimy Uroczysto\u015b\u0107 Wniebowst\u0105pienia Pa\u0144skiego. W naszej Archidiecezji \u015bwi\u0119cenia Diakonatu. W tym dniu, uczniowie ze Szko\u0142y Muzycznej w \u0141a\u0144cucie ubogac\u0105 Liturgi\u0119 Mszy \u015bw. o godz. 10.30. Jest to zarazem III niedziela miesi\u0105ca, w naszej parafii sk\u0142adka inwestycyjna.<\/li>\n<li>Sk\u0142adam serdeczne B&oacute;g zap\u0142a\u0107 dla os&oacute;b sprz\u0105taj\u0105cych i stroj\u0105cych ko\u015bci&oacute;\u0142 oraz za wszystkie ofiary sk\u0142adane na potrzeby parafii..<\/li>\n<\/ol>\n<h3 style=\"text-align: center;\"><strong><span style=\"color: rgb(0, 0, 128);\">Intencje mszalne<\/span><\/strong><\/h3>\n<h4 style=\"text-align: center;\"><strong><span style=\"color: rgb(0, 0, 128);\">od 10 maja 2021 do 16 maja 2021<\/span><\/strong><\/h4>\n<h4><strong><br \/>\n\tGdyby zbyt d\u0142ugi czas nie by\u0142a og\u0142oszona zam&oacute;wiona intencja mszalna &ndash; prosimy o zg\u0142oszenie tego kap\u0142anowi.&nbsp; Zam&oacute;wiona intencja nie mo\u017ce zgin\u0105\u0107.<br \/>\n\t<\/strong><\/h4>\n<p><u><strong>Poniedzia\u0142ek &#8211; 10 maj<\/strong><\/u><br \/>\n\t1. + Jerzy Kie\u0142b &ndash; (greg.) <br \/>\n\t2. + Anna, W\u0142adys\u0142aw Harpula<br \/>\n\t3. Dzi\u0119kczynna i o b\u0142og. Bo\u017ce w 18 rocznic\u0119 urodzin <\/p>\n<p><u><strong>Wtorek &#8211; 11 maj<br \/>\n\t<\/strong><\/u>1. + Jerzy Kie\u0142b &ndash; (greg.)<br \/>\n\t2. Dzi\u0119kczynna za zdrowie, otrzymane \u0142aski i opiek\u0119 Matki&nbsp; Bo\u017cej w 18-ste urodziny<br \/>\n\t3. + Aniela, Franciszek Kojder i zmarli Rodzice <\/p>\n<p><u><strong>\u015aroda &#8211; 12 maj<\/strong><\/u><br \/>\n\t1. + Jerzy Kie\u0142b &ndash; (greg.)<br \/>\n\t2. + J&oacute;zefa, Stanis\u0142aw, Krystyna Hypnar oraz o potrzebne \u0142aski dla W\u0142adys\u0142awa<br \/>\n\t3. O b\u0142og. Bo\u017ce w pracy na roli oraz urodzaje z rejonu p. S. Kurka i W. Wo\u017aniaka<\/p>\n<p><u><strong>Czwartek &#8211; 13 maj<\/strong><\/u><br \/>\n\t1. + Jerzy Kie\u0142b &ndash; (greg.)<br \/>\n\t2. + Stanis\u0142aw Kalamarz<br \/>\n\t3. + Barbara Ko\u0142cz &ndash; od wujka Stanis\u0142awa z rodzin\u0105<\/p>\n<p>\t<u><strong>Pi\u0105tek &#8211; 14 maj<\/strong><\/u><br \/>\n\t1. + Jerzy Kie\u0142b &ndash; (greg.) <br \/>\n\t2. + Franciszek Wierzbicki &ndash; od \u017cony oraz + Maria \u0141ania<br \/>\n\t3. + Ignacy i Cecylia Stafiej oraz + Jakub Rupar &ndash; w rocz. \u015bm. <\/p>\n<p><u><strong>Sobota &#8211; 15 maj<\/strong><\/u><br \/>\n\t1. + Jerzy Kie\u0142b &ndash; ( greg.) <br \/>\n\t2. Dzi\u0119kczynna i o b\u0142og. Bo\u017ce dla Zofii w 85 rocz. urodzin<br \/>\n\t3. + Franciszek i Anna R\u0105czka<\/p>\n<p><u><strong>Niedziela &#8211; 16 maj<\/strong><\/u><br \/>\n\t06.30 + Maria \u0141ania &ndash; od rodzin: Paluch&oacute;w, Kie\u0142bickich, Wikier&oacute;w<br \/>\n\t08.00 + Emilia i Franciszek Mach &ndash; od c&oacute;rki Gra\u017cyny&nbsp; i wnuka Jakuba<br \/>\n\t10.30 Za parafian <br \/>\n\t15.00 + Jerzy Kie\u0142b &ndash; (greg.)<\/p>\n<h3 style=\"text-align: center;\"><strong><strong><span style=\"color: rgb(0, 0, 128);\">Modlitw\u0119 r&oacute;\u017ca\u0144cow\u0105 prowadz\u0105<br \/>\n\t<\/span><\/strong><\/strong><\/h3>\n<p>10. Pn. R&oacute;\u017ca \u015aw. Agaty &#8211; (Patrycja Por\u0119bna)<br \/>\n\t11. Wt. R&oacute;\u017ca \u015aw. Agnieszki &ndash; (Krystyna Nykiel)<br \/>\n\t12. \u015ar. R&oacute;\u017ca \u015aw. Zofii &ndash; (Zofia Kurek)<br \/>\n\t13. Cz. Akcja Katolicka <br \/>\n\t14. Pt. KSM<br \/>\n\t15. Sb. R&oacute;\u017ca \u015aw. Cecylii &ndash; (Krystyna Markowicz)<br \/>\n\t16. N. R&oacute;\u017ca \u015aw. El\u017cbiety &ndash; (Alina Trojnar)<br \/>\n\tWyznaczona R&oacute;\u017ca jest proszona o prowadzenie modlitwy r&oacute;\u017ca\u0144cowej.<\/p>\n<p><strong>Wyznaczona R&oacute;\u017ca jest proszona o prowadzenie modlitwy r&oacute;\u017ca\u0144cowej. <br \/>\n\t<\/strong><\/p>\n","protected":false},"excerpt":{"rendered":"<p>VI Niedziela Wielkanocna &#8211; 9-05-2021 Og\u0142oszenia Dzi\u015b o godz. 15.00 Nabo\u017ce\u0144stwo majowe, a po Nim Msza \u015bw. W tym tygodniu w Liturgii Ko\u015bcio\u0142a wspominamy: w czwartek &ndash; wspomnienie Matki Bo\u017cej &hellip; <a href=\"https:\/\/budy.przemyska.pl\/index.php\/2021\/05\/09\/ogloszenia-parafialne-9-maj-2021\/\" class=\"more-link\">Czytaj dalej <span class=\"screen-reader-text\">Og\u0142oszenia parafialne 9 maj 2021<\/span> <span class=\"meta-nav\">&rarr;<\/span><\/a><\/p>\n","protected":false},"author":1,"featured_media":0,"comment_status":"closed","ping_status":"closed","sticky":false,"template":"","format":"standard","meta":{"footnotes":""},"categories":[6,4],"tags":[],"class_list":["post-3269","post","type-post","status-publish","format-standard","hentry","category-aktualnosci","category-ogloszenia"],"_links":{"self":[{"href":"https:\/\/budy.przemyska.pl\/index.php\/wp-json\/wp\/v2\/posts\/3269","targetHints":{"allow":["GET"]}}],"collection":[{"href":"https:\/\/budy.przemyska.pl\/index.php\/wp-json\/wp\/v2\/posts"}],"about":[{"href":"https:\/\/budy.przemyska.pl\/index.php\/wp-json\/wp\/v2\/types\/post"}],"author":[{"embeddable":true,"href":"https:\/\/budy.przemyska.pl\/index.php\/wp-json\/wp\/v2\/users\/1"}],"replies":[{"embeddable":true,"href":"https:\/\/budy.przemyska.pl\/index.php\/wp-json\/wp\/v2\/comments?post=3269"}],"version-history":[{"count":0,"href":"https:\/\/budy.przemyska.pl\/index.php\/wp-json\/wp\/v2\/posts\/3269\/revisions"}],"wp:attachment":[{"href":"https:\/\/budy.przemyska.pl\/index.php\/wp-json\/wp\/v2\/media?parent=3269"}],"wp:term":[{"taxonomy":"category","embeddable":true,"href":"https:\/\/budy.przemyska.pl\/index.php\/wp-json\/wp\/v2\/categories?post=3269"},{"taxonomy":"post_tag","embeddable":true,"href":"https:\/\/budy.przemyska.pl\/index.php\/wp-json\/wp\/v2\/tags?post=3269"}],"curies":[{"name":"wp","href":"https:\/\/api.w.org\/{rel}","templated":true}]}}