{"id":3267,"date":"2021-05-02T13:51:23","date_gmt":"2021-05-02T11:51:23","guid":{"rendered":"http:\/\/www.budylancuckie.przemyska.pl\/?p=3267"},"modified":"2021-05-02T13:51:23","modified_gmt":"2021-05-02T11:51:23","slug":"ogloszenia-parafialne-2-maj-2021","status":"publish","type":"post","link":"https:\/\/budy.przemyska.pl\/index.php\/2021\/05\/02\/ogloszenia-parafialne-2-maj-2021\/","title":{"rendered":"Og\u0142oszenia parafialne 2 maj 2021"},"content":{"rendered":"<h2 style=\"text-align: center;\"><strong><span style=\"color: rgb(0, 0, 128);\">V Niedziela Wielkanocna &#8211; 2-05-2021<\/span><\/strong><\/h2>\n<h2 style=\"text-align: center;\"><strong><span style=\"color: rgb(0, 0, 128);\">Og\u0142oszenia<br \/>\n\t<\/span><\/strong><\/h2>\n<ol>\n<li>Dzi\u015b o godz. 15.00 Nabo\u017ce\u0144stwo majowe, a po Nim Msza \u015bw. <\/li>\n<li>Jutro Uroczysto\u015b\u0107 NMP Kr&oacute;lowej Polski &ndash; G\u0142&oacute;wnej Patronki Polski i Naszej Archidiecezji. Msze \u015bw. o godz. 06.30, 08.00 i 18.00.<\/li>\n<li>W tym tygodniu wypada I czwartek i I pi\u0105tek miesi\u0105ca. W czwartek od godz. 17.00 Adoracja Naj\u015bwi\u0119tszego Sakramentu &ndash; modlimy si\u0119 o Powo\u0142ania do S\u0142u\u017cby w Ko\u015bciele.<\/li>\n<li>W I pi\u0105tek miesi\u0105ca wynagradzamy Naj\u015bw. Sercu Pana Jezusa za grzechy. Msza \u015bw. rano o godz. 06.45 i wieczorem o godz.18.00. Mo\u017cliwo\u015b\u0107 odwiedzin chorych, tylko po uprzednim zg\u0142oszeniu. Codziennie te\u017c mo\u017cliwo\u015b\u0107 spowiedzi \u015bw. przed ka\u017cd\u0105 Msz\u0105 \u015bw. <\/li>\n<li>Dzieci pierwszokomunijne prze\u017cywaj\u0105 Bia\u0142y Tydzie\u0144. Codziennie r&oacute;wnie\u017c Nabo\u017ce\u0144stwo majowe po Mszy \u015bw.<\/li>\n<li>W sobot\u0119 Uroczysto\u015b\u0107 \u015bw. Stanis\u0142awa &ndash; bpa i m\u0119czennika, Patrona Polski.<\/li>\n<li>Sk\u0142adam serdeczne B&oacute;g zap\u0142a\u0107 dla os&oacute;b sprz\u0105taj\u0105cych i stroj\u0105cych ko\u015bci&oacute;\u0142 oraz za wszystkie ofiary sk\u0142adane na potrzeby parafii.<\/li>\n<\/ol>\n<h3 style=\"text-align: center;\"><strong><span style=\"color: rgb(0, 0, 128);\">Intencje mszalne<\/span><\/strong><\/h3>\n<h4 style=\"text-align: center;\"><strong><span style=\"color: rgb(0, 0, 128);\">od 2 maja 2021 do 9 maja 2021<\/span><\/strong><\/h4>\n<h4><strong><br \/>\n\tGdyby zbyt d\u0142ugi czas nie by\u0142a og\u0142oszona zam&oacute;wiona intencja mszalna &ndash; prosimy o zg\u0142oszenie tego kap\u0142anowi.&nbsp; Zam&oacute;wiona intencja nie mo\u017ce zgin\u0105\u0107.<br \/>\n\t<\/strong><\/h4>\n<p><u><strong>Poniedzia\u0142ek &#8211; 3 maj<\/strong><\/u><br \/>\n\t06.30 + Jerzy Kie\u0142b &ndash; (greg.) <br \/>\n\t06.30 + Katarzyna, W\u0142adys\u0142aw Benedyk<br \/>\n\t08.00 + Edward Szostek &ndash; od Genowefy Bartnik<br \/>\n\t08.00 + Zdzis\u0142aw i Wies\u0142aw Dyrda<br \/>\n\t18.00 + Franciszek Mach &ndash; od Juliana z rodzin\u0105<\/p>\n<p><u><strong>Wtorek &#8211; 4 maj<br \/>\n\t<\/strong><\/u>1. + Jerzy Kie\u0142b &ndash; (greg.)<br \/>\n\t2. + Jan, Maria, J&oacute;zef Blok oraz + Wiktoria i Jan R\u0105czka<br \/>\n\t3. + Stefania i Stanis\u0142aw Malach <\/p>\n<p><u><strong>\u015aroda &#8211; 5 maj<\/strong><\/u><br \/>\n\t1. + Jerzy Kie\u0142b &ndash; (greg.)<br \/>\n\t2. + Edward Szostek &ndash; od rodziny Rydzik&oacute;w i Ba\u0142&oacute;w <br \/>\n\t3. + Tomasz Blok &ndash; od Marii i Katarzyny<\/p>\n<p><u><strong>Czwartek &#8211; 6 maj<\/strong><\/u><br \/>\n\t1. + Jerzy Kie\u0142b &ndash; (greg.)<br \/>\n\t2. + Bronis\u0142awa i Wies\u0142aw Kr&oacute;l<br \/>\n\t3. + Dzi\u0119kczynna i o potrzebne \u0142aski w 18 rocz. urodzin<\/p>\n<p>\t<u><strong>Pi\u0105tek &#8211; 7 maj<\/strong><\/u><br \/>\n\t06.45 + Jerzy Kie\u0142b &ndash; (greg.) <br \/>\n\t06.45 + J&oacute;zef Bar &ndash; od \u017cony z rodzin\u0105<br \/>\n\t18.00 + W\u0142adys\u0142aw \u015awizdor &ndash; w rocznic\u0119 \u015bmierci<br \/>\n\t18.00 + J&oacute;zef Kojder &ndash; od rodziny Stefaniak&oacute;w, Paluch&oacute;w, Ziemia\u0144skich i Lej&oacute;w<\/p>\n<p><u><strong>Sobota &#8211; 8 maj<\/strong><\/u><br \/>\n\t1. + Jerzy Kie\u0142b &ndash; (pocz. greg.) <br \/>\n\t2. + Stanis\u0142aw Kochman &ndash; 1 rocznica \u015bmierci<br \/>\n\t3. + Maria Golenia &ndash; od syna Romana z rodzin\u0105<\/p>\n<p><u><strong>Niedziela &#8211; 9 maj<\/strong><\/u><br \/>\n\t06.30 + Edward Szostek &ndash; od Akcji Katolickiej<br \/>\n\t08.00 + Anna, Ludwik Harpula, Bogdan Blok<br \/>\n\t10.30 Za parafian<br \/>\n\t10.30 + Waleria, Stanis\u0142aw Benedyk oraz + Ryszard Nykiel <br \/>\n\t15.00 + Jerzy Kie\u0142b &ndash; (greg.)<\/p>\n<h3 style=\"text-align: center;\"><strong><strong><span style=\"color: rgb(0, 0, 128);\">Modlitw\u0119 r&oacute;\u017ca\u0144cow\u0105 prowadz\u0105<br \/>\n\t<\/span><\/strong><\/strong><\/h3>\n<p>03. Pn. R&oacute;\u017ca \u015aw. Teresy od dzieci\u0105tka Jezus &#8211; (Dorota Dzierga)<br \/>\n\t04. Wt. R&oacute;\u017ca \u015aw. Teresy Wielkiej &ndash; (Zofia Wierzbicka)<br \/>\n\t05. \u015ar. R&oacute;\u017ca \u015aw. Tomasza Aposto\u0142a &ndash; (Stanis\u0142aw \u015alimak)<br \/>\n\t06. Cz. Dzie\u0142o Pomocy Powo\u0142aniom &ndash; (Anna Szular) <br \/>\n\t07. Pt. KSM<br \/>\n\t08. Sb. R&oacute;\u017ca \u015aw. Franciszka z Asy\u017cu &ndash; (Jan Nowak)<br \/>\n\t09. N. R&oacute;\u017ca \u015aw. Andrzeja Aposto\u0142a &ndash; (J&oacute;zef M\u0105dry)<br \/>\n\tWyznaczona R&oacute;\u017ca jest proszona o prowadzenie modlitwy r&oacute;\u017ca\u0144cowej.<\/p>\n<p><strong>Wyznaczona R&oacute;\u017ca jest proszona o prowadzenie modlitwy r&oacute;\u017ca\u0144cowej. <br \/>\n\t<\/strong><\/p>\n<h3 style=\"text-align: center;\"><strong><strong><span style=\"color: rgb(0, 0, 128);\">Propozycja intencji do przekazania do odprawienia w Wy\u017cszym Seminarium Duchownym w Przemy\u015blu<br \/>\n\t<\/span><\/strong><\/strong><\/h3>\n<p>01.&nbsp;&nbsp;&nbsp;&nbsp; + Janina Ruszel &ndash; od rodziny Pasterz&oacute;w<br \/>\n\t02.&nbsp;&nbsp;&nbsp; &nbsp;+ Janina Ruszel &ndash; od te\u015bciowej<br \/>\n\t03.&nbsp;&nbsp;&nbsp; &nbsp;+ Janina Ruszel &ndash; od kuzynki Beaty z Kanady<br \/>\n\t04.&nbsp;&nbsp;&nbsp; &nbsp;+ Janina Ruszel &ndash; od kuzynki Marzeny z rodzin\u0105<br \/>\n\t05.&nbsp;&nbsp;&nbsp; &nbsp;+ Janina Ruszel &ndash; od Renaty i Roberta<br \/>\n\t06.&nbsp;&nbsp;&nbsp; &nbsp;+ Boles\u0142aw Rupar &ndash; od swat&oacute;w<br \/>\n\t07.&nbsp;&nbsp;&nbsp; &nbsp;+ Maria Gw&oacute;\u017ad\u017a &ndash; od s\u0105siad&oacute;w<br \/>\n\t08.&nbsp;&nbsp;&nbsp; &nbsp;+ J&oacute;zef Kania &ndash; od Grzegorza Dyrdy z rodzin\u0105<br \/>\n\t09.&nbsp;&nbsp;&nbsp; &nbsp;+ Helena Stafiej &ndash; od prawnuk&oacute;w Ani i Wojtka<br \/>\n\t10.&nbsp;&nbsp;&nbsp; &nbsp;+ Jacek Chudzik &ndash; od Le\u015bnictwa Wydrze<br \/>\n\t11.&nbsp;&nbsp;&nbsp; &nbsp;+ Jacek Chudzik &ndash; od Le\u015bnictwa Korniakt&oacute;w<br \/>\n\t12.&nbsp;&nbsp;&nbsp; &nbsp;+ Jacek Chudzik &ndash; od Anny i \u0141ukasza Pelc<br \/>\n\t13.&nbsp;&nbsp;&nbsp; &nbsp;+ Helena Motyka &ndash; od brata Micha\u0142a z rodzin\u0105<br \/>\n\t14.&nbsp;&nbsp;&nbsp; &nbsp;+ Helena Motyka &ndash; od brata Micha\u0142a z rodzin\u0105<br \/>\n\t15.&nbsp;&nbsp;&nbsp; &nbsp;+ Helena Motyka &ndash; od rodziny Nykiel z \u0141a\u0144cuta<br \/>\n\t16.&nbsp;&nbsp;&nbsp; &nbsp;+ Maria Golenia &ndash; od Stanis\u0142awa, Marii i Marzeny<br \/>\n\t17.&nbsp;&nbsp;&nbsp; &nbsp;+ Maria Golenia &ndash; od Anny Nykiel z rodzin\u0105<br \/>\n\t18.&nbsp;&nbsp;&nbsp; &nbsp;+ Maria \u0141ania &ndash; od Marii z rodzin\u0105<br \/>\n\t19.&nbsp;&nbsp;&nbsp; &nbsp;+ Maria \u0141ania &ndash; od Krystyny Gocka<br \/>\n\t20.&nbsp;&nbsp;&nbsp; &nbsp;+ Maria \u0141ania &ndash; od Joli z rodzin\u0105<br \/>\n\t21.&nbsp;&nbsp;&nbsp; &nbsp;+ Maria \u0141ania &ndash; od rodziny Wojturskich<br \/>\n\t22.&nbsp;&nbsp;&nbsp; &nbsp;+ Maria \u0141ania &ndash; od rodziny z Sanoka<br \/>\n\t23.&nbsp;&nbsp;&nbsp; &nbsp;+ Edward Szostek &ndash; od Si&oacute;str Zakonnych z Le\u017cajska<br \/>\n\t24.&nbsp;&nbsp;&nbsp; &nbsp;+ Edward Szostek &ndash; od Si&oacute;str Zakonnych z Buska- Zdroju<br \/>\n\t25.&nbsp;&nbsp;&nbsp; &nbsp;+ Edward Szostek &ndash; od Si&oacute;str Zakonnych z Chmielnika<br \/>\n\t26.&nbsp;&nbsp;&nbsp; &nbsp;+ Edward Szostek &ndash; od Si&oacute;str Zakonnych z Proszowic<br \/>\n\t27.&nbsp;&nbsp;&nbsp; &nbsp;+ Edward Szostek &ndash; od Si&oacute;str Zakonnych z Lublina<br \/>\n\t28.&nbsp;&nbsp;&nbsp; &nbsp;+ J&oacute;zef Kojder &ndash; od rodziny Jaworskich<br \/>\n\t29.&nbsp;&nbsp;&nbsp; &nbsp;+ Franciszek Mach &ndash; od Lucyny i Jana Zarabskich<br \/>\n\t30.&nbsp;&nbsp;&nbsp; &nbsp;+ Franciszek Mach &ndash; od Barbary i Jerzego Komisarz<br \/>\n\t&nbsp;<\/p>\n","protected":false},"excerpt":{"rendered":"<p>V Niedziela Wielkanocna &#8211; 2-05-2021 Og\u0142oszenia Dzi\u015b o godz. 15.00 Nabo\u017ce\u0144stwo majowe, a po Nim Msza \u015bw. Jutro Uroczysto\u015b\u0107 NMP Kr&oacute;lowej Polski &ndash; G\u0142&oacute;wnej Patronki Polski i Naszej Archidiecezji. Msze &hellip; <a href=\"https:\/\/budy.przemyska.pl\/index.php\/2021\/05\/02\/ogloszenia-parafialne-2-maj-2021\/\" class=\"more-link\">Czytaj dalej <span class=\"screen-reader-text\">Og\u0142oszenia parafialne 2 maj 2021<\/span> <span class=\"meta-nav\">&rarr;<\/span><\/a><\/p>\n","protected":false},"author":1,"featured_media":0,"comment_status":"closed","ping_status":"closed","sticky":false,"template":"","format":"standard","meta":{"footnotes":""},"categories":[6,4],"tags":[],"class_list":["post-3267","post","type-post","status-publish","format-standard","hentry","category-aktualnosci","category-ogloszenia"],"_links":{"self":[{"href":"https:\/\/budy.przemyska.pl\/index.php\/wp-json\/wp\/v2\/posts\/3267","targetHints":{"allow":["GET"]}}],"collection":[{"href":"https:\/\/budy.przemyska.pl\/index.php\/wp-json\/wp\/v2\/posts"}],"about":[{"href":"https:\/\/budy.przemyska.pl\/index.php\/wp-json\/wp\/v2\/types\/post"}],"author":[{"embeddable":true,"href":"https:\/\/budy.przemyska.pl\/index.php\/wp-json\/wp\/v2\/users\/1"}],"replies":[{"embeddable":true,"href":"https:\/\/budy.przemyska.pl\/index.php\/wp-json\/wp\/v2\/comments?post=3267"}],"version-history":[{"count":0,"href":"https:\/\/budy.przemyska.pl\/index.php\/wp-json\/wp\/v2\/posts\/3267\/revisions"}],"wp:attachment":[{"href":"https:\/\/budy.przemyska.pl\/index.php\/wp-json\/wp\/v2\/media?parent=3267"}],"wp:term":[{"taxonomy":"category","embeddable":true,"href":"https:\/\/budy.przemyska.pl\/index.php\/wp-json\/wp\/v2\/categories?post=3267"},{"taxonomy":"post_tag","embeddable":true,"href":"https:\/\/budy.przemyska.pl\/index.php\/wp-json\/wp\/v2\/tags?post=3267"}],"curies":[{"name":"wp","href":"https:\/\/api.w.org\/{rel}","templated":true}]}}