{"id":3264,"date":"2021-04-24T20:11:08","date_gmt":"2021-04-24T18:11:08","guid":{"rendered":"http:\/\/www.budylancuckie.przemyska.pl\/?p=3264"},"modified":"2021-04-24T20:11:08","modified_gmt":"2021-04-24T18:11:08","slug":"ogloszenia-parafialne-25-kwiecien-2021","status":"publish","type":"post","link":"https:\/\/budy.przemyska.pl\/index.php\/2021\/04\/24\/ogloszenia-parafialne-25-kwiecien-2021\/","title":{"rendered":"Og\u0142oszenia parafialne 25 kwiecie\u0144 2021"},"content":{"rendered":"<h2 style=\"text-align: center;\"><strong><span style=\"color: rgb(0, 0, 128);\">IV Niedziela Wielkanocna &#8211; 25-04-2021<\/span><\/strong><\/h2>\n<h2 style=\"text-align: center;\"><strong><span style=\"color: rgb(0, 0, 128);\">Og\u0142oszenia<br \/>\n\t<\/span><\/strong><\/h2>\n<ol>\n<li>Dzi\u015b o godz. 15.00 Nab. do Matki Bo\u017cej, a po Nim Msza \u015bw. W dzisiejsz\u0105 niedziel\u0119 rozpoczynamy w K-le Tydzie\u0144 Modlitw o Powo\u0142ania do S\u0142u\u017cby Bo\u017cej. <\/li>\n<li>W czwartek od godz. 17.00 Adoracja Naj\u015bwi\u0119tszego Sakramentu.<\/li>\n<li>W I sobot\u0119 rozpoczynamy Nabo\u017ce\u0144stwa majowe. W tym te\u017c dniu czcimy Niepokalane Serce NMP. O godz. 18.00 Msza \u015bw., potem Nabo\u017ce\u0144stwo r&oacute;\u017ca\u0144cowe i Litania do Matki Bo\u017cej oraz procesja z figur\u0105 Matki Bo\u017cej Fatimskiej i zmiana tajemnic r&oacute;\u017ca\u0144cowych. Od godz. 16.30 Spowied\u017a \u015bw. dla dzieci pierwszokomunijnych i ich bliskich. <\/li>\n<li>Sk\u0142adam serdeczne B&oacute;g zap\u0142a\u0107 dla os&oacute;b sprz\u0105taj\u0105cych i stroj\u0105cych ko\u015bci&oacute;\u0142 oraz za wszystkie ofiary sk\u0142adane na potrzeby parafii..<\/li>\n<\/ol>\n<h3 style=\"text-align: center;\"><strong><span style=\"color: rgb(0, 0, 128);\">Intencje mszalne<\/span><\/strong><\/h3>\n<h4 style=\"text-align: center;\"><strong><span style=\"color: rgb(0, 0, 128);\">od 26 kwietnia 2021 do 2 maja 2021<\/span><\/strong><\/h4>\n<h4><strong><br \/>\n\tGdyby zbyt d\u0142ugi czas nie by\u0142a og\u0142oszona zam&oacute;wiona intencja mszalna &ndash; prosimy o zg\u0142oszenie tego kap\u0142anowi.&nbsp; Zam&oacute;wiona intencja nie mo\u017ce zgin\u0105\u0107.<br \/>\n\t<\/strong><\/h4>\n<p><u><strong>Poniedzia\u0142ek &#8211; 26 kwiecie\u0144<\/strong><\/u><br \/>\n\t1. + Franciszek Mach &ndash; od c&oacute;rki Jadwigi z m\u0119\u017cem <br \/>\n\t2. + Maria Golenia &ndash; od wnuka \u0141ukasza z rodzin\u0105<br \/>\n\t3. + Edward Szostek &ndash; od rodziny Kochman<\/p>\n<p><u><strong>Wtorek &#8211; 27 kwiecie\u0144<br \/>\n\t<\/strong><\/u>1. + Tadeusz Kubis &ndash; od koleg&oacute;w z pracy<br \/>\n\t2. + Maria, Tadeusz, W\u0142adys\u0142aw Benedyk i zmarli Rodzice<br \/>\n\t3. + Maria Gw&oacute;\u017ad\u017a &ndash; od kole\u017canek c&oacute;rki Agnieszki <\/p>\n<p><u><strong>\u015aroda &#8211; 28 kwiecie\u0144<\/strong><\/u><br \/>\n\t1. + Barbara Ko\u0142cz &ndash; w 1 rocznice \u015bmierci<br \/>\n\t2. + Julia i Tadeusz Falandys <br \/>\n\t3. + Zofia i Antoni Bar<\/p>\n<p><u><strong>Czwartek &#8211; 29 kwiecie\u0144<\/strong><\/u><br \/>\n\t1. + Maria Golenia &ndash; z R&oacute;\u017cy \u015bw. Kingi <br \/>\n\t2. + Jerzy Kie\u0142b &ndash; od kole\u017c. Siostry ze sklepu nr 1<br \/>\n\t3. + Edward Szostek &ndash; od s\u0105siad&oacute;w Por\u0119bnych<\/p>\n<p>\t<u><strong>Pi\u0105tek &#8211; 30 kwiecie\u0144<\/strong><\/u><br \/>\n\t1. + Boles\u0142aw Rupar &ndash; od rodziny Szmuc <br \/>\n\t2. + Aniela i W\u0142adys\u0142aw Benedyk oraz Tadeusz, Katarzyna, Jakub i zmarli z rodziny Fo\u0142t&oacute;w<br \/>\n\t3. + Agata, Jan Ciupi\u0144scy oraz + Jan Skiba<\/p>\n<p><u><strong>Sobota &#8211; 1 maj<\/strong><\/u><br \/>\n\t1. + Jerzy Kie\u0142b &ndash; (pocz. greg.) <br \/>\n\t2. + Edward Szostek &ndash; od Dyr., Naucz. i Prac. Sz. Podst. Nr 2 w Budach \u0141a\u0144cuckich <br \/>\n\t3. + J&oacute;zef Kojder &ndash; od c&oacute;rki Barbary z rodzin\u0105<\/p>\n<p><u><strong>Niedziela &#8211; 2 maj<\/strong><\/u><br \/>\n\t06.30 Dzi\u0119kczynna w 20 rocz. \u015blubu Agaty i Franciszka<br \/>\n\t08.00 Dzi\u0119k. za \u0142aski w 23 rocz. \u015blubu Renaty i Andrzeja<br \/>\n\t10.30 Za parafian<br \/>\n\t12.00 W intencji Dzieci Pierwszokomunijnych <br \/>\n\t15.00 + Jerzy Kie\u0142b &ndash; (greg.)<\/p>\n<h3 style=\"text-align: center;\"><strong><strong><span style=\"color: rgb(0, 0, 128);\">Modlitw\u0119 r&oacute;\u017ca\u0144cow\u0105 prowadz\u0105<br \/>\n\t<\/span><\/strong><\/strong><\/h3>\n<p>26. Pn. R&oacute;\u017ca \u015aw. Maria Goretti &#8211; (El\u017cbieta Kukulska)<br \/>\n\t27. Wt. R&oacute;\u017ca \u015aw. Marty &ndash; (Czes\u0142awa Por\u0119bna)<br \/>\n\t28. \u015ar. R&oacute;\u017ca Matki Bo\u017cej R&oacute;\u017ca\u0144cowej &ndash; (Zofia \u015awizdor)<br \/>\n\t29. Cz. R&oacute;\u017ca Matki Bo\u017cej Szkaplerznej &ndash; (Maria K\u0142os) <br \/>\n\t30. Pt. KSM<br \/>\n\t01. Sb. Kap\u0142an<br \/>\n\t02. N. R&oacute;\u017ca \u015aw. Stanis\u0142awa Biskupa &ndash; (Franciszek Bartnik)<br \/>\n\tWyznaczona R&oacute;\u017ca jest proszona o prowadzenie modlitwy r&oacute;\u017ca\u0144cowej.<\/p>\n<p><strong>Wyznaczona R&oacute;\u017ca jest proszona o prowadzenie modlitwy r&oacute;\u017ca\u0144cowej. <br \/>\n\t<\/strong><\/p>\n<h3 style=\"text-align: center;\"><strong><strong><span style=\"color: rgb(0, 0, 128);\">Propozycja intencji do przekazania do odprawienia w Wy\u017cszym Seminarium Duchownym w Przemy\u015blu<br \/>\n\t<\/span><\/strong><\/strong><\/h3>\n<p>01.&nbsp;&nbsp;&nbsp; + Zofia Wikiera &ndash; od Tadeusza Mac z rodzin\u0105<br \/>\n\t02.&nbsp;&nbsp;&nbsp; + Zofia Wikiera &ndash; od brata Andrzeja z rodzin\u0105<br \/>\n\t03.&nbsp;&nbsp; &nbsp;+ Zofia Wikiera &ndash; od chrze\u015bniaka Mateusza<br \/>\n\t04.&nbsp;&nbsp; &nbsp;+ Zofia Wikiera &ndash; od Rafa\u0142a<br \/>\n\t05.&nbsp;&nbsp; &nbsp;+ Zofia Wikiera &ndash; od rodziny Rachwa\u0142<br \/>\n\t06.&nbsp;&nbsp; &nbsp;+ Zofia Wikiera &ndash; od Justyny i Grzegorza Kie\u0142b<br \/>\n\t07.&nbsp;&nbsp; &nbsp;+ Zofia Wikiera &ndash; od Haliny i Ryszarda Kojder<br \/>\n\t08.&nbsp;&nbsp; &nbsp;+ Zofia Wikiera &ndash; od Barbary i Adama Tomczyk<br \/>\n\t09.&nbsp;&nbsp; &nbsp;+ Zofia Wikiera &ndash; od Sylwi i \u0141ukasza M\u0105czko z Kacperkiem<br \/>\n\t10.&nbsp;&nbsp; &nbsp;+ Zofia Wikiera &ndash; od Asi i Seweryna Tomczyk z Leosiem i Basi\u0105<br \/>\n\t11.&nbsp;&nbsp; &nbsp;+ Boles\u0142aw Rupar &ndash; od Teresy Fulisa<br \/>\n\t12.&nbsp;&nbsp; &nbsp;+ Boles\u0142aw Rupar &ndash; od Towarzystwa Pomocy Caritasu<br \/>\n\t13.&nbsp;&nbsp; &nbsp;+ Boles\u0142aw Rupar &ndash; od Dyrekcji Planowania O\u015bwiaty w Gminie Markowa<br \/>\n\t14.&nbsp;&nbsp; &nbsp;+ Helena Stafiej &ndash; od wnuka Darka z \u017con\u0105<br \/>\n\t15.&nbsp;&nbsp; &nbsp;+ Helena Stafiej &ndash; od rodziny Dzierw&oacute;w<br \/>\n\t16.&nbsp;&nbsp; &nbsp;+ J&oacute;zef Kania &ndash; od rodziny Adama i Ma\u0142gorzaty Zarzyckich<br \/>\n\t17.&nbsp;&nbsp; &nbsp;+ Bogdan Blok &ndash; od kole\u017canek \u017cony &bdquo;Niezabudki&rdquo;<br \/>\n\t18.&nbsp;&nbsp; &nbsp;+ Jacek Chudzik &ndash; od Le\u015bnictwa Marynin<br \/>\n\t19.&nbsp;&nbsp; &nbsp;+ Jacek Chudzik &ndash; od Le\u015bnictwa Jelna<br \/>\n\t20.&nbsp;&nbsp; &nbsp;+ W\u0142adys\u0142aw \u015awizdor &ndash; od Nau. i Prac. SP nr 2 w Korniaktowie P\u0142n.<br \/>\n\t21.&nbsp;&nbsp; &nbsp;+ Zofia Panek &ndash; od koleg&oacute;w z pracy syna Kazimierza z firmy Bispol<br \/>\n\t22.&nbsp;&nbsp; &nbsp;+ Janina Ruszel &ndash; od koleg&oacute;w i kole\u017canek z firmy Bispol<br \/>\n\t23.&nbsp;&nbsp; &nbsp;+ Janina Ruszel &ndash; od rodziny Rupar&oacute;w<br \/>\n\t24.&nbsp;&nbsp; &nbsp;+ Janina Ruszel &ndash; od swat&oacute;w z Rakszawy<br \/>\n\t25.&nbsp;&nbsp; &nbsp;+ Helena Motyka &ndash; od koleg&oacute;w \u0141a\u0144cuckiego Zak\u0142adu Komunalnego, z dzia\u0142u Wodoci\u0105g&oacute;w<br \/>\n\t26.&nbsp;&nbsp; &nbsp;+ Helena Motyka &#8211; od koleg&oacute;w \u0141a\u0144cuckiego Zak\u0142adu Komunalnego,&nbsp; z dzia\u0142u Wodoci\u0105g&oacute;w<br \/>\n\t27.&nbsp;&nbsp; &nbsp;+ Helena Motyka &ndash; od brata Micha\u0142a z rodzin\u0105<br \/>\n\t28.&nbsp;&nbsp; &nbsp;+ Maria Golenia &ndash; od Stanis\u0142awa Nykiel z Kopa\u0144<br \/>\n\t29.&nbsp;&nbsp; &nbsp;+ Maria \u0141ania &ndash; od rodziny Wojew&oacute;dk&oacute;w<br \/>\n\t30.&nbsp;&nbsp; &nbsp;+ Maria \u0141ania &ndash; od rodziny Anny Kogut<br \/>\n\t&nbsp;<\/p>\n<p>\n\t&nbsp;<\/p>\n","protected":false},"excerpt":{"rendered":"<p>IV Niedziela Wielkanocna &#8211; 25-04-2021 Og\u0142oszenia Dzi\u015b o godz. 15.00 Nab. do Matki Bo\u017cej, a po Nim Msza \u015bw. W dzisiejsz\u0105 niedziel\u0119 rozpoczynamy w K-le Tydzie\u0144 Modlitw o Powo\u0142ania do &hellip; <a href=\"https:\/\/budy.przemyska.pl\/index.php\/2021\/04\/24\/ogloszenia-parafialne-25-kwiecien-2021\/\" class=\"more-link\">Czytaj dalej <span class=\"screen-reader-text\">Og\u0142oszenia parafialne 25 kwiecie\u0144 2021<\/span> <span class=\"meta-nav\">&rarr;<\/span><\/a><\/p>\n","protected":false},"author":1,"featured_media":0,"comment_status":"closed","ping_status":"closed","sticky":false,"template":"","format":"standard","meta":{"footnotes":""},"categories":[6,4],"tags":[],"class_list":["post-3264","post","type-post","status-publish","format-standard","hentry","category-aktualnosci","category-ogloszenia"],"_links":{"self":[{"href":"https:\/\/budy.przemyska.pl\/index.php\/wp-json\/wp\/v2\/posts\/3264","targetHints":{"allow":["GET"]}}],"collection":[{"href":"https:\/\/budy.przemyska.pl\/index.php\/wp-json\/wp\/v2\/posts"}],"about":[{"href":"https:\/\/budy.przemyska.pl\/index.php\/wp-json\/wp\/v2\/types\/post"}],"author":[{"embeddable":true,"href":"https:\/\/budy.przemyska.pl\/index.php\/wp-json\/wp\/v2\/users\/1"}],"replies":[{"embeddable":true,"href":"https:\/\/budy.przemyska.pl\/index.php\/wp-json\/wp\/v2\/comments?post=3264"}],"version-history":[{"count":0,"href":"https:\/\/budy.przemyska.pl\/index.php\/wp-json\/wp\/v2\/posts\/3264\/revisions"}],"wp:attachment":[{"href":"https:\/\/budy.przemyska.pl\/index.php\/wp-json\/wp\/v2\/media?parent=3264"}],"wp:term":[{"taxonomy":"category","embeddable":true,"href":"https:\/\/budy.przemyska.pl\/index.php\/wp-json\/wp\/v2\/categories?post=3264"},{"taxonomy":"post_tag","embeddable":true,"href":"https:\/\/budy.przemyska.pl\/index.php\/wp-json\/wp\/v2\/tags?post=3264"}],"curies":[{"name":"wp","href":"https:\/\/api.w.org\/{rel}","templated":true}]}}