{"id":3262,"date":"2021-04-18T13:40:00","date_gmt":"2021-04-18T11:40:00","guid":{"rendered":"http:\/\/www.budylancuckie.przemyska.pl\/?p=3262"},"modified":"2021-04-18T13:40:00","modified_gmt":"2021-04-18T11:40:00","slug":"ogloszenia-parafialne-18-kwiecien-2021","status":"publish","type":"post","link":"https:\/\/budy.przemyska.pl\/index.php\/2021\/04\/18\/ogloszenia-parafialne-18-kwiecien-2021\/","title":{"rendered":"Og\u0142oszenia parafialne 18 kwiecie\u0144 2021"},"content":{"rendered":"<h2 style=\"text-align: center;\"><strong><span style=\"color: rgb(0, 0, 128);\">III Niedziela Wielkanocna &#8211; 18-04-2021<\/span><\/strong><\/h2>\n<h2 style=\"text-align: center;\"><strong><span style=\"color: rgb(0, 0, 128);\">Og\u0142oszenia<br \/>\n\t<\/span><\/strong><\/h2>\n<ol>\n<li>Dzi\u015b o godz. 15.00 Nabo\u017ce\u0144stwo do \u015bw. J&oacute;zefa, a po Nim Msza \u015bw. W dzisiejsz\u0105 niedziel\u0119 rozpoczynamy w Ko\u015bciele Tydzie\u0144 Biblijny. <\/li>\n<li>W czwartek od godz. 17.00 Adoracja Naj\u015bwi\u0119tszego Sakramentu.<\/li>\n<li>W pi\u0105tek Uroczysto\u015b\u0107 \u015bw. Wojciecha, biskupa i m\u0119czennika, patrona Polski. W tym dniu nie obowi\u0105zuje wstrzemi\u0119\u017aliwo\u015b\u0107 od pokarm&oacute;w mi\u0119snych.<\/li>\n<li>Sk\u0142adam serdeczne B&oacute;g zap\u0142a\u0107 dla os&oacute;b sprz\u0105taj\u0105cych i stroj\u0105cych ko\u015bci&oacute;\u0142 oraz za wszystkie ofiary sk\u0142adane na potrzeby parafii.<\/li>\n<\/ol>\n<h3 style=\"text-align: center;\"><strong><span style=\"color: rgb(0, 0, 128);\">Intencje mszalne<\/span><\/strong><\/h3>\n<h4 style=\"text-align: center;\"><strong><span style=\"color: rgb(0, 0, 128);\">od 19 kwietnia 2021 do 25 kwietnia 2021<\/span><\/strong><\/h4>\n<h4><strong><br \/>\n\tGdyby zbyt d\u0142ugi czas nie by\u0142a og\u0142oszona zam&oacute;wiona intencja mszalna &ndash; prosimy o zg\u0142oszenie tego kap\u0142anowi.&nbsp; Zam&oacute;wiona intencja nie mo\u017ce zgin\u0105\u0107.<br \/>\n\t<\/strong><\/h4>\n<p><u><strong>Poniedzia\u0142ek &#8211; 19 kwiecie\u0144<\/strong><\/u><br \/>\n\t1. + Boles\u0142aw Rupar &ndash; od Us\u0142ug Wsp&oacute;lnych Gminy Markowa <br \/>\n\t2. + Maria Golenia &ndash; od kol. i kole\u017c. Z firmy Eurobet<br \/>\n\t3. + Edward Szostek &ndash; od syna Jacka z \u017con\u0105<\/p>\n<p><u><strong>Wtorek &#8211; 20 kwiecie\u0144<br \/>\n\t<\/strong><\/u>1. + Tadeusz Kubis &ndash; od rodziny Lasek &#8211; Bartnik<br \/>\n\t2. + Zofia Brewka &ndash; od c&oacute;rki Danuty z m\u0119\u017cem<br \/>\n\t3. + Franciszek Wasilewski i zmarli z rodziny <\/p>\n<p><u><strong>\u015aroda &#8211; 21 kwiecie\u0144<\/strong><\/u><br \/>\n\t1. + Maria Baj &ndash; od rodziny Markowicz&oacute;w<br \/>\n\t2. Dzi\u0119k. za otrzymane \u0142aski; z pro\u015bb\u0105 o b\u0142. Bo\u017ce w r. \u015blubu <br \/>\n\t3. + Karolina i Franciszek Lasek<\/p>\n<p><u><strong>Czwartek &#8211; 22 kwiecie\u0144<\/strong><\/u><br \/>\n\t1. + Maria Golenia &ndash; od kol. i kole\u017c. Z firmy Euro-Okna Plus <br \/>\n\t2. + Jerzy Kie\u0142b &ndash; w rocznic\u0119 \u015bmierci<br \/>\n\t3. + Maria \u0141ania &ndash; od rodziny Por\u0119bnych<\/p>\n<p>\t<u><strong>Pi\u0105tek &#8211; 23 kwiecie\u0144<\/strong><\/u><br \/>\n\t1. + W\u0142adys\u0142aw i Janina Golenia oraz + Teresa Szular <br \/>\n\t2. + Jerzy Kie\u0142b &ndash; od kole\u017c. Siostry w \u0141a\u0144cucie<br \/>\n\t3. + Bogdan Blok &ndash; 1 rocznica \u015bmierci<\/p>\n<p><u><strong>Sobota &#8211; 24 kwiecie\u0144<\/strong><\/u><br \/>\n\t1. Dzi\u0119k. za otrzymane \u0142aski; z pro\u015bb\u0105 o b\u0142. Bo\u017ce dla Rodzic&oacute;w w 50 rocz. \u015blubu <br \/>\n\t2. + Cecylia Mazur &ndash; rocznica \u015bmierci<br \/>\n\t3. + Aniela, W\u0142adys\u0142aw Bartnik<\/p>\n<p><u><strong>Niedziela &#8211; 25 kwiecie\u0144<\/strong><\/u><br \/>\n\t06.30 + Agata, Jan Ciupi\u0144scy; + Jan Skiba oraz + W\u0142adys\u0142aw, Maria D\u0105bek<br \/>\n\t08.00 + J&oacute;zef, Franciszka, Zbigniew Cebulak<br \/>\n\t10.30 Za parafian<br \/>\n\t10.30 Dzi\u0119kczynna i o b\u0142og. Bo\u017ce dla Stanis\u0142awa w 92 rocznic\u0119 urodzin <br \/>\n\t15.00 + Zofia \u015awi\u0119toniowska &ndash; od rodziny Kurek<\/p>\n<h3 style=\"text-align: center;\"><strong><strong><span style=\"color: rgb(0, 0, 128);\">Modlitw\u0119 r&oacute;\u017ca\u0144cow\u0105 prowadz\u0105<br \/>\n\t<\/span><\/strong><\/strong><\/h3>\n<p>19. Pn. R&oacute;\u017ca \u015aw. Heleny &#8211; (Helena Dyrda)<br \/>\n\t20. Wt. R&oacute;\u017ca \u015aw. Katarzyny &ndash; (Anna Kurek)<br \/>\n\t21. \u015ar. R&oacute;\u017ca \u015aw. Jadwigi \u015al\u0105skiej &ndash; (Maria Bester)<br \/>\n\t22. Cz. R&oacute;\u017ca \u015aw. Klary &ndash; (Teresa G\u0142owiak) <br \/>\n\t23. Pt. KSM<br \/>\n\t24. Sb. R&oacute;\u017ca \u015aw. Kingi &ndash; (El\u017cbieta Wacnik)<br \/>\n\t25. N. R&oacute;\u017ca \u015aw. Marii Magdaleny &ndash; (Janina Rachwa\u0142)<br \/>\n\tWyznaczona R&oacute;\u017ca jest proszona o prowadzenie modlitwy r&oacute;\u017ca\u0144cowej.<\/p>\n<p><strong>Wyznaczona R&oacute;\u017ca jest proszona o prowadzenie modlitwy r&oacute;\u017ca\u0144cowej. <br \/>\n\t<\/strong><\/p>\n<h3 style=\"text-align: center;\"><strong><strong><span style=\"color: rgb(0, 0, 128);\">Propozycja intencji do przekazania do odprawienia w Wy\u017cszym Seminarium Duchownym w Przemy\u015blu<br \/>\n\t<\/span><\/strong><\/strong><\/h3>\n<p>01.&nbsp;&nbsp; &nbsp;+ Tomasz Blok &ndash; od Piotra i Paw\u0142a z Amico <br \/>\n\t02.&nbsp;&nbsp; &nbsp;+ Tomasz Blok &ndash; od G&oacute;rala z rodzin\u0105 <br \/>\n\t03.&nbsp;&nbsp; &nbsp;+ Tomasz Blok &ndash; od koleg&oacute;w z firmy G\u0142owice &#8211; Leniart<br \/>\n\t04.&nbsp;&nbsp; &nbsp;+ Tomasz Blok &ndash; od kolegi Piotra Gwizdaka<br \/>\n\t05.&nbsp;&nbsp; &nbsp;+ Tomasz Blok &ndash; od koleg&oacute;w z Technikum<br \/>\n\t06.&nbsp;&nbsp; &nbsp;+ Tomasz Blok &ndash; od kolegi Emila Jacek z rodzin\u0105<br \/>\n\t07.&nbsp;&nbsp; &nbsp;+ Tomasz Blok &ndash; od Bartosza i Przemys\u0142awa z firmy Zadbane Auto<br \/>\n\t08.&nbsp;&nbsp; &nbsp;+ Tomasz Blok &ndash; od cioci Zosi<br \/>\n\t09.&nbsp;&nbsp; &nbsp;+ Tomasz Blok &ndash; od kuzynki Magdy<br \/>\n\t10.&nbsp;&nbsp; &nbsp;+ Tomasz Blok &ndash; od Konrada B\u0142achuta <br \/>\n\t11.&nbsp;&nbsp; &nbsp;+ Tomasz Blok &ndash; od Mariusza Majchrowskiego<br \/>\n\t12.&nbsp;&nbsp; &nbsp;+ Tomasz Blok &ndash; od kolegi Paw\u0142a Kozuba<br \/>\n\t13.&nbsp;&nbsp; &nbsp;+ Tomasz Blok &ndash; od Eweliny i Wojciecha Lachcik<br \/>\n\t14.&nbsp;&nbsp; &nbsp;+ Tomasz Blok &ndash; od Bartosza i Przemys\u0142awa z firmy Zadbane Auto<br \/>\n\t15.&nbsp;&nbsp; &nbsp;+ Tomasz Blok &ndash; od kolegi Emila Jacek z rodzin\u0105<br \/>\n\t16.&nbsp;&nbsp; &nbsp;+ J&oacute;zef Rydzik &ndash; od Alicji Joniec z rodzin\u0105<br \/>\n\t17.&nbsp;&nbsp; &nbsp;+ J&oacute;zef Rydzik &ndash; od Bogus\u0142awy Moskal z rodzin\u0105<br \/>\n\t18.&nbsp;&nbsp; &nbsp;+ J&oacute;zef Rydzik &ndash; od Andrzeja Cierpisz z rodzin\u0105<br \/>\n\t19.&nbsp;&nbsp; &nbsp;+ Maria Babiarz &ndash; od wnuczki Anety Chmury z m\u0119\u017cem<br \/>\n\t20.&nbsp;&nbsp; &nbsp;+ Maria Babiarz &ndash; od wnuczki Anny Sopel<br \/>\n\t21.&nbsp;&nbsp; &nbsp;+ J&oacute;zef Kania &ndash; od rodziny Grzegorza Dyrdy<br \/>\n\t22.&nbsp;&nbsp; &nbsp;+ Kazimierz Por\u0119bny &ndash; od Krzysztofa Wojnara z rodzin\u0105 <br \/>\n\t23.&nbsp;&nbsp; &nbsp;+ Kazimierz Por\u0119bny &ndash; od s\u0105siad&oacute;w Mazur&oacute;w<br \/>\n\t24.&nbsp;&nbsp; &nbsp;+ Kazimierz Por\u0119bny &ndash; od s\u0105siad&oacute;w rodziny Kojdr&oacute;w<br \/>\n\t25.&nbsp;&nbsp; &nbsp;+ Kazimierz Por\u0119bny &ndash; od koleg&oacute;w z Fabryki \u015arub w \u0141a\u0144cucie<br \/>\n\t26.&nbsp;&nbsp; &nbsp;+ Kazimierz Por\u0119bny &ndash; od koleg&oacute;w z Fabryki \u015arub w \u0141a\u0144cucie<br \/>\n\t27.&nbsp;&nbsp; &nbsp;+ Kazimierz Por\u0119bny &ndash; od kol. i kole\u017c. syna Rafa\u0142a ze Szko\u0142y Podstawowej <br \/>\n\t28.&nbsp;&nbsp; &nbsp;+ Paulina Pelc &ndash; od J&oacute;zefy Sobu\u015b<br \/>\n\t29.&nbsp;&nbsp; &nbsp;+ Paulina Pelc &ndash; od Ma\u0142gorzaty i Andrzeja Niemiec z rodzin\u0105<br \/>\n\t30.&nbsp;&nbsp; &nbsp;+ Paulina Pelc &ndash; od chrze\u015bniaka Stanis\u0142awa Bia\u0142y z rodzin\u0105<br \/>\n\t31.&nbsp;&nbsp; &nbsp;+ Paulina Pelc &ndash; od chrze\u015bnicy El\u017cbiety z synem<br \/>\n\t32.&nbsp;&nbsp; &nbsp;+ Paulina Pelc &ndash; od Antoniego Bia\u0142y z rodzin\u0105 <\/p>\n<p>\t&nbsp;<\/p>\n","protected":false},"excerpt":{"rendered":"<p>III Niedziela Wielkanocna &#8211; 18-04-2021 Og\u0142oszenia Dzi\u015b o godz. 15.00 Nabo\u017ce\u0144stwo do \u015bw. J&oacute;zefa, a po Nim Msza \u015bw. W dzisiejsz\u0105 niedziel\u0119 rozpoczynamy w Ko\u015bciele Tydzie\u0144 Biblijny. W czwartek od &hellip; <a href=\"https:\/\/budy.przemyska.pl\/index.php\/2021\/04\/18\/ogloszenia-parafialne-18-kwiecien-2021\/\" class=\"more-link\">Czytaj dalej <span class=\"screen-reader-text\">Og\u0142oszenia parafialne 18 kwiecie\u0144 2021<\/span> <span class=\"meta-nav\">&rarr;<\/span><\/a><\/p>\n","protected":false},"author":1,"featured_media":0,"comment_status":"closed","ping_status":"closed","sticky":false,"template":"","format":"standard","meta":{"footnotes":""},"categories":[6,4],"tags":[],"class_list":["post-3262","post","type-post","status-publish","format-standard","hentry","category-aktualnosci","category-ogloszenia"],"_links":{"self":[{"href":"https:\/\/budy.przemyska.pl\/index.php\/wp-json\/wp\/v2\/posts\/3262","targetHints":{"allow":["GET"]}}],"collection":[{"href":"https:\/\/budy.przemyska.pl\/index.php\/wp-json\/wp\/v2\/posts"}],"about":[{"href":"https:\/\/budy.przemyska.pl\/index.php\/wp-json\/wp\/v2\/types\/post"}],"author":[{"embeddable":true,"href":"https:\/\/budy.przemyska.pl\/index.php\/wp-json\/wp\/v2\/users\/1"}],"replies":[{"embeddable":true,"href":"https:\/\/budy.przemyska.pl\/index.php\/wp-json\/wp\/v2\/comments?post=3262"}],"version-history":[{"count":0,"href":"https:\/\/budy.przemyska.pl\/index.php\/wp-json\/wp\/v2\/posts\/3262\/revisions"}],"wp:attachment":[{"href":"https:\/\/budy.przemyska.pl\/index.php\/wp-json\/wp\/v2\/media?parent=3262"}],"wp:term":[{"taxonomy":"category","embeddable":true,"href":"https:\/\/budy.przemyska.pl\/index.php\/wp-json\/wp\/v2\/categories?post=3262"},{"taxonomy":"post_tag","embeddable":true,"href":"https:\/\/budy.przemyska.pl\/index.php\/wp-json\/wp\/v2\/tags?post=3262"}],"curies":[{"name":"wp","href":"https:\/\/api.w.org\/{rel}","templated":true}]}}