{"id":3260,"date":"2021-04-11T16:51:24","date_gmt":"2021-04-11T14:51:24","guid":{"rendered":"http:\/\/www.budylancuckie.przemyska.pl\/?p=3260"},"modified":"2021-04-11T16:51:24","modified_gmt":"2021-04-11T14:51:24","slug":"ogloszenia-parafialne-11-kwiecien-2021","status":"publish","type":"post","link":"https:\/\/budy.przemyska.pl\/index.php\/2021\/04\/11\/ogloszenia-parafialne-11-kwiecien-2021\/","title":{"rendered":"Og\u0142oszenia parafialne 11 kwiecie\u0144 2021"},"content":{"rendered":"<h2 style=\"text-align: center;\"><strong><span style=\"color: rgb(0, 0, 128);\">Niedziela Mi\u0142osierdzia Bo\u017cego &#8211; 11-04-2021<\/span><\/strong><\/h2>\n<h2 style=\"text-align: center;\"><strong><span style=\"color: rgb(0, 0, 128);\">Og\u0142oszenia<br \/>\n\t<\/span><\/strong><\/h2>\n<ol>\n<li>Dzi\u015b II Niedziela Wielkanocy &#8211; nazywana Bia\u0142\u0105 Niedziel\u0105, albo te\u017c Niedziel\u0105 Bo\u017cego Mi\u0142osierdzia. O godz. 15.00 Nabo\u017ce\u0144stwo do Bo\u017cego Mi\u0142osierdzia, a po Nim Msza \u015bw. <\/li>\n<li>W czwartek od godz. 17.00 Adoracja Naj\u015bwi\u0119tszego Sakramentu.<\/li>\n<li>Za tydzie\u0144 III niedziela miesi\u0105ca . W naszej parafii niedziela inwestycyjna.<\/li>\n<li>Sk\u0142adam serdeczne B&oacute;g zap\u0142a\u0107 dla os&oacute;b sprz\u0105taj\u0105cych i stroj\u0105cych ko\u015bci&oacute;\u0142 oraz za wszystkie ofiary sk\u0142adane na potrzeby parafii.<\/li>\n<\/ol>\n<h3 style=\"text-align: center;\"><strong><span style=\"color: rgb(0, 0, 128);\">Intencje mszalne<\/span><\/strong><\/h3>\n<h4 style=\"text-align: center;\"><strong><span style=\"color: rgb(0, 0, 128);\">od 12 kwietnia 2021 do 18 kwietnia 2021<\/span><\/strong><\/h4>\n<h4><strong><br \/>\n\tGdyby zbyt d\u0142ugi czas nie by\u0142a og\u0142oszona zam&oacute;wiona intencja mszalna &ndash; prosimy o zg\u0142oszenie tego kap\u0142anowi.&nbsp; Zam&oacute;wiona intencja nie mo\u017ce zgin\u0105\u0107.<br \/>\n\t<\/strong><\/h4>\n<p><u><strong>Poniedzia\u0142ek &#8211; 12 kwiecie\u0144<\/strong><\/u><br \/>\n\t1. + Boles\u0142aw Rupar &ndash; od Przewod. i Rad. Gminy Markowa <br \/>\n\t2. + Anna Wn\u0119k &ndash; w 12 rocz. \u015bmierci &ndash; od wnucz\u0105t Justyny,&nbsp; Joanny i Adama<br \/>\n\t3. + Janina Golenia<\/p>\n<p><u><strong>Wtorek &#8211; 13 kwiecie\u0144<br \/>\n\t<\/strong><\/u>1. + Stanis\u0142aw Por\u0119bny, Zofia i Jan Por\u0119bny + Czes\u0142awa Bartnik oraz zmarli z rodziny Maziarz&oacute;w<br \/>\n\t2. + Ks. Jan Cebulak i zmarli Rodzice<br \/>\n\t3. + Aniela i W\u0142adys\u0142aw Bartnik &ndash; rocz. \u015bmierci <\/p>\n<p><u><strong>\u015aroda &#8211; 14 kwiecie\u0144<\/strong><\/u><br \/>\n\t1. + Helena Motyka &ndash; z R&oacute;\u017cy \u015bw. Jadwigi \u015al\u0105skiej<br \/>\n\t2. + Maria Bosak z Bud \u0141a\u0144. &ndash; od rodziny Lorenc<br \/>\n\t3. + Edward Szostek &ndash; od \u017cony Krystyny i c&oacute;rki Agaty<\/p>\n<p><u><strong>Czwartek &#8211; 15 kwiecie\u0144<\/strong><\/u><br \/>\n\t1. + Stanis\u0142aw Kochman &ndash; 1 r. \u015bm. &ndash; od c&oacute;rki Moniki z rodzin\u0105 <br \/>\n\t2. + Helena Motyka &ndash; od c&oacute;rki z m\u0119\u017cem<br \/>\n\t3. + Jacek Chudzik &ndash; od Eugeniusza Dr\u0105\u017cek z rodzin\u0105<\/p>\n<p>\t<u><strong>Pi\u0105tek &#8211; 16 kwiecie\u0144<\/strong><\/u><br \/>\n\t1. + Boles\u0142aw Rupar &ndash; od rodziny Kubis <br \/>\n\t2. + Jan i Helena Kukulscy<br \/>\n\t3. + Jan Leja, Eugeniusz Kojder<\/p>\n<p><u><strong>Sobota &#8211; 17 kwiecie\u0144<\/strong><\/u><br \/>\n\t1. + Barbara Ko\u0142cz &ndash; od cioci Marii z rodzin\u0105 <br \/>\n\t2. + Jakub Rupar &ndash; od siostry Ma\u0142gorzaty z rodzin\u0105<br \/>\n\t3. + J&oacute;zef Kania &ndash; od rodziny Adama i Ma\u0142gorzaty Zarzyckich<\/p>\n<p><u><strong>Niedziela &#8211; 18 kwiecie\u0144<\/strong><\/u><br \/>\n\t06.30 + Maria Golenia &ndash; od syna Stanis\u0142awa z rodzin\u0105<br \/>\n\t08.00 + Maria Baj &ndash; od Zofii i Romana Ros&oacute;\u0142<br \/>\n\t10.30 Za parafian <br \/>\n\t15.00 Dzi\u0119kczynna; z pro\u015bb\u0105 o zdrowie i b\u0142og. Bo\u017ce dla El\u017cbiety i Jerzego<\/p>\n<h3 style=\"text-align: center;\"><strong><strong><span style=\"color: rgb(0, 0, 128);\">Modlitw\u0119 r&oacute;\u017ca\u0144cow\u0105 prowadz\u0105<br \/>\n\t<\/span><\/strong><\/strong><\/h3>\n<p>12. Pn. R&oacute;\u017ca \u015aw. Zofii &#8211; (Zofia Kurek)<br \/>\n\t13. Wt. R&oacute;\u017ca \u015aw. Cecylii &ndash; (Krystyna Markowicz)<br \/>\n\t14. \u015ar. R&oacute;\u017ca \u015aw. El\u017cbiety &ndash; (Alina Trojnar)<br \/>\n\t15. Cz. R&oacute;\u017ca \u015aw. Faustyny &ndash; (Eugenia \u015awizdor) <br \/>\n\t16. Pt. KSM<br \/>\n\t17. Sb. R&oacute;\u017ca \u015aw. Genowefy &ndash; (Genowefa Dr\u0105\u017cek)<br \/>\n\t18. N. R&oacute;\u017ca \u015aw. Kr&oacute;lowej Jadwigi &ndash; (Halina Dyrda)<br \/>\n\tWyznaczona R&oacute;\u017ca jest proszona o prowadzenie modlitwy r&oacute;\u017ca\u0144cowej.<\/p>\n<p><strong>Wyznaczona R&oacute;\u017ca jest proszona o prowadzenie modlitwy r&oacute;\u017ca\u0144cowej. <br \/>\n\t<\/strong><\/p>\n<h3 style=\"text-align: center;\"><strong><strong><span style=\"color: rgb(0, 0, 128);\">Propozycja intencji do przekazania do odprawienia w Wy\u017cszym Seminarium Duchownym w Przemy\u015blu<br \/>\n\t<\/span><\/strong><\/strong><\/h3>\n<p>01.&nbsp;&nbsp;&nbsp; + Zofia Brewka &ndash; od Marii i Wies\u0142awa \u015awist <br \/>\n\t02.&nbsp;&nbsp;&nbsp; + Zofia Brewka &ndash; od Mariana i Renaty Niemiec <br \/>\n\t03.&nbsp;&nbsp;&nbsp; + Zofia Brewka &ndash; od Marka Niemca z rodzin\u0105<br \/>\n\t04.&nbsp;&nbsp;&nbsp; + Zofia Brewka &ndash; od Grzegorza Niemca z rodzin\u0105<br \/>\n\t05.&nbsp;&nbsp;&nbsp; + Zofia Brewka &ndash; od Gra\u017cyny Kozio\u0142 z rodzin\u0105<br \/>\n\t06.&nbsp;&nbsp;&nbsp; + Zofia Brewka &ndash; od Dominiki z rodzin\u0105<br \/>\n\t07.&nbsp;&nbsp;&nbsp; + Zofia Brewka &ndash; od Marii z rodzin\u0105<br \/>\n\t08.&nbsp;&nbsp;&nbsp; + Zofia Brewka &ndash; od Anny i Stanis\u0142awa Pelc<br \/>\n\t09.&nbsp;&nbsp;&nbsp; + Zofia Brewka &ndash; od rodziny Kruczek<br \/>\n\t10.&nbsp;&nbsp;&nbsp; + Zofia Brewka &ndash; od syna z rodzin\u0105 <br \/>\n\t11.&nbsp;&nbsp;&nbsp; + Krystyna Kruk &ndash; od Barbary Por\u0119bny z rodzin\u0105<br \/>\n\t12.&nbsp;&nbsp;&nbsp; + Krystyna Kruk &ndash; od Andrzeja i Urszuli Bester z rodzin\u0105<br \/>\n\t13.&nbsp;&nbsp;&nbsp; + Krystyna Kruk &ndash; od siostry Alicji z m\u0119\u017cem<br \/>\n\t14.&nbsp;&nbsp;&nbsp; + Krystyna Kruk &ndash; od brata Aleksandra z rodzin\u0105<br \/>\n\t15.&nbsp;&nbsp;&nbsp; + Krystyna Kruk &ndash; od mamy Stanis\u0142awy<br \/>\n\t16.&nbsp;&nbsp;&nbsp; + Krystyna Kruk &ndash; od brata Waldemara<br \/>\n\t17.&nbsp;&nbsp;&nbsp; + Krystyna Kruk &ndash; od siostry Ma\u0142gorzaty z rodzin\u0105<br \/>\n\t18.&nbsp;&nbsp;&nbsp; + Jacek Chudzik &ndash; od s\u0105siad&oacute;w Rachwa\u0142&oacute;w<br \/>\n\t19.&nbsp;&nbsp;&nbsp; + Jacek Chudzik &ndash; od rodziny Czapl&oacute;w<br \/>\n\t20.&nbsp;&nbsp;&nbsp; + Jacek Chudzik &ndash; od Czes\u0142awy i Bogus\u0142awa Czapla<br \/>\n\t21.&nbsp;&nbsp;&nbsp; + J&oacute;zef Kania &ndash; od prac. Centrum Us\u0142ug Wsp&oacute;lnych w Bia\u0142obrzegach<br \/>\n\t22.&nbsp;&nbsp;&nbsp; + Bronis\u0142aw Migas &ndash; od siostry Danuty z m\u0119\u017cem <br \/>\n\t23.&nbsp;&nbsp;&nbsp; + Bronis\u0142aw Migas &ndash; od siostry Zofii z m\u0119\u017cem<br \/>\n\t24.&nbsp;&nbsp;&nbsp; + Bronis\u0142aw Migas &ndash; od siostry Wandy z rodzin\u0105<br \/>\n\t25.&nbsp;&nbsp;&nbsp; + Bronis\u0142aw Migas &ndash; od brata Krzysztofa z rodzin\u0105<br \/>\n\t26.&nbsp;&nbsp;&nbsp; + J&oacute;zef Rydzik &ndash; od siostrze\u0144ca Paw\u0142a <br \/>\n\t27.&nbsp;&nbsp;&nbsp; + J&oacute;zef Rydzik &ndash; od siostrzenicy Eli z rodzin\u0105 <br \/>\n\t28.&nbsp;&nbsp;&nbsp; + J&oacute;zef Rydzik &ndash; od Krystyny Kojder z rodzin\u0105<br \/>\n\t29.&nbsp;&nbsp;&nbsp; + J&oacute;zef Rydzik &ndash; od Salomei Bieleckiej z rodzin\u0105<br \/>\n\t30.&nbsp;&nbsp;&nbsp; + J&oacute;zef Rydzik &ndash; od Anny Ma\u017anio z rodzin\u0105 <br \/>\n\t&nbsp;<\/p>\n","protected":false},"excerpt":{"rendered":"<p>Niedziela Mi\u0142osierdzia Bo\u017cego &#8211; 11-04-2021 Og\u0142oszenia Dzi\u015b II Niedziela Wielkanocy &#8211; nazywana Bia\u0142\u0105 Niedziel\u0105, albo te\u017c Niedziel\u0105 Bo\u017cego Mi\u0142osierdzia. O godz. 15.00 Nabo\u017ce\u0144stwo do Bo\u017cego Mi\u0142osierdzia, a po Nim Msza &hellip; <a href=\"https:\/\/budy.przemyska.pl\/index.php\/2021\/04\/11\/ogloszenia-parafialne-11-kwiecien-2021\/\" class=\"more-link\">Czytaj dalej <span class=\"screen-reader-text\">Og\u0142oszenia parafialne 11 kwiecie\u0144 2021<\/span> <span class=\"meta-nav\">&rarr;<\/span><\/a><\/p>\n","protected":false},"author":1,"featured_media":0,"comment_status":"closed","ping_status":"closed","sticky":false,"template":"","format":"standard","meta":{"footnotes":""},"categories":[6,4],"tags":[],"class_list":["post-3260","post","type-post","status-publish","format-standard","hentry","category-aktualnosci","category-ogloszenia"],"_links":{"self":[{"href":"https:\/\/budy.przemyska.pl\/index.php\/wp-json\/wp\/v2\/posts\/3260","targetHints":{"allow":["GET"]}}],"collection":[{"href":"https:\/\/budy.przemyska.pl\/index.php\/wp-json\/wp\/v2\/posts"}],"about":[{"href":"https:\/\/budy.przemyska.pl\/index.php\/wp-json\/wp\/v2\/types\/post"}],"author":[{"embeddable":true,"href":"https:\/\/budy.przemyska.pl\/index.php\/wp-json\/wp\/v2\/users\/1"}],"replies":[{"embeddable":true,"href":"https:\/\/budy.przemyska.pl\/index.php\/wp-json\/wp\/v2\/comments?post=3260"}],"version-history":[{"count":0,"href":"https:\/\/budy.przemyska.pl\/index.php\/wp-json\/wp\/v2\/posts\/3260\/revisions"}],"wp:attachment":[{"href":"https:\/\/budy.przemyska.pl\/index.php\/wp-json\/wp\/v2\/media?parent=3260"}],"wp:term":[{"taxonomy":"category","embeddable":true,"href":"https:\/\/budy.przemyska.pl\/index.php\/wp-json\/wp\/v2\/categories?post=3260"},{"taxonomy":"post_tag","embeddable":true,"href":"https:\/\/budy.przemyska.pl\/index.php\/wp-json\/wp\/v2\/tags?post=3260"}],"curies":[{"name":"wp","href":"https:\/\/api.w.org\/{rel}","templated":true}]}}