{"id":3255,"date":"2021-04-03T16:45:36","date_gmt":"2021-04-03T14:45:36","guid":{"rendered":"http:\/\/www.budylancuckie.przemyska.pl\/?p=3255"},"modified":"2021-04-03T16:45:36","modified_gmt":"2021-04-03T14:45:36","slug":"ogloszenia-parafialne-4-kwiecien-2021","status":"publish","type":"post","link":"https:\/\/budy.przemyska.pl\/index.php\/2021\/04\/03\/ogloszenia-parafialne-4-kwiecien-2021\/","title":{"rendered":"Og\u0142oszenia parafialne 4 kwiecie\u0144 2021"},"content":{"rendered":"<h2 style=\"text-align: center;\"><strong><span style=\"color: rgb(0, 0, 128);\">Niedziela Zmartwychwstania Pa\u0144skiego &#8211; 04-04-2021<\/span><\/strong><\/h2>\n<h2 style=\"text-align: center;\"><strong><span style=\"color: rgb(0, 0, 128);\">Og\u0142oszenia<br \/>\n\t<\/span><\/strong><\/h2>\n<ol>\n<li>Dzi\u015b Niedziela Zmartwychwstania Pa\u0144skiego. Msze \u015bw. o godz.06.00 &ndash; Rezurekcja, o godz. 09.00 i o 10.30.<\/li>\n<li>Jutro &#8211; Msze \u015bw. o godz. 06.30, 08.00 i o 10.30.<\/li>\n<li>Rozpoczynamy tzw. Bia\u0142y Tydzie\u0144 &ndash; Oktaw\u0119 Wielkanocy, kt&oacute;ra jest przed\u0142u\u017ceniem \u015bwi\u0119towania pami\u0105tki Zmartwychwstania Pana Jezusa na ca\u0142y tydzie\u0144, dlatego w pi\u0105tek nie ma postu.<\/li>\n<li>Za tydzie\u0144 Niedziela Bo\u017cego Mi\u0142osierdzia. Prosimy, aby w tym dniu dzieci przynios\u0142y swoje skarbonki wielkopostne i z\u0142o\u017cy\u0142y na stoliku pod ch&oacute;rem. Wszystkie te ofiary zostan\u0105 przekazane na Caritas.<\/li>\n<li>W czwartek od godz. 17.00 Adoracja Naj\u015bwi\u0119tszego Sakramentu.<\/li>\n<li>Sk\u0142adam serdeczne B&oacute;g zap\u0142a\u0107 dla os&oacute;b sprz\u0105taj\u0105cych, stroj\u0105cych i przygotowuj\u0105cych ko\u015bci&oacute;\u0142 na czas \u015awi\u0105t oraz za wszystkie ofiary sk\u0142adane na potrzeby parafii.<\/li>\n<\/ol>\n<h3 style=\"text-align: center;\"><strong><span style=\"color: rgb(0, 0, 128);\">\u017bYCZENIA<\/span><\/strong><\/h3>\n<p style=\"text-align: center;\"><strong>Z okazji \u015awi\u0105t Wielkanocnych pragniemy \u017cyczy\u0107 Wszystkim Parafianom, a tak\u017ce mi\u0142ym Go\u015bciom, <\/strong><\/p>\n<p style=\"text-align: center;\"><strong>Pokoju i Rado\u015bci od Chrystusa Zmartwychwsta\u0142ego <\/strong><\/p>\n<p style=\"text-align: center;\"><strong>oraz Bo\u017cego b\u0142ogos\u0142awie\u0144stwa na ka\u017cdy dzie\u0144 \u017cycia. <\/strong><\/p>\n<p style=\"text-align: center;\"><strong>Niech blask Chrystusowego Zmartwychwstania opromienia ca\u0142\u0105 nasz\u0105 codzienno\u015b\u0107 \u017cycia.<\/strong><\/p>\n<h3 style=\"text-align: center;\"><strong><span style=\"color: rgb(0, 0, 128);\">OBRZ\u0118D \u015aNIADANIA WIELKANOCNEGO<\/span><\/strong><\/h3>\n<p><em>Zapalaj\u0105c pascha\u0142 rodzinny, g\u0142owa rodziny podnosi go, m&oacute;wi\u0105c:<\/em><br \/>\n\t<strong>Ojciec:<\/strong> Zmartwychwsta\u0142 Pan prawdziwie. Alleluja. <br \/>\n\t<strong>Wszyscy:<\/strong> Bogu niech b\u0119d\u0105 dzi\u0119ki. Alleluja.<br \/>\n\t&nbsp;<br \/>\n\t<strong>Ojciec:<\/strong> Z rado\u015bci\u0105 gromadzimy si\u0119 dzisiaj w naszej wsp&oacute;lnocie rodzinnej, aby uroczy\u015bcie \u015bwi\u0119towa\u0107 pami\u0105tk\u0119 Zmartwychwstania naszego Pana Jezusa Chrystusa. \u017bycz\u0119 nam wszystkim tu obecnym, aby pok&oacute;j i rado\u015b\u0107 zago\u015bci\u0142y w naszych sercach. \u017bycz\u0119, by\u015bmy wszyscy byli \u015bwiadkami Zmartwychwsta\u0142ego Chrystusa w dzisiejszym \u015bwiecie i gdziekolwiek b\u0119dziemy, by\u015bmy oznajmiali, \u017ce Pan rzeczywi\u015bcie zmartwychwsta\u0142. Ogarnijmy my\u015bl\u0105 i sercem wszystkich naszych krewnych i przyjaci&oacute;\u0142, \u017cyj\u0105cych i zmar\u0142ych, ogarnijmy ca\u0142y \u015bwiat i pro\u015bmy: <br \/>\n\t<strong>Wszyscy:<\/strong> Ojcze nasz, kt&oacute;ry\u015b jest w niebie&#8230;<\/p>\n<p style=\"text-align: center;\">Modlitwa przed posi\u0142kiem<\/p>\n<p><strong>M&oacute;dlmy si\u0119<\/strong>. Z rado\u015bci\u0105 wys\u0142awiamy Ciebie, Panie, Jezu Chryste, kt&oacute;ry po swoim z zmartwychwstaniu ukaza\u0142e\u015b si\u0119 uczniom przy \u0142amaniu chleba. Panie, b\u0105d\u017a z nami, kiedy z wdzi\u0119czno\u015bci\u0105 spo\u017cywa\u0107 b\u0119dziemy te dary i dzisiaj w braciach przyjmujemy Ciebie w go\u015bcin\u0119, przyjmij nas kiedy\u015b jako wsp&oacute;\u0142biesiadnik&oacute;w w swoim kr&oacute;lestwie, kt&oacute;ry \u017cyjesz i kr&oacute;lujesz na wieki wiek&oacute;w. <br \/>\n\t<strong>Wszyscy<\/strong>. Amen.<\/p>\n<p style=\"text-align: center;\">Modlitwa po posi\u0142ku<\/p>\n<p><strong>P:<\/strong> Uczniowie poznali Pana. Alleluja. <br \/>\n\t<strong>W.<\/strong> Przy \u0142amaniu chleba. Alleluja. <\/p>\n<p>\t<strong>M&oacute;dlmy si\u0119.<\/strong> Bo\u017ce, \u017ar&oacute;d\u0142o \u017cycia, nape\u0142nij nasze serca paschaln\u0105 rado\u015bci\u0105 i podobnie jak da\u0142e\u015b nam pokarm pochodz\u0105cy z ziemi, spraw, aby zawsze trwa\u0142o w nas nowe \u017cycie, kt&oacute;re Chrystus nam wys\u0142u\u017cy\u0142 przez swoj\u0105 \u015bmier\u0107 i zmartwychwstanie i w swoim mi\u0142osierdziu nam udzieli\u0142. Kt&oacute;ry \u017cyje i kr&oacute;luje na wieki wiek&oacute;w. W. Amen<\/p>\n<h3 style=\"text-align: center;\"><strong><span style=\"color: rgb(0, 0, 128);\">Intencje mszalne<\/span><\/strong><\/h3>\n<h4 style=\"text-align: center;\"><strong><span style=\"color: rgb(0, 0, 128);\">od 5 kwietnia 2021 do 11 kwietnia 2021<\/span><\/strong><\/h4>\n<h4><strong><br \/>\n\tGdyby zbyt d\u0142ugi czas nie by\u0142a og\u0142oszona zam&oacute;wiona intencja mszalna &ndash; prosimy o zg\u0142oszenie tego kap\u0142anowi.&nbsp; Zam&oacute;wiona intencja nie mo\u017ce zgin\u0105\u0107.<br \/>\n\t<\/strong><\/h4>\n<p><u><strong>Poniedzia\u0142ek &#8211; 5 kwiecie\u0144<\/strong><\/u><br \/>\n\t06.30 + Stefania, Renata, Tadeusz, Franciszek Nowak <br \/>\n\t08.00 + Zofia, Micha\u0142 Pieni\u0105\u017cek + Maria, J&oacute;zef Ros&oacute;\u0142 i zmarli z rodziny Chrobak<br \/>\n\t10.30 + Maria Golenia &ndash; od s\u0105siad&oacute;w<br \/>\n\t10.30 + Krystyna, Maria, Stanis\u0142aw Pelc<\/p>\n<p><u><strong>Wtorek &#8211; 6 kwiecie\u0144<br \/>\n\t<\/strong><\/u>1. + Helena Motyka &ndash; od rodziny Wasilewski &#8211; Bojda<br \/>\n\t2. + Cecylia, J&oacute;zef, Boles\u0142aw Buty\u0144ski<br \/>\n\t3. + Katarzyna Ko\u0144 &ndash; 8 r. \u015bmierci oraz + Jan<\/p>\n<p><u><strong>\u015aroda &#8211; 7 kwiecie\u0144<\/strong><\/u><br \/>\n\t1. + Agata, Tomasz Kruk<br \/>\n\t2. + Antonina, Teresa, Franciszek Harpula<br \/>\n\t3. + Maria \u0141ania &ndash; od przyjaci&oacute;\u0142ek c&oacute;rki Danuty<\/p>\n<p><u><strong>Czwartek &#8211; 8 kwiecie\u0144<\/strong><\/u><br \/>\n\t1. + Stefan Socha &ndash; 1 rocznica \u015bmierci <br \/>\n\t2. + Stanis\u0142awa, Feliks Mali\u0144scy oraz + Stefania \u015apiewak<br \/>\n\t3. O \u0142ask\u0119 zdrowia i b\u0142ogos\u0142awie\u0144stwo Bo\u017ce dla B\u0142a\u017ceja<\/p>\n<p>\t<u><strong>Pi\u0105tek &#8211; 9 kwiecie\u0144<\/strong><\/u><br \/>\n\t1. + Tadeusz Kubis &ndash; od syna Jerzego z rodzin\u0105 <br \/>\n\t2. + Jerzy Kie\u0142b &ndash; od kole\u017canek siostry ze sklepu nr 3<br \/>\n\t3. + Maria \u0141ania &ndash; od rodziny Hejnosz<\/p>\n<p><u><strong>Sobota &#8211; 10 kwiecie\u0144<\/strong><\/u><br \/>\n\t1. + Julia, Stanis\u0142aw, Franciszek Misi\u0105g <br \/>\n\t2. + Tadeusz Gara<br \/>\n\t3. + Czes\u0142awa, J&oacute;zef Ni\u017anik<\/p>\n<p><u><strong>Niedziela &#8211; 11 kwiecie\u0144<\/strong><\/u><br \/>\n\t06.30 + Micha\u0142 Wikiera w 3 r. \u015bm. &ndash; od \u017cony Marii z rodzin\u0105<br \/>\n\t08.00 + Edward Szostek &ndash; od c&oacute;rki Marii z rodzin\u0105<br \/>\n\t10.30 Za parafian <br \/>\n\t15.00 + Anna, Stanis\u0142aw Gamracy<\/p>\n<h3 style=\"text-align: center;\"><strong><strong><span style=\"color: rgb(0, 0, 128);\">Modlitw\u0119 r&oacute;\u017ca\u0144cow\u0105 prowadz\u0105<br \/>\n\t<\/span><\/strong><\/strong><\/h3>\n<p>05. Pn. R&oacute;\u017ca \u015aw. Franciszka z Asy\u017cu &#8211; (Jan Nowak)<br \/>\n\t06. Wt. R&oacute;\u017ca \u015aw. Marty &ndash; (Czes\u0142awa Por\u0119bna)<br \/>\n\t07. \u015ar. R&oacute;\u017ca \u015aw. Andrzeja Aposto\u0142a &ndash; (J&oacute;zef M\u0105dry)<br \/>\n\t08. Cz. Akcja Katolicka <br \/>\n\t09. Pt. KSM<br \/>\n\t10. Sb. R&oacute;\u017ca \u015aw. Agaty &ndash; (Patrycja Por\u0119bna)<br \/>\n\t11. N. R&oacute;\u017ca \u015aw. Agnieszki &ndash; (Krystyna Nykiel)<br \/>\n\tWyznaczona R&oacute;\u017ca jest proszona o prowadzenie modlitwy r&oacute;\u017ca\u0144cowej.<\/p>\n<p><strong>Wyznaczona R&oacute;\u017ca jest proszona o prowadzenie modlitwy r&oacute;\u017ca\u0144cowej. <br \/>\n\t<\/strong><\/p>\n","protected":false},"excerpt":{"rendered":"<p>Niedziela Zmartwychwstania Pa\u0144skiego &#8211; 04-04-2021 Og\u0142oszenia Dzi\u015b Niedziela Zmartwychwstania Pa\u0144skiego. Msze \u015bw. o godz.06.00 &ndash; Rezurekcja, o godz. 09.00 i o 10.30. Jutro &#8211; Msze \u015bw. o godz. 06.30, 08.00 &hellip; <a href=\"https:\/\/budy.przemyska.pl\/index.php\/2021\/04\/03\/ogloszenia-parafialne-4-kwiecien-2021\/\" class=\"more-link\">Czytaj dalej <span class=\"screen-reader-text\">Og\u0142oszenia parafialne 4 kwiecie\u0144 2021<\/span> <span class=\"meta-nav\">&rarr;<\/span><\/a><\/p>\n","protected":false},"author":1,"featured_media":0,"comment_status":"closed","ping_status":"closed","sticky":false,"template":"","format":"standard","meta":{"footnotes":""},"categories":[6,4],"tags":[],"class_list":["post-3255","post","type-post","status-publish","format-standard","hentry","category-aktualnosci","category-ogloszenia"],"_links":{"self":[{"href":"https:\/\/budy.przemyska.pl\/index.php\/wp-json\/wp\/v2\/posts\/3255","targetHints":{"allow":["GET"]}}],"collection":[{"href":"https:\/\/budy.przemyska.pl\/index.php\/wp-json\/wp\/v2\/posts"}],"about":[{"href":"https:\/\/budy.przemyska.pl\/index.php\/wp-json\/wp\/v2\/types\/post"}],"author":[{"embeddable":true,"href":"https:\/\/budy.przemyska.pl\/index.php\/wp-json\/wp\/v2\/users\/1"}],"replies":[{"embeddable":true,"href":"https:\/\/budy.przemyska.pl\/index.php\/wp-json\/wp\/v2\/comments?post=3255"}],"version-history":[{"count":0,"href":"https:\/\/budy.przemyska.pl\/index.php\/wp-json\/wp\/v2\/posts\/3255\/revisions"}],"wp:attachment":[{"href":"https:\/\/budy.przemyska.pl\/index.php\/wp-json\/wp\/v2\/media?parent=3255"}],"wp:term":[{"taxonomy":"category","embeddable":true,"href":"https:\/\/budy.przemyska.pl\/index.php\/wp-json\/wp\/v2\/categories?post=3255"},{"taxonomy":"post_tag","embeddable":true,"href":"https:\/\/budy.przemyska.pl\/index.php\/wp-json\/wp\/v2\/tags?post=3255"}],"curies":[{"name":"wp","href":"https:\/\/api.w.org\/{rel}","templated":true}]}}