{"id":3251,"date":"2021-03-27T20:37:55","date_gmt":"2021-03-27T19:37:55","guid":{"rendered":"http:\/\/www.budylancuckie.przemyska.pl\/?p=3251"},"modified":"2021-03-27T20:37:55","modified_gmt":"2021-03-27T19:37:55","slug":"ogloszenia-parafialne-28-marzec-2021","status":"publish","type":"post","link":"https:\/\/budy.przemyska.pl\/index.php\/2021\/03\/27\/ogloszenia-parafialne-28-marzec-2021\/","title":{"rendered":"Og\u0142oszenia parafialne 28 marzec 2021"},"content":{"rendered":"<h2 style=\"text-align: center;\"><strong><span style=\"color: rgb(0, 0, 128);\">Niedziela M\u0119ki Pa\u0144skiej &#8211; 28-03-2021<\/span><\/strong><\/h2>\n<h2 style=\"text-align: center;\"><strong><span style=\"color: rgb(0, 0, 128);\">Og\u0142oszenia<br \/>\n\t<\/span><\/strong><\/h2>\n<ol>\n<li>Dzi\u015b Niedziela Palmowa, po\u015bwiecenie palm na ka\u017cdej Mszy \u015bw. O godz. 15.00 Nabo\u017ce\u0144stwo Gorzkich \u017bali, a po Nim Msza \u015bw.<\/li>\n<li>Od dnia jutrzejszego Msze \u015bw. b\u0119d\u0105 odprawiane o godz. 18.00.<\/li>\n<li>Dzisiejsza Niedziela wprowadza nas w Wielki Tydzie\u0144 M\u0119ki Pa\u0144skiej.<\/li>\n<li>Od Wielkiego Czwartku rozpoczynamy w Ko\u015bciele prze\u017cywanie celebracji Triduum Paschalnego. Kulminacj\u0105 tej celebracji b\u0119dzie Niedziela Wielkanocna z procesj\u0105 Rezurekcyjn\u0105. Zechciejmy w te dni przyj\u015b\u0107 na Adoracj\u0119 Pana Jezusa w Ciemnicy i w Grobie.<\/li>\n<li>Wielki Czwartek\n<ul>\n<li>uroczysta Msza \u015bw. Wieczerzy Pa\u0144skiej o godz. 18.00<\/li>\n<li>po Mszy \u015bw. przeniesienie Naj\u015bwi\u0119tszego Sakramentu do Ciemnicy i adoracja do godz. 22.00.<\/li>\n<\/ul>\n<\/li>\n<li>Wielki Pi\u0105tek\n<ul>\n<li>adoracja od godz. 07.00 -24.00, z przerw\u0105 na sprawowanie Liturgii M\u0119ki Pa\u0144skiej<\/li>\n<li>o godz. 17.30 Droga Krzy\u017cowa, nast\u0119pnie sprawowana Liturgia z adoracj\u0105 Krzy\u017ca i przeniesieniem Pana Jezusa do Grobu<\/li>\n<li>od\u015bpiewamy trzy cz\u0119\u015bci Gorzkich \u017bali<\/li>\n<li>w tym dniu rozpoczynamy r&oacute;wnie\u017c nowenn\u0119 do Mi\u0142osierdzia Bo\u017cego<\/li>\n<li>ze wzgl\u0119du na warunki epidemiczne, adoracja Krzy\u017ca poprzez sk\u0142on g\u0142owy<\/li>\n<li>w Wielki Pi\u0105tek obowi\u0105zuje nas post \u015bcis\u0142y (2 posi\u0142ki lekkie, 1 do syta; bez mi\u0119sa). Jeste\u015bmy r&oacute;wnie\u017c zobowi\u0105zani do zachowania postu od spo\u017cywania mi\u0119sa w ka\u017cdy pi\u0105tek w ci\u0105gu roku.<\/li>\n<\/ul>\n<\/li>\n<li>Wielka Sobota\n<ul>\n<li>adoracja od godz. 07.00 rano<\/li>\n<li>\u015bwi\u0119cenie pokarm&oacute;w na st&oacute;\u0142 Wielkanocny; w ko\u015bciele &ndash; o godz.09.00, 11.00, 13.00. Na Prawych Budach &ndash; o godz.10.00 &ndash; u p. Kluz&oacute;w; o 10.20 &ndash; u p. K\u0142os&oacute;w; o godz. 10.40 &ndash; w punkcie katechetycznym. Na Lewych Budach &ndash; o godz. 11.30 &ndash; przy punkcie katechetycznym; o 12.00 &ndash; u p. Nawrot&oacute;w. Zar&oacute;wno w ko\u015bciele, jak i w wyznaczonych miejscach, \u015bwiecenie pokarm&oacute;w by\u0142oby na wolnej przestrzeni, tak aby zachowa\u0107 przepisy sanitarne. Zgromadziliby\u015bmy si\u0119 wok&oacute;\u0142 ko\u015bcio\u0142a i po odm&oacute;wieniu modlitwy, kap\u0142an po\u015bwi\u0119ci przyniesione pokarmy na st&oacute;\u0142 Wielkanocny<\/li>\n<li>o godz. 19.00 rozpocz\u0119cie Liturgii Wigilii Paschalnej; po\u015bwi\u0119cenie ognia, pascha\u0142u &#8211; przynosimy ze sob\u0105 \u015bwiece &#8211; nast\u0119pnie uroczysta celebracja Eucharystii<\/li>\n<li>po Mszy \u015bw. nie b\u0119dzie ju\u017c adoracji. Prosimy o przygotowanie ko\u015bcio\u0142a na Wielkanoc.<\/li>\n<\/ul>\n<\/li>\n<li>W Niedziel\u0119 Wielkanocn\u0105 &ndash; Msza \u015bw. rezurekcyjna o godz. 06.00 rano. Nast\u0119pne Msze \u015bw. w tym dniu o godz. 09.00 i 10.30.<\/li>\n<li>W Poniedzia\u0142ek Wielkanocny Msze \u015bw. o godz. 06.30, 08.00 i 10.30. Zar&oacute;wno na Wielkanoc, jak i w Poniedzia\u0142ek Wielkanocny, nie b\u0119dzie Mszy \u015bw. po po\u0142udniu.<\/li>\n<li>Przypominamy, \u017ce w zwi\u0105zku z nowymi obostrzeniami dotycz\u0105cymi liczby uczestnik&oacute;w w Liturgii (1 osoba na 20 m2), w naszej \u015bwi\u0105tyni mo\u017ce przebywa\u0107 max. 36 os&oacute;b.<\/li>\n<li>Sk\u0142adam serdeczne podzi\u0119kowanie dla wszystkich, kt&oacute;rzy bardzo ofiarnie przyczynili si\u0119 do zorganizowania naszej Uroczysto\u015bci Jubileuszowej. Wiele os&oacute;b, w r&oacute;\u017cny spos&oacute;b, okaza\u0142o swoj\u0105 pomoc! B&oacute;g zap\u0142a\u0107!!!<\/li>\n<\/ol>\n<h3 style=\"text-align: center;\"><strong><span style=\"color: rgb(0, 0, 128);\">ADORACJA R&Oacute;\u017b R&Oacute;\u017bA\u0143COWYCH<\/span><\/strong><\/h3>\n<p><strong>Wielki Czwartek<br \/>\n\t<\/strong><\/p>\n<ul>\n<li>19.00 &ndash; R&oacute;\u017ca \u015aw. Kingi;<\/li>\n<li>20.00 &ndash; R&oacute;\u017ca \u015aw. Stanis\u0142awa Biskupa;<\/li>\n<li>21.00 &ndash; Dzie\u0142o Pomocy Powo\u0142aniom i Akcja Katolicka.<\/li>\n<\/ul>\n<p><strong>Wielki Pi\u0105tek<br \/>\n\t<\/strong><\/p>\n<ul>\n<li>07.00 &ndash; R&oacute;\u017ca \u015aw. Heleny;<\/li>\n<li>08.00 &ndash; R&oacute;\u017ca \u015aw. Teresy od Dzieciatka Jezus;<\/li>\n<li>09.00 &ndash; R&oacute;\u017ca \u015aw. Cecylii;<\/li>\n<li>10.00 &ndash; R&oacute;\u017ca \u015aw. Marii Goretti;<\/li>\n<li>11.00 &ndash; R&oacute;\u017ca \u015aw. Marii Magdaleny;<\/li>\n<li>12.00 &ndash; R&oacute;\u017ca \u015aw. Anny i R&oacute;\u017ca \u015aw. Marty;<\/li>\n<li>13.00 &ndash; R&oacute;\u017ca \u015aw. Agaty;<\/li>\n<li>14.00 &ndash; R&oacute;\u017ca \u015aw. Teresy Wielkiej ;<\/li>\n<li>15.00 &ndash; R&oacute;\u017ca \u015aw. Klary;<\/li>\n<li>16.00 &ndash; R&oacute;\u017ca \u015aw. Katarzyny;<\/li>\n<li>17.00 &ndash; R&oacute;\u017ca \u015aw. Marii Ma\u0142gorzaty;<\/li>\n<li>20.00 &ndash; R&oacute;\u017ca \u015aw. Franciszka z Asy\u017cu;<\/li>\n<li>21.00 &ndash; KSM i Schola;<\/li>\n<li>22.00 &ndash; Parafianie.<\/li>\n<\/ul>\n<p><strong>Wielka Sobota<br \/>\n\t<\/strong><\/p>\n<ul>\n<li>07.00 &ndash; R&oacute;\u017ca Matki Bo\u017cej R&oacute;\u017ca\u0144cowej;<\/li>\n<li>08.00 &ndash; R&oacute;\u017ca \u015aw. Agnieszki;<\/li>\n<li>09.00 &ndash; R&oacute;\u017ca \u015aw. El\u017cbiety;<\/li>\n<li>10.00 &ndash; R&oacute;\u017ca \u015aw. Genowefy;<\/li>\n<li>11.00 &ndash; R&oacute;\u017ca \u015aw. Jadwigi Kr&oacute;lowej;<\/li>\n<li>12.00 &ndash; R&oacute;\u017ca \u015aw. Jadwigi \u015al\u0105skiej;<\/li>\n<li>13.00 &#8211; R&oacute;\u017ca Matki Bo\u017cej Szkaplerznej;<\/li>\n<li>14.00 &ndash; R&oacute;\u017ca \u015aw. Faustyny;<\/li>\n<li>15.00 &ndash; R&oacute;\u017ca Matki Bo\u017cej Bolesnej;<\/li>\n<li>16.00 &ndash; R&oacute;\u017ca \u015aw. Tomasza Aposto\u0142a;<\/li>\n<li>17.00 &ndash; R&oacute;\u017ca \u015aw. Andrzeja Aposto\u0142a;<\/li>\n<li>18.00 &ndash; R&oacute;\u017ca \u015aw. Zofii.<\/li>\n<\/ul>\n<h3 style=\"text-align: center;\"><strong><span style=\"color: rgb(0, 0, 128);\">Intencje mszalne<\/span><\/strong><\/h3>\n<h4 style=\"text-align: center;\"><strong><span style=\"color: rgb(0, 0, 128);\">od 28 marca 2021 do 4 kwietnia 2021<\/span><\/strong><\/h4>\n<h4><strong><br \/>\n\tGdyby zbyt d\u0142ugi czas nie by\u0142a og\u0142oszona zam&oacute;wiona intencja mszalna &ndash; prosimy o zg\u0142oszenie tego kap\u0142anowi.&nbsp; Zam&oacute;wiona intencja nie mo\u017ce zgin\u0105\u0107.<br \/>\n\t<\/strong><\/h4>\n<p><u><strong>Poniedzia\u0142ek &#8211; 29 marzec<\/strong><\/u><br \/>\n\t1. + Maria Babiarz &ndash; (greg.) <br \/>\n\t2. + Maria Gw&oacute;\u017ad\u017a &ndash; od Dyr. i Naucz. z SP nr 2 w Kor. P\u0142n.<br \/>\n\t3. + Maria Golenia &ndash; od chrze\u015bnicy Zofii<\/p>\n<p><u><strong>Wtorek &#8211; 30 marzec<br \/>\n\t<\/strong><\/u>1. + Maria Babiarz &ndash; (zak. greg.)<br \/>\n\t2. + Jan, Weronika W\u0119grzyn<br \/>\n\t3. + Stanis\u0142aw i Anna Ga\u0142usza<\/p>\n<p><u><strong>\u015aroda &#8211; 31 marzec<\/strong><\/u><br \/>\n\t1. + J&oacute;zef &ndash; rocznica \u015bmierci i W\u0142adys\u0142awa Kurek; + Maria i Antoni Golenia oraz + Maria Golenia<br \/>\n\t2. + Helena, Franciszek, Stanis\u0142awa Sowa<br \/>\n\t3. + J&oacute;zef Foremny<\/p>\n<p><u><strong>Czwartek &#8211; 1 kwiecie\u0144<\/strong><\/u><br \/>\n\t1. Dzi\u0119kczynna za dar Eucharystii i Kap\u0142a\u0144stwa <br \/>\n\t2. + J&oacute;zef, Karolina, Kazimierz, Ryszard Mach<br \/>\n\t3. + Jan Kurek oraz Salomea i W\u0142adys\u0142aw Rupar <\/p>\n<p>\t<u><strong>Pi\u0105tek &#8211; 2 kwiecie\u0144<\/strong><\/u><br \/>\n\t&nbsp;<\/p>\n<p><u><strong>Sobota &#8211; 3 kwiecie\u0144<\/strong><\/u><br \/>\n\t1. + Jan i Stanis\u0142awa Sowa &ndash; w 1 rocz. \u015bmierci <br \/>\n\t2. ++ Jan, Anna Mazur oraz siostry: Stefani\u0119 i Weronik\u0119<br \/>\n\t3. + Stefan, Maria Sobkowicz<\/p>\n<p><u><strong>Niedziela &#8211; 4 kwiecie\u0144<\/strong><\/u><br \/>\n\t06.00 + Weronika, Jakub Obara oraz + Leokadia i W\u0142adys\u0142aw Obara<br \/>\n\t06.00 + Anna Wn\u0119k -12 rocz. \u015bm. &ndash; od wnucz\u0105t Justyny, Janiny, Adama<br \/>\n\t06.00 + Barbara Ko\u0142cz &ndash; od s\u0105siad&oacute;w<br \/>\n\t09.00 Za zmar\u0142ych z rodziny S\u0142upk&oacute;w <br \/>\n\t10.30 + Maria Gw&oacute;\u017ad\u017a &ndash; od c&oacute;rki Agnieszki z dzie\u0107mi<\/p>\n<h3 style=\"text-align: center;\"><strong><strong><span style=\"color: rgb(0, 0, 128);\">Modlitw\u0119 r&oacute;\u017ca\u0144cow\u0105 prowadz\u0105<br \/>\n\t<\/span><\/strong><\/strong><\/h3>\n<p>29. Pn. R&oacute;\u017ca \u015aw. Stanis\u0142awa Biskupa &#8211; (Franciszek Bartnik)<br \/>\n\t30. Wt. R&oacute;\u017ca \u015aw. Teresy od Dzieciatka Jezus &ndash; (Dorota Dzierga)<br \/>\n\t31. \u015ar. R&oacute;\u017ca \u015aw. Teresy Wielkiej &ndash; (Zofia Wierzbicka)<br \/>\n\t04. N. R&oacute;\u017ca \u015bw. Tomasza Aposto\u0142a &ndash; (Stanis\u0142aw \u015alimak)<br \/>\n\t05. Pn. R&oacute;\u017ca \u015aw. Franciszka z Asy\u017cu &ndash; (Jan Nowak)<br \/>\n\tWyznaczona R&oacute;\u017ca jest proszona o prowadzenie modlitwy r&oacute;\u017ca\u0144cowej.<\/p>\n<p><strong>Wyznaczona R&oacute;\u017ca jest proszona o prowadzenie modlitwy r&oacute;\u017ca\u0144cowej. <br \/>\n\t<\/strong><\/p>\n","protected":false},"excerpt":{"rendered":"<p>Niedziela M\u0119ki Pa\u0144skiej &#8211; 28-03-2021 Og\u0142oszenia Dzi\u015b Niedziela Palmowa, po\u015bwiecenie palm na ka\u017cdej Mszy \u015bw. O godz. 15.00 Nabo\u017ce\u0144stwo Gorzkich \u017bali, a po Nim Msza \u015bw. Od dnia jutrzejszego Msze &hellip; <a href=\"https:\/\/budy.przemyska.pl\/index.php\/2021\/03\/27\/ogloszenia-parafialne-28-marzec-2021\/\" class=\"more-link\">Czytaj dalej <span class=\"screen-reader-text\">Og\u0142oszenia parafialne 28 marzec 2021<\/span> <span class=\"meta-nav\">&rarr;<\/span><\/a><\/p>\n","protected":false},"author":1,"featured_media":0,"comment_status":"closed","ping_status":"closed","sticky":false,"template":"","format":"standard","meta":{"footnotes":""},"categories":[6,4],"tags":[],"class_list":["post-3251","post","type-post","status-publish","format-standard","hentry","category-aktualnosci","category-ogloszenia"],"_links":{"self":[{"href":"https:\/\/budy.przemyska.pl\/index.php\/wp-json\/wp\/v2\/posts\/3251","targetHints":{"allow":["GET"]}}],"collection":[{"href":"https:\/\/budy.przemyska.pl\/index.php\/wp-json\/wp\/v2\/posts"}],"about":[{"href":"https:\/\/budy.przemyska.pl\/index.php\/wp-json\/wp\/v2\/types\/post"}],"author":[{"embeddable":true,"href":"https:\/\/budy.przemyska.pl\/index.php\/wp-json\/wp\/v2\/users\/1"}],"replies":[{"embeddable":true,"href":"https:\/\/budy.przemyska.pl\/index.php\/wp-json\/wp\/v2\/comments?post=3251"}],"version-history":[{"count":0,"href":"https:\/\/budy.przemyska.pl\/index.php\/wp-json\/wp\/v2\/posts\/3251\/revisions"}],"wp:attachment":[{"href":"https:\/\/budy.przemyska.pl\/index.php\/wp-json\/wp\/v2\/media?parent=3251"}],"wp:term":[{"taxonomy":"category","embeddable":true,"href":"https:\/\/budy.przemyska.pl\/index.php\/wp-json\/wp\/v2\/categories?post=3251"},{"taxonomy":"post_tag","embeddable":true,"href":"https:\/\/budy.przemyska.pl\/index.php\/wp-json\/wp\/v2\/tags?post=3251"}],"curies":[{"name":"wp","href":"https:\/\/api.w.org\/{rel}","templated":true}]}}