{"id":3248,"date":"2021-03-25T19:25:53","date_gmt":"2021-03-25T18:25:53","guid":{"rendered":"http:\/\/www.budylancuckie.przemyska.pl\/?p=3248"},"modified":"2021-03-25T19:25:53","modified_gmt":"2021-03-25T18:25:53","slug":"msza-sw-jubileuszowa-100lecie-parafii","status":"publish","type":"post","link":"https:\/\/budy.przemyska.pl\/index.php\/2021\/03\/25\/msza-sw-jubileuszowa-100lecie-parafii\/","title":{"rendered":"Msza \u015bw. Jubileuszowa 100lecie parafii"},"content":{"rendered":"<div class=\"fb-post\" data-href=\"https:\/\/www.facebook.com\/parafiabudy\/posts\/2091306537672684\" data-show-text=\"true\" data-width=\"600\">\n<blockquote cite=\"https:\/\/www.facebook.com\/parafiabudy\/posts\/2091306537672684\" class=\"fb-xfbml-parse-ignore\">\n<p>W dniu dzisiejszym w Uroczysto\u015b\u0107 Zwiastowania Pa\u0144skiego, a zarazem w dzie\u0144 naszego Odpustu parafialnego, zosta\u0142a&#8230;<\/p>\n<p>\t\tOpublikowany przez <a href=\"https:\/\/www.facebook.com\/parafiabudy\/\">Parafia pw. Niepokalanego Serca NMP w Budach \u0141a\u0144cuckich<\/a>&nbsp;<a href=\"https:\/\/www.facebook.com\/parafiabudy\/posts\/2091306537672684\">Czwartek, 25 marca 2021<\/a><\/p><\/blockquote>\n<\/div>\n","protected":false},"excerpt":{"rendered":"<p>W dniu dzisiejszym w Uroczysto\u015b\u0107 Zwiastowania Pa\u0144skiego, a zarazem w dzie\u0144 naszego Odpustu parafialnego, zosta\u0142a&#8230; Opublikowany przez Parafia pw. Niepokalanego Serca NMP w Budach \u0141a\u0144cuckich&nbsp;Czwartek, 25 marca 2021<\/p>\n","protected":false},"author":1,"featured_media":0,"comment_status":"closed","ping_status":"closed","sticky":false,"template":"","format":"standard","meta":{"footnotes":""},"categories":[6],"tags":[],"class_list":["post-3248","post","type-post","status-publish","format-standard","hentry","category-aktualnosci"],"_links":{"self":[{"href":"https:\/\/budy.przemyska.pl\/index.php\/wp-json\/wp\/v2\/posts\/3248","targetHints":{"allow":["GET"]}}],"collection":[{"href":"https:\/\/budy.przemyska.pl\/index.php\/wp-json\/wp\/v2\/posts"}],"about":[{"href":"https:\/\/budy.przemyska.pl\/index.php\/wp-json\/wp\/v2\/types\/post"}],"author":[{"embeddable":true,"href":"https:\/\/budy.przemyska.pl\/index.php\/wp-json\/wp\/v2\/users\/1"}],"replies":[{"embeddable":true,"href":"https:\/\/budy.przemyska.pl\/index.php\/wp-json\/wp\/v2\/comments?post=3248"}],"version-history":[{"count":0,"href":"https:\/\/budy.przemyska.pl\/index.php\/wp-json\/wp\/v2\/posts\/3248\/revisions"}],"wp:attachment":[{"href":"https:\/\/budy.przemyska.pl\/index.php\/wp-json\/wp\/v2\/media?parent=3248"}],"wp:term":[{"taxonomy":"category","embeddable":true,"href":"https:\/\/budy.przemyska.pl\/index.php\/wp-json\/wp\/v2\/categories?post=3248"},{"taxonomy":"post_tag","embeddable":true,"href":"https:\/\/budy.przemyska.pl\/index.php\/wp-json\/wp\/v2\/tags?post=3248"}],"curies":[{"name":"wp","href":"https:\/\/api.w.org\/{rel}","templated":true}]}}