{"id":3245,"date":"2021-03-21T10:36:11","date_gmt":"2021-03-21T09:36:11","guid":{"rendered":"http:\/\/www.budylancuckie.przemyska.pl\/?p=3245"},"modified":"2021-03-21T10:36:11","modified_gmt":"2021-03-21T09:36:11","slug":"ogloszenia-parafialne-21-marzec-2021","status":"publish","type":"post","link":"https:\/\/budy.przemyska.pl\/index.php\/2021\/03\/21\/ogloszenia-parafialne-21-marzec-2021\/","title":{"rendered":"Og\u0142oszenia parafialne 21 marzec 2021"},"content":{"rendered":"<h2 style=\"text-align: center;\"><strong><span style=\"color: rgb(0, 0, 128);\">V Niedziela Wielkiego Postu &#8211; 21-03-2021<\/span><\/strong><\/h2>\n<h2 style=\"text-align: center;\"><strong><span style=\"color: rgb(0, 0, 128);\">Og\u0142oszenia<br \/>\n\t<\/span><\/strong><\/h2>\n<ol>\n<li>Dzi\u015b o godz. 15.00 Nabo\u017ce\u0144stwo Gorzkich \u017bali, a po Nim Msza \u015bw.<\/li>\n<li>Prze\u017cywamy Misje \u015bw. z okazji Jubileuszu 100-lecia powstania naszej parafii. Program wszystkich nabo\u017ce\u0144stw misyjnych zamieszczony jest na folderach. Jednak\u017ce, ze wzgl\u0119du na sytuacj\u0119 epidemiczn\u0105 program naszych Misji \u015bw. ulegnie zmianie. I tak, zosta\u0142y odwo\u0142ane Rekolekcje szkole dla uczni&oacute;w. Nie b\u0119dzie r&oacute;wnie\u017c Spowiedzi \u015bw. misyjnej w formie zaprezentowanej na folderach. Mo\u017cliwo\u015b\u0107 Spowiedzi \u015bw. b\u0119dzie codziennie godzin\u0119 przed Msz\u0105 \u015bw., ju\u017c teraz w czasie Misji \u015bw., jak i przed \u015awi\u0119tami. Nie zaprasza si\u0119 na Spowied\u017a \u015bw. ksi\u0119\u017cy z dekanatu. R&oacute;wnie\u017c w poniedzia\u0142ek nie b\u0119dzie procesji na cmentarz. Pomodlimy si\u0119 za zmar\u0142ych w ko\u015bciele, jednocze\u015bnie zach\u0119camy, aby indywidualnie uda\u0107 si\u0119 na groby swoich bliskich. W \u015brod\u0119 na nabo\u017ce\u0144stwo przy krzy\u017cu misyjnym przynosimy nasze krzy\u017ce z domu, r&oacute;wnocze\u015bnie prosimy , aby na Mszy \u015bw. w tym dniu, ma\u0142\u017conkowie wraz ze swoimi dzie\u0107mi zgromadzili si\u0119 blisko siebie. Zach\u0119camy do uczestnictwa w tym donios\u0142ym &#8211; dla ka\u017cdej parafii &ndash; wydarzeniu. R&oacute;wnocze\u015bnie przypominamy, \u017ce dla os&oacute;b nie mog\u0105cych z r&oacute;\u017cnych przyczyn uczestniczy\u0107 bezpo\u015brednio w naukach misyjnych, istnieje mo\u017cliwo\u015b\u0107 internetowego uczestnictwa poprzez nasz\u0105 parafialn\u0105 stron\u0119.<\/li>\n<li>W Uroczysto\u015b\u0107 Zwiastowania Pa\u0144skiego, a zarazem w dzie\u0144 naszego Odpustu parafialnego, zostanie odprawiona Msza \u015bw. Jubileuszowa o godz.10.30 pod przewodnictwem ks. abp Adama Szala, jako wyraz naszej wdzi\u0119czno\u015bci wobec Pana Boga, za dar stulecia istnienia naszej wsp&oacute;lnoty parafialnej. O godz. za\u015b 17.00 ostatnia nauka i zako\u0144czenie Misji \u015bw. <\/li>\n<li>W pi\u0105tek nabo\u017ce\u0144stwo Drogi Krzy\u017cowej o godzinie 17.00, potem Msza \u015bw., za\u015b o godzinie 19.00 Droga Krzy\u017cowa prowadzona przez m\u0142odzie\u017c.<\/li>\n<li>Serdeczne B&oacute;g zap\u0142a\u0107 dla os&oacute;b sprz\u0105taj\u0105cych ko\u015bci&oacute;\u0142 oraz za wszelkie sk\u0142adane ofiary na potrzeby parafii. W tym tygodniu sprz\u0105tanie ko\u015bcio\u0142a by\u0142oby w \u015brod\u0119 wieczorem po zako\u0144czeniu nabo\u017ce\u0144stwa misyjnego. Kwiaty na nasze Uroczysto\u015bci zosta\u0142y ju\u017c zam&oacute;wione.<\/li>\n<\/ol>\n<h3 style=\"text-align: center;\"><strong><span style=\"color: rgb(0, 0, 128);\">Intencje mszalne<\/span><\/strong><\/h3>\n<h4 style=\"text-align: center;\"><strong><span style=\"color: rgb(0, 0, 128);\">od 22 marca 2021 do 28 marca 2021<\/span><\/strong><\/h4>\n<h4><strong><br \/>\n\tGdyby zbyt d\u0142ugi czas nie by\u0142a og\u0142oszona zam&oacute;wiona intencja mszalna &ndash; prosimy o zg\u0142oszenie tego kap\u0142anowi.&nbsp; Zam&oacute;wiona intencja nie mo\u017ce zgin\u0105\u0107.<br \/>\n\t<\/strong><\/h4>\n<p><u><strong>Poniedzia\u0142ek &#8211; 22 marzec<\/strong><\/u><br \/>\n\t09.00 + Maria Babiarz &ndash; (greg.) <br \/>\n\t09.00 O zdrowie i potrzebne \u0142aski dla Genowefy Salwach<br \/>\n\t17.00 + Maria Gw&oacute;\u017ad\u017a &ndash; z R&oacute;\u017cy \u015bw. Teresy Wielkiej<br \/>\n\t17.00 + Zofia, Franciszek Dyrda &ndash; w rocznic\u0119 \u015bmierci<br \/>\n\t17.00 + O. Bogus\u0142aw Golak &ndash; w rocznic\u0119 \u015bmierci<\/p>\n<p><u><strong>Wtorek &#8211; 23 marzec<br \/>\n\t<\/strong><\/u>09.45 + Maria Babiarz &ndash; (greg.)<br \/>\n\t17.00 + Helena Motyka &ndash; od rodziny Krystyny i Ma\u0142gorzaty<br \/>\n\t17.00 Dzi\u0119k.; z pro\u015bb\u0105 o b\u0142. Bo\u017ce dla J&oacute;zefa w 80 r. urodzin<br \/>\n\t17.00 Dzi\u0119k. za otrzymane \u0142aski; z pro\u015bb\u0105 o b\u0142. Bo\u017ce dla Zofii<\/p>\n<p><u><strong>\u015aroda &#8211; 24 marzec<\/strong><\/u><br \/>\n\t09.45 + Maria Babiarz &#8211; (greg.).<br \/>\n\t09.45 + Maria Golenia &ndash; od siostry Weroniki z rodzin\u0105<br \/>\n\t17.00 + Cecylia, Ignacy Lasek i zmarli z rodziny<br \/>\n\t17.00 ++ J&oacute;zef, W\u0142adys\u0142awa Kurek i ich dzieci: Jan i Maria<br \/>\n\t17.00 + Stanis\u0142aw Salwach w rocznic\u0119 \u015bmierci<\/p>\n<p><u><strong>Czwartek &#8211; 25 marzec<\/strong><\/u><br \/>\n\t07.00 + Maria Babiarz &#8211; (greg.) <br \/>\n\t07.00 + Jakub Rupar<br \/>\n\t10.30 Za parafian<br \/>\n\t10.30 + Maria, Franciszek Cebulak i + Stanis\u0142awa Cebulak<br \/>\n\t10.30 + J&oacute;zef Olejarka, Cecylia, Tadeusz i Stanis\u0142aw \u015awizdor<br \/>\n\t17.00 + Barbara, Jacek, Wies\u0142aw, W\u0142adys\u0142aw Ko\u0142cz <\/p>\n<p>\t<u><strong>Pi\u0105tek &#8211; 26 marzec<\/strong><\/u><br \/>\n\t1. + Maria Babiarz &ndash; (greg.)<br \/>\n\t2. + Boles\u0142aw Rupar &ndash; od Burmistrza Miasta i Gm. Ka\u0144czuga<br \/>\n\t3. + Michalina Stafiej &ndash; w rocznic\u0119 \u015bmierci<br \/>\n\t4. + Paulina, Franciszek Bosak i zmarli z rodziny<\/p>\n<p><u><strong>Sobota &#8211; 27 marzec<\/strong><\/u><br \/>\n\t1. + Maria Babiarz &ndash; (greg.) <br \/>\n\t2. + Zofia Rokoszy\u0144ska i zmarli z rodziny<br \/>\n\t3. + Julia, Franciszek, Marek, Lucyna Stafiej <\/p>\n<p><u><strong>Niedziela &#8211; 28 marzec<\/strong><\/u><br \/>\n\t06.30 + Magdalena, Stanis\u0142aw, Arkadiusz Sanok<br \/>\n\t08.00 + Maria, Franciszek Machniak &ndash; rocznica \u015bmierci<br \/>\n\t10.30 Za parafian <br \/>\n\t15.00 + Maria Babiarz &ndash; (greg.)<\/p>\n<h3 style=\"text-align: center;\"><strong><strong><span style=\"color: rgb(0, 0, 128);\">Modlitw\u0119 r&oacute;\u017ca\u0144cow\u0105 prowadz\u0105<br \/>\n\t<\/span><\/strong><\/strong><\/h3>\n<p>22. Pn. R&oacute;\u017ca \u015aw. Kingi &#8211; (El\u017cbieta Wacnik)<br \/>\n\t23. Wt. R&oacute;\u017ca \u015aw. Marii Magdaleny &ndash; (Janina Rachwa\u0142)<br \/>\n\t24. \u015ar. R&oacute;\u017ca \u015aw. Marii Goretti &ndash; (El\u017cbieta Kukulska)<br \/>\n\t25. Cz. R&oacute;\u017ca \u015aw. Marty &ndash; (Czes\u0142awa Por\u0119bna)<br \/>\n\t26. Pt. KSM<br \/>\n\t27. Sb. R&oacute;\u017ca Matki Bo\u017cej R&oacute;\u017ca\u0144cowej &ndash; (Zofia \u015awizdor)<br \/>\n\t28. Nd. R&oacute;\u017ca Matki Bo\u017cej Szkaplerznej &#8211; (Maria K\u0142os)<\/p>\n<p><strong>Wyznaczona R&oacute;\u017ca jest proszona o prowadzenie modlitwy r&oacute;\u017ca\u0144cowej. <br \/>\n\t<\/strong><\/p>\n","protected":false},"excerpt":{"rendered":"<p>V Niedziela Wielkiego Postu &#8211; 21-03-2021 Og\u0142oszenia Dzi\u015b o godz. 15.00 Nabo\u017ce\u0144stwo Gorzkich \u017bali, a po Nim Msza \u015bw. Prze\u017cywamy Misje \u015bw. z okazji Jubileuszu 100-lecia powstania naszej parafii. Program &hellip; <a href=\"https:\/\/budy.przemyska.pl\/index.php\/2021\/03\/21\/ogloszenia-parafialne-21-marzec-2021\/\" class=\"more-link\">Czytaj dalej <span class=\"screen-reader-text\">Og\u0142oszenia parafialne 21 marzec 2021<\/span> <span class=\"meta-nav\">&rarr;<\/span><\/a><\/p>\n","protected":false},"author":1,"featured_media":0,"comment_status":"closed","ping_status":"closed","sticky":false,"template":"","format":"standard","meta":{"footnotes":""},"categories":[6,4],"tags":[],"class_list":["post-3245","post","type-post","status-publish","format-standard","hentry","category-aktualnosci","category-ogloszenia"],"_links":{"self":[{"href":"https:\/\/budy.przemyska.pl\/index.php\/wp-json\/wp\/v2\/posts\/3245","targetHints":{"allow":["GET"]}}],"collection":[{"href":"https:\/\/budy.przemyska.pl\/index.php\/wp-json\/wp\/v2\/posts"}],"about":[{"href":"https:\/\/budy.przemyska.pl\/index.php\/wp-json\/wp\/v2\/types\/post"}],"author":[{"embeddable":true,"href":"https:\/\/budy.przemyska.pl\/index.php\/wp-json\/wp\/v2\/users\/1"}],"replies":[{"embeddable":true,"href":"https:\/\/budy.przemyska.pl\/index.php\/wp-json\/wp\/v2\/comments?post=3245"}],"version-history":[{"count":0,"href":"https:\/\/budy.przemyska.pl\/index.php\/wp-json\/wp\/v2\/posts\/3245\/revisions"}],"wp:attachment":[{"href":"https:\/\/budy.przemyska.pl\/index.php\/wp-json\/wp\/v2\/media?parent=3245"}],"wp:term":[{"taxonomy":"category","embeddable":true,"href":"https:\/\/budy.przemyska.pl\/index.php\/wp-json\/wp\/v2\/categories?post=3245"},{"taxonomy":"post_tag","embeddable":true,"href":"https:\/\/budy.przemyska.pl\/index.php\/wp-json\/wp\/v2\/tags?post=3245"}],"curies":[{"name":"wp","href":"https:\/\/api.w.org\/{rel}","templated":true}]}}