{"id":3242,"date":"2021-03-14T10:23:23","date_gmt":"2021-03-14T09:23:23","guid":{"rendered":"http:\/\/www.budylancuckie.przemyska.pl\/?p=3242"},"modified":"2021-03-14T10:23:23","modified_gmt":"2021-03-14T09:23:23","slug":"ogloszenia-parafialne-14-marzec-2021","status":"publish","type":"post","link":"https:\/\/budy.przemyska.pl\/index.php\/2021\/03\/14\/ogloszenia-parafialne-14-marzec-2021\/","title":{"rendered":"Og\u0142oszenia parafialne 14 marzec 2021"},"content":{"rendered":"<h2 style=\"text-align: center;\"><strong><span style=\"color: rgb(0, 0, 128);\">IV Niedziela Wielkiego Postu &#8211; 14-03-2021<\/span><\/strong><\/h2>\n<h2 style=\"text-align: center;\"><strong><span style=\"color: rgb(0, 0, 128);\">Og\u0142oszenia<br \/>\n\t<\/span><\/strong><\/h2>\n<ol>\n<li>Dzi\u015b o godz. 15.00 Nabo\u017ce\u0144stwo Gorzkich \u017bali z kazaniem pasyjnym, a po Nim Msza \u015bw.<\/li>\n<li>W czwartek adoracja Naj\u015bwi\u0119tszego Sakramentu od godz.16.00.<\/li>\n<li>W pi\u0105tek Uroczysto\u015b\u0107 \u015bw. J&oacute;zefa. W naszej parafii jest to dzie\u0144 rozpocz\u0119cia Misji \u015bw. przed Jubileuszem 100-lecia powstania parafii. Patrona Ko\u015bcio\u0142a \u015bw. prosi\u0107 b\u0119dziemy o \u0142ask\u0119 dobrego prze\u017cycia tego wa\u017cnego dla nas czasu odnowy duchowej. Prosimy o zapoznanie si\u0119 z programem Misji \u015bw. przedstawionym na wydrukowanych folderach. Zach\u0119camy wszystkich parafian do udzia\u0142u w tym &#8211; tak wa\u017cnym &ndash; wydarzeniu, maj\u0105cym ukaza\u0107 nam drog\u0119 naszego \u017cycia chrze\u015bcija\u0144skiego i perspektyw\u0119 zbawienia. <\/li>\n<li>W pi\u0105tek nabo\u017ce\u0144stwo Drogi Krzy\u017cowej o godzinie 17.00, potem Msza \u015bw., za\u015b o godzinie 20.00 Droga Krzy\u017cowa prowadzona przez m\u0142odzie\u017c z naszej parafii.<\/li>\n<li>W sobot\u0119 zapraszamy chorych, cierpi\u0105cych i ludzi starszych. O godz.9.00 odprawiona zostanie dla nich Msza \u015bw. wraz z udzieleniem Sakramentu Namaszczenia Chorych. W sobot\u0119 odwiedziliby\u015bmy r&oacute;wnie\u017c chorych przebywaj\u0105cych w domach. Prosimy o zg\u0142oszenie takich chorych w zakrystii, b\u0105d\u017a na numer telefonu parafialnego: 604 205 729. <\/li>\n<li>Najbli\u017csza niedziela to III niedziela miesi\u0105ca. W naszej parafii niedziela inwestycyjna.<\/li>\n<li>Zach\u0119camy r&oacute;wnie\u017c do czytania prasy katolickiej. Dzisiaj mo\u017cliwo\u015b\u0107 zakupienia specjalnego numeru Go\u015bcia Niedzielnego, po\u015bwi\u0119conego postaci \u015bw. J&oacute;zefa. Warto si\u0119gn\u0105\u0107 po ten egzemplarz. Cena 9 z\u0142.<\/li>\n<li>Serdeczne B&oacute;g zap\u0142a\u0107 dla os&oacute;b sprz\u0105taj\u0105cych ko\u015bci&oacute;\u0142 oraz za wszelkie sk\u0142adane ofiary na potrzeby parafii.<\/li>\n<\/ol>\n<h3 style=\"text-align: center;\"><strong><span style=\"color: rgb(0, 0, 128);\">Intencje mszalne<\/span><\/strong><\/h3>\n<h4 style=\"text-align: center;\"><strong><span style=\"color: rgb(0, 0, 128);\">od 15 marca 2021 do 21 marca 2021<\/span><\/strong><\/h4>\n<h4><strong><br \/>\n\tGdyby zbyt d\u0142ugi czas nie by\u0142a og\u0142oszona zam&oacute;wiona intencja mszalna &ndash; prosimy o zg\u0142oszenie tego kap\u0142anowi.&nbsp; Zam&oacute;wiona intencja nie mo\u017ce zgin\u0105\u0107.<br \/>\n\t<\/strong><\/h4>\n<p><u><strong>Poniedzia\u0142ek &#8211; 15 marzec<\/strong><\/u><br \/>\n\t1. + Maria Babiarz &ndash; (greg.) <br \/>\n\t2. + Tadeusz Gara &ndash; od chrzestnej Alicji<br \/>\n\t3. + Maria Golenia &ndash; od wnuczki Agaty z rodzin\u0105<\/p>\n<p><u><strong>Wtorek &#8211; 16 marzec<br \/>\n\t<\/strong><\/u>1. + Maria Babiarz &ndash; (greg.)<br \/>\n\t2. + Franciszka, Franciszek, Stefania \u015awizdor<br \/>\n\t3. + Tadeusz Kubis &ndash; od wnuczki Karoliny z m\u0119\u017cem<\/p>\n<p><u><strong>\u015aroda &#8211; 17 marzec<\/strong><\/u><br \/>\n\t1. + Maria Babiarz &#8211; (greg.).<br \/>\n\t2. + J&oacute;zef Kania &ndash; w rocznic\u0119 urodzin<br \/>\n\t3. + Stanis\u0142awa i Feliks Mali\u0144scy oraz Maria i Tomasz Kojder<\/p>\n<p><u><strong>Czwartek &#8211; 18 marzec<\/strong><\/u><br \/>\n\t1. + Maria Babiarz &#8211; (greg.) <br \/>\n\t2. + Stanis\u0142aw Pelc<br \/>\n\t3. + W\u0142adys\u0142aw \u015awizdor &ndash; od nauczycieli SP nr 1 w Budach \u0141. <\/p>\n<p>\t<u><strong>Pi\u0105tek &#8211; 19 marzec<\/strong><\/u><br \/>\n\t1. + Maria Babiarz &ndash; (greg.)<br \/>\n\t2. + J&oacute;zef Rupar &ndash; rocznica \u015bmierci<br \/>\n\t3. + Jan Golak oraz zmarli Rodzice i Rodze\u0144stwo<br \/>\n\t4. + Paulina, Franciszek Bosak i zmarli z rodziny<\/p>\n<p><u><strong>Sobota &#8211; 20 marzec<\/strong><\/u><br \/>\n\t09.00 + Maria Babiarz &ndash; (greg.) <br \/>\n\t09.00 + Bronis\u0142aw Marek i zmarli z rodziny<br \/>\n\t17.00 + Maria Gw&oacute;\u017ad\u017a &ndash; od c&oacute;rki Ma\u0142gorzaty z rodzin\u0105<br \/>\n\t17.00 + Waleria, Julia, J&oacute;zef Syka\u0142a <\/p>\n<p><u><strong>Niedziela &#8211; 21 marzec<\/strong><\/u><br \/>\n\t06.30 + Franciszka, Stanis\u0142aw W\u0119grzyn<br \/>\n\t08.00 W intencji s. Agaty Szostek i jej Rodziny<br \/>\n\t10.30 Za parafian 10.30 + Zofia, Franciszek Dyrda <br \/>\n\t15.00 + Maria Babiarz &ndash; (greg.)<\/p>\n<h3 style=\"text-align: center;\"><strong><strong><span style=\"color: rgb(0, 0, 128);\">Modlitw\u0119 r&oacute;\u017ca\u0144cow\u0105 prowadz\u0105<br \/>\n\t<\/span><\/strong><\/strong><\/h3>\n<p>15. Pn. R&oacute;\u017ca \u015aw. Genowefy &#8211; (Genowefa Dr\u0105\u017cek)<br \/>\n\t16. Wt. R&oacute;\u017ca \u015aw. Kr&oacute;lowej Jadwigi &ndash; (Halina Dyrda)<br \/>\n\t17. \u015ar. R&oacute;\u017ca \u015aw. Heleny &ndash; (Helena Dyrda)<br \/>\n\t18. Cz. R&oacute;\u017ca \u015aw. Katarzyny &ndash; (Anna Kurek)<br \/>\n\t19. Pt. KSM<br \/>\n\t20. Sb. R&oacute;\u017ca \u015aw. Jadwigi \u015al\u0105skiej &ndash; (Maria Bester)<br \/>\n\t21. Nd. R&oacute;\u017ca \u015aw. Klary &#8211; (Teresa G\u0142owiak)<\/p>\n<p><strong>Wyznaczona R&oacute;\u017ca jest proszona o prowadzenie modlitwy r&oacute;\u017ca\u0144cowej. <br \/>\n\t<\/strong><\/p>\n","protected":false},"excerpt":{"rendered":"<p>IV Niedziela Wielkiego Postu &#8211; 14-03-2021 Og\u0142oszenia Dzi\u015b o godz. 15.00 Nabo\u017ce\u0144stwo Gorzkich \u017bali z kazaniem pasyjnym, a po Nim Msza \u015bw. W czwartek adoracja Naj\u015bwi\u0119tszego Sakramentu od godz.16.00. W &hellip; <a href=\"https:\/\/budy.przemyska.pl\/index.php\/2021\/03\/14\/ogloszenia-parafialne-14-marzec-2021\/\" class=\"more-link\">Czytaj dalej <span class=\"screen-reader-text\">Og\u0142oszenia parafialne 14 marzec 2021<\/span> <span class=\"meta-nav\">&rarr;<\/span><\/a><\/p>\n","protected":false},"author":1,"featured_media":0,"comment_status":"closed","ping_status":"closed","sticky":false,"template":"","format":"standard","meta":{"footnotes":""},"categories":[6,4],"tags":[],"class_list":["post-3242","post","type-post","status-publish","format-standard","hentry","category-aktualnosci","category-ogloszenia"],"_links":{"self":[{"href":"https:\/\/budy.przemyska.pl\/index.php\/wp-json\/wp\/v2\/posts\/3242","targetHints":{"allow":["GET"]}}],"collection":[{"href":"https:\/\/budy.przemyska.pl\/index.php\/wp-json\/wp\/v2\/posts"}],"about":[{"href":"https:\/\/budy.przemyska.pl\/index.php\/wp-json\/wp\/v2\/types\/post"}],"author":[{"embeddable":true,"href":"https:\/\/budy.przemyska.pl\/index.php\/wp-json\/wp\/v2\/users\/1"}],"replies":[{"embeddable":true,"href":"https:\/\/budy.przemyska.pl\/index.php\/wp-json\/wp\/v2\/comments?post=3242"}],"version-history":[{"count":0,"href":"https:\/\/budy.przemyska.pl\/index.php\/wp-json\/wp\/v2\/posts\/3242\/revisions"}],"wp:attachment":[{"href":"https:\/\/budy.przemyska.pl\/index.php\/wp-json\/wp\/v2\/media?parent=3242"}],"wp:term":[{"taxonomy":"category","embeddable":true,"href":"https:\/\/budy.przemyska.pl\/index.php\/wp-json\/wp\/v2\/categories?post=3242"},{"taxonomy":"post_tag","embeddable":true,"href":"https:\/\/budy.przemyska.pl\/index.php\/wp-json\/wp\/v2\/tags?post=3242"}],"curies":[{"name":"wp","href":"https:\/\/api.w.org\/{rel}","templated":true}]}}