{"id":3240,"date":"2021-03-07T14:02:44","date_gmt":"2021-03-07T13:02:44","guid":{"rendered":"http:\/\/www.budylancuckie.przemyska.pl\/?p=3240"},"modified":"2021-03-07T14:02:44","modified_gmt":"2021-03-07T13:02:44","slug":"ogloszenia-parafialne-7-marzec-2021","status":"publish","type":"post","link":"https:\/\/budy.przemyska.pl\/index.php\/2021\/03\/07\/ogloszenia-parafialne-7-marzec-2021\/","title":{"rendered":"Og\u0142oszenia parafialne 7 marzec 2021"},"content":{"rendered":"<h2 style=\"text-align: center;\"><strong><span style=\"color: rgb(0, 0, 128);\">III Niedziela Wielkiego Postu &#8211; 07-03-2021<\/span><\/strong><\/h2>\n<h2 style=\"text-align: center;\"><strong><span style=\"color: rgb(0, 0, 128);\">Og\u0142oszenia<br \/>\n\t<\/span><\/strong><\/h2>\n<ol>\n<li>Dzi\u015b o godz. 15.00 Nabo\u017ce\u0144stwo Gorzkich \u017bali z kazaniem pasyjnym, a po Nim Msza \u015bw. <\/li>\n<li>W \u015brod\u0119 pocz\u0105tek nowenny przed Uroczysto\u015bci\u0105 \u015bw. J&oacute;zefa. Patrona Ko\u015bcio\u0142a \u015bw. prosi\u0107 b\u0119dziemy o \u0142ask\u0119 dobrego prze\u017cycia Misji \u015awi\u0119tych. Adoracja Naj\u015bwi\u0119tszego Sakramentu od godz.16.00. <\/li>\n<li>W pi\u0105tek nabo\u017ce\u0144stwo Drogi Krzy\u017cowej o godzinie 17.00, potem Msza \u015bw., za\u015b o godzinie 19.00 Droga Krzy\u017cowa prowadzona przez m\u0142odzie\u017c z naszej parafii.<\/li>\n<li>Zbli\u017camy si\u0119 do rozpocz\u0119cia Misji \u015awi\u0119tych poprzedzaj\u0105cych obchody 100 -lecia powstania naszej parafii. Misje \u015awi\u0119te b\u0119d\u0105 mia\u0142y miejsce w dn.19-25 marca, za\u015b g\u0142&oacute;wna Uroczysto\u015b\u0107 Jubileuszowa zaplanowana jest na 25 marca o godz.10.30, w dzie\u0144 naszego Odpustu. Zach\u0119camy do modlitwy o \u0142ask\u0119 dobrego prze\u017cycia tych naszych Uroczysto\u015bci. <\/li>\n<li>Serdeczne B&oacute;g zap\u0142a\u0107 dla os&oacute;b sprz\u0105taj\u0105cych ko\u015bci&oacute;\u0142 oraz za wszelkie sk\u0142adane ofiary na potrzeby parafii..<\/li>\n<\/ol>\n<h3 style=\"text-align: center;\"><strong><span style=\"color: rgb(0, 0, 128);\">Intencje mszalne<\/span><\/strong><\/h3>\n<h4 style=\"text-align: center;\"><strong><span style=\"color: rgb(0, 0, 128);\">od 8 marca 2021 do 14 marca 2021<\/span><\/strong><\/h4>\n<h4><strong><br \/>\n\tGdyby zbyt d\u0142ugi czas nie by\u0142a og\u0142oszona zam&oacute;wiona intencja mszalna &ndash; prosimy o zg\u0142oszenie tego kap\u0142anowi.&nbsp; Zam&oacute;wiona intencja nie mo\u017ce zgin\u0105\u0107.<br \/>\n\t<\/strong><\/h4>\n<p><u><strong>Poniedzia\u0142ek &#8211; 8 marzec<\/strong><\/u><br \/>\n\t1. + Maria Babiarz &ndash; (greg.) <br \/>\n\t2. + Zofia Wikiera &ndash; od Zofii W\u0119grzyn<br \/>\n\t3. + Maria, J&oacute;zef, Tadeusz Dr\u0105\u017cek<\/p>\n<p><u><strong>Wtorek &#8211; 9 marzec<br \/>\n\t<\/strong><\/u>1. + Maria Babiarz &ndash; (greg.)<br \/>\n\t2. + Maria Baj &ndash; od dzieci<br \/>\n\t3. + Julia Walto\u015b<\/p>\n<p><u><strong>\u015aroda &#8211; 10 marzec<\/strong><\/u><br \/>\n\t1. + Maria Babiarz &#8211; (greg.).<br \/>\n\t2. + Tadeusz Gara &ndash; od chrzestnej Alicji<br \/>\n\t3. + Maria, J&oacute;zef, Jan, Stanis\u0142aw Blok<\/p>\n<p><u><strong>Czwartek &#8211; 11 marzec<\/strong><\/u><br \/>\n\t1. + Maria Babiarz &#8211; (greg.) <br \/>\n\t2. + Maria i Zofia Kochman<br \/>\n\t3. + Ks. Jan Cebulak i zmarli Rodzice <\/p>\n<p>\t<u><strong>Pi\u0105tek &#8211; 12 marzec<\/strong><\/u><br \/>\n\t1. + Maria Babiarz &ndash; (greg.)<br \/>\n\t2. + Ma\u0142gorzata, J&oacute;zef \u015awizdor i zmarli z rodziny<br \/>\n\t3. + Zofia i Stanis\u0142aw Bartnik &ndash; rocz. \u015bmierci<\/p>\n<p><u><strong>Sobota &#8211; 13 marzec<\/strong><\/u><br \/>\n\t1. + Maria Babiarz &ndash; (greg.) <br \/>\n\t2. + Joanna, Stanis\u0142aw Dr\u0105\u017cek i zmarli Rodzice<br \/>\n\t3. + Maria Golenia &ndash; od c&oacute;rki z m\u0119\u017cem <\/p>\n<p><u><strong>Niedziela &#8211; 14 marzec<\/strong><\/u><br \/>\n\t06.30 + Maria Gw&oacute;\u017ad\u017a &ndash; od m\u0119\u017ca<br \/>\n\t08.00 + Zofia Wikiera &ndash; od rodziny Ryf&oacute;w i Sigd&oacute;w z Chodaczowa<br \/>\n\t10.30 Za parafian <br \/>\n\t15.00 + Maria Babiarz &ndash; (greg.)<\/p>\n<h3 style=\"text-align: center;\"><strong><strong><span style=\"color: rgb(0, 0, 128);\">Modlitw\u0119 r&oacute;\u017ca\u0144cow\u0105 prowadz\u0105<br \/>\n\t<\/span><\/strong><\/strong><\/h3>\n<p>08. Pn. R&oacute;\u017ca \u015aw. Agnieszki &#8211; (Krystyna Nykiel)<br \/>\n\t09. Wt. R&oacute;\u017ca \u015aw. Zofii &ndash; (Zofia Kurek)<br \/>\n\t10. \u015ar. R&oacute;\u017ca \u015aw. Cecylii &ndash; (Krystyna Markowicz)<br \/>\n\t11. Cz. Akcja Katolicka<br \/>\n\t12. Pt. KSM<br \/>\n\t13. Sb. R&oacute;\u017ca \u015aw. El\u017cbiety &ndash; (Alina Trojnar)<br \/>\n\t14. Nd. R&oacute;\u017ca \u015aw. Faustyny &#8211; (Eugenia \u015awizdor)<\/p>\n<p><strong>Wyznaczona R&oacute;\u017ca jest proszona o prowadzenie modlitwy r&oacute;\u017ca\u0144cowej. <br \/>\n\t<\/strong><\/p>\n","protected":false},"excerpt":{"rendered":"<p>III Niedziela Wielkiego Postu &#8211; 07-03-2021 Og\u0142oszenia Dzi\u015b o godz. 15.00 Nabo\u017ce\u0144stwo Gorzkich \u017bali z kazaniem pasyjnym, a po Nim Msza \u015bw. W \u015brod\u0119 pocz\u0105tek nowenny przed Uroczysto\u015bci\u0105 \u015bw. J&oacute;zefa. &hellip; <a href=\"https:\/\/budy.przemyska.pl\/index.php\/2021\/03\/07\/ogloszenia-parafialne-7-marzec-2021\/\" class=\"more-link\">Czytaj dalej <span class=\"screen-reader-text\">Og\u0142oszenia parafialne 7 marzec 2021<\/span> <span class=\"meta-nav\">&rarr;<\/span><\/a><\/p>\n","protected":false},"author":1,"featured_media":0,"comment_status":"closed","ping_status":"closed","sticky":false,"template":"","format":"standard","meta":{"footnotes":""},"categories":[6,4],"tags":[],"class_list":["post-3240","post","type-post","status-publish","format-standard","hentry","category-aktualnosci","category-ogloszenia"],"_links":{"self":[{"href":"https:\/\/budy.przemyska.pl\/index.php\/wp-json\/wp\/v2\/posts\/3240","targetHints":{"allow":["GET"]}}],"collection":[{"href":"https:\/\/budy.przemyska.pl\/index.php\/wp-json\/wp\/v2\/posts"}],"about":[{"href":"https:\/\/budy.przemyska.pl\/index.php\/wp-json\/wp\/v2\/types\/post"}],"author":[{"embeddable":true,"href":"https:\/\/budy.przemyska.pl\/index.php\/wp-json\/wp\/v2\/users\/1"}],"replies":[{"embeddable":true,"href":"https:\/\/budy.przemyska.pl\/index.php\/wp-json\/wp\/v2\/comments?post=3240"}],"version-history":[{"count":0,"href":"https:\/\/budy.przemyska.pl\/index.php\/wp-json\/wp\/v2\/posts\/3240\/revisions"}],"wp:attachment":[{"href":"https:\/\/budy.przemyska.pl\/index.php\/wp-json\/wp\/v2\/media?parent=3240"}],"wp:term":[{"taxonomy":"category","embeddable":true,"href":"https:\/\/budy.przemyska.pl\/index.php\/wp-json\/wp\/v2\/categories?post=3240"},{"taxonomy":"post_tag","embeddable":true,"href":"https:\/\/budy.przemyska.pl\/index.php\/wp-json\/wp\/v2\/tags?post=3240"}],"curies":[{"name":"wp","href":"https:\/\/api.w.org\/{rel}","templated":true}]}}