{"id":3237,"date":"2021-02-27T20:28:21","date_gmt":"2021-02-27T19:28:21","guid":{"rendered":"http:\/\/www.budylancuckie.przemyska.pl\/?p=3237"},"modified":"2021-02-27T20:28:21","modified_gmt":"2021-02-27T19:28:21","slug":"ogloszenia-parafialne-28-luty-2021","status":"publish","type":"post","link":"https:\/\/budy.przemyska.pl\/index.php\/2021\/02\/27\/ogloszenia-parafialne-28-luty-2021\/","title":{"rendered":"Og\u0142oszenia parafialne 28 luty 2021"},"content":{"rendered":"<h2 style=\"text-align: center;\"><strong><span style=\"color: rgb(0, 0, 128);\">II Niedziela Wielkiego Postu &#8211; 28-02-2021<\/span><\/strong><\/h2>\n<h2 style=\"text-align: center;\"><strong><span style=\"color: rgb(0, 0, 128);\">Og\u0142oszenia<br \/>\n\t<\/span><\/strong><\/h2>\n<ol>\n<li>Dzi\u015b o godz. 15.00 Nabo\u017ce\u0144stwo Gorzkich \u017bali z kazaniem pasyjnym, a po Nim Msza \u015bw.<\/li>\n<li>W tym tygodniu wypada pierwszy czwartek, pi\u0105tek i sobota miesi\u0105ca. <\/li>\n<li>W czwartek \u015awi\u0119to \u015bw. Kazimierza, kr&oacute;lewicza. Adoracja Naj\u015bwi\u0119tszego Sakramentu od godz.16.00. W tym dniu, spos&oacute;b szczeg&oacute;lny modlimy si\u0119 o powo\u0142ania do s\u0142u\u017cby Panu Bogu.<\/li>\n<li>W pierwszy Pi\u0105tek wynagradzamy Jezusowemu Sercu za nasze grzechy. Msza \u015bw. rano o godz. 6.45 i wieczorem o godz.17.30. Nabo\u017ce\u0144stwo Drogi Krzy\u017cowej o godzinie 17.00, za\u015b o godzinie 19.00 Droga Krzy\u017cowa prowadzona przez m\u0142odzie\u017c z naszej parafii. W tym dniu tak\u017ce odwiedziny chorych, jednak\u017ce tylko po uprzednim powiadomieniu ze strony bliskich. <\/li>\n<li>W pierwsz\u0105 Sobot\u0119 czcimy Niepokalane Serce NMP. Msza \u015bw. o godz.17.00, po Niej Nabo\u017ce\u0144stwo r&oacute;\u017ca\u0144cowe, procesja z figurk\u0105 Matki Bo\u017cej Fatimskiej wewn\u0105trz ko\u015bcio\u0142a i zmiana tajemnic r&oacute;\u017ca\u0144cowych.<\/li>\n<li>Powoli zbli\u017camy si\u0119 do rozpocz\u0119cia Misji \u015awi\u0119tych poprzedzaj\u0105cych obchody 100 -lecia powstania naszej parafii. Misje \u015awi\u0119te b\u0119d\u0105 mia\u0142y miejsce w dn.19-25 marca, za\u015b g\u0142&oacute;wna Uroczysto\u015b\u0107 Jubileuszowa zaplanowana jest na 25 marca o godz.10.30, w dzie\u0144 naszego Odpustu. Zach\u0119camy do modlitwy o \u0142ask\u0119 dobrego prze\u017cycia tych naszych Uroczysto\u015bci. <\/li>\n<li>Serdeczne B&oacute;g zap\u0142a\u0107 dla os&oacute;b sprz\u0105taj\u0105cych oraz za wszelkie sk\u0142adane ofiary na potrzeby parafii.<\/li>\n<\/ol>\n<h3 style=\"text-align: center;\"><strong><span style=\"color: rgb(0, 0, 128);\">Intencje mszalne<\/span><\/strong><\/h3>\n<h4 style=\"text-align: center;\"><strong><span style=\"color: rgb(0, 0, 128);\">od 1 marca 2021 do 7 marca 2021<\/span><\/strong><\/h4>\n<h4><strong><br \/>\n\tGdyby zbyt d\u0142ugi czas nie by\u0142a og\u0142oszona zam&oacute;wiona intencja mszalna &ndash; prosimy o zg\u0142oszenie tego kap\u0142anowi.&nbsp; Zam&oacute;wiona intencja nie mo\u017ce zgin\u0105\u0107.<br \/>\n\t<\/strong><\/h4>\n<p><u><strong>Poniedzia\u0142ek &#8211; 1 marzec<\/strong><\/u><br \/>\n\t1. + W\u0142adys\u0142aw Kojder (greg.) <br \/>\n\t2. + Maria Babiarz &#8211; (pocz. greg.)<br \/>\n\t3. + Tadeusz Kubis &ndash; z R&oacute;\u017cy \u015bw. Franciszka<\/p>\n<p><u><strong>Wtorek &#8211; 2 marzec<br \/>\n\t<\/strong><\/u>1. + W\u0142adys\u0142aw Kojder &#8211; (zak. greg.)<br \/>\n\t2. + Maria Babiarz &ndash; (greg.)<br \/>\n\t3. ++ Andrzej, Katarzyna Dyrda oraz rodze\u0144stwo<\/p>\n<p><u><strong>\u015aroda &#8211; 3 marzec<\/strong><\/u><br \/>\n\t1. + Maria Babiarz &#8211; (greg.) <br \/>\n\t2. + Zofia Wikiera &ndash; od Sabiny Wojtyna i Damiana Mi\u015b<br \/>\n\t3. + Ks. J&oacute;zef Czech oraz rodzice i rodze\u0144stwo<\/p>\n<p><u><strong>Czwartek &#8211; 4 marzec<\/strong><\/u><br \/>\n\t1. + Maria Babiarz &#8211; (greg.) <br \/>\n\t2. + J&oacute;zef Kania &ndash; od Dariusza G\u0105siorka<br \/>\n\t3. + Helena, Ludwik Machniak &ndash; rocz. \u015bmierci <\/p>\n<p>\t<u><strong>Pi\u0105tek &#8211; 5 marzec<\/strong><\/u><br \/>\n\t06.45 + Stanis\u0142awa, Jan Kita<br \/>\n\t17.00. + Maria Babiarz &ndash; (greg.)<br \/>\n\t17.00. + S.W.S.M. Cebulak oraz T. W. F. Blok<\/p>\n<p><u><strong>Sobota &#8211; 6 marzec<\/strong><\/u><br \/>\n\t1. + Maria Babiarz &ndash; (greg.) <br \/>\n\t2. + Maria Gw&oacute;\u017ad\u017a &ndash; od c&oacute;rki Ma\u0142gorzaty z rodzin\u0105<br \/>\n\t3. + Helena Motyka &ndash; od c&oacute;rki Marii z m\u0119\u017cem<\/p>\n<p><u><strong>Niedziela &#8211; 7 marzec<\/strong><\/u><br \/>\n\t06.30 ++ Bogdan Bejster oraz z rodzin: Bloki Piersiak<br \/>\n\t08.00 + Zdzis\u0142aw Bia\u0142y, Andrzej Baran (z Lublina) &ndash; od Heleny Kani<br \/>\n\t10.30 Za parafian <br \/>\n\t15.00 + Maria Babiarz &ndash; (greg.)<\/p>\n<h3 style=\"text-align: center;\"><strong><strong><span style=\"color: rgb(0, 0, 128);\">Modlitw\u0119 r&oacute;\u017ca\u0144cow\u0105 prowadz\u0105<br \/>\n\t<\/span><\/strong><\/strong><\/h3>\n<p>01. Pn. R&oacute;\u017ca \u015aw. Teresy od Dzieci\u0105tka Jezus &#8211; (Dorota Dzierga)<br \/>\n\t02. Wt. R&oacute;\u017ca \u015aw. Teresy Wielkiej &ndash; (Zofia Wierzbicka)<br \/>\n\t03. \u015ar. R&oacute;\u017ca \u015aw. Tomasza Aposto\u0142a &ndash; (Stanis\u0142aw \u015alimak)<br \/>\n\t04. Cz. Dzie\u0142o Pomocy Powo\u0142aniom &#8211; (Anna Szular)<br \/>\n\t05. Pt. KSM<br \/>\n\t06. Sb. R&oacute;\u017ca Andrzeja Aposto\u0142a &ndash; (J&oacute;zef M\u0105dry)<br \/>\n\t07. Nd. R&oacute;\u017ca \u015aw. Agaty &#8211; (Patrycja Por\u0119bna)<\/p>\n<p><strong>Wyznaczona R&oacute;\u017ca jest proszona o prowadzenie modlitwy r&oacute;\u017ca\u0144cowej. <br \/>\n\t<\/strong><\/p>\n<p>&nbsp;<\/p>\n<h3 style=\"text-align: center;\"><strong><strong><span style=\"color: rgb(0, 0, 128);\">Propozycja intencji do przekazania do odprawienia w Wy\u017cszym Seminarium Duchownym w Przemy\u015blu<br \/>\n\t<\/span><\/strong><\/strong><\/h3>\n<p>01.&nbsp;&nbsp;&nbsp; + Zofia Wikiera &ndash; od so\u0142tys&oacute;w Gminy Grodzisko Dolne<br \/>\n\t02.&nbsp;&nbsp;&nbsp; + Zofia Wikiera &ndash; od senior&oacute;w Gminy Grodzisko Dolne <br \/>\n\t03.&nbsp;&nbsp;&nbsp; + Zofia Wikiera &ndash; od rodziny Dyjak&oacute;w i Sigd&oacute;w<br \/>\n\t04.&nbsp;&nbsp;&nbsp; + Zofia Wikiera &ndash; od s\u0105siad&oacute;w z Grodziska Dolnego<br \/>\n\t05.&nbsp;&nbsp;&nbsp; + Zofia Wikiera &ndash; od s\u0105siad&oacute;w z Grodziska Dolnego<br \/>\n\t06.&nbsp;&nbsp;&nbsp; + Zofia Wikiera &ndash; od rodziny Kalamarz&oacute;w z Gniewczyny<br \/>\n\t07.&nbsp;&nbsp;&nbsp; + Janina Ruszel &ndash; od koleg&oacute;w i kole\u017canek z Strefy<br \/>\n\t08.&nbsp;&nbsp;&nbsp; + Janina Ruszel &ndash; od koleg&oacute;w i kole\u017canek z Strefy<br \/>\n\t09.&nbsp;&nbsp;&nbsp; + Janina Ruszel &ndash; od koleg&oacute;w i kole\u017canek z firmy Bispol<br \/>\n\t10.&nbsp;&nbsp;&nbsp; + Janina Ruszel &ndash; od koleg&oacute;w i kole\u017canek z firmy Bispol <br \/>\n\t11.&nbsp;&nbsp;&nbsp; + Maria Gw&oacute;\u017ad\u017a &ndash; od Marty Boro\u0144 z rodzin\u0105<br \/>\n\t12.&nbsp;&nbsp;&nbsp; + Helena Motyka &ndash; od rodziny Ni\u017anik&oacute;w z Nowosielec<br \/>\n\t13.&nbsp;&nbsp;&nbsp; + Helena Motyka &ndash; od rodziny Rachwa\u0142&oacute;w z Podlesia<br \/>\n\t14.&nbsp;&nbsp;&nbsp; + Helena Motyka &ndash; od rodziny Motyk&oacute;w z Nowosielec<br \/>\n\t15.&nbsp;&nbsp;&nbsp; + Helena Motyka &ndash; od Anny i Piotra Teleg&oacute;w z Nowosielec<br \/>\n\t16.&nbsp;&nbsp;&nbsp; + Barbara Ko\u0142cz &ndash; od kole\u017canek syna Damiana ze Szko\u0142y Podstawowej<br \/>\n\t17.&nbsp;&nbsp;&nbsp; + Bronis\u0142aw Migas &ndash; od c&oacute;rki Mileny<br \/>\n\t18.&nbsp;&nbsp;&nbsp; + J&oacute;zef Rydzik &ndash; od siostry Cecyli Cierpisz z rodzin\u0105<br \/>\n\t19.&nbsp;&nbsp;&nbsp; + Kazimierz Por\u0119bny &ndash; od siostry Joanny z rodzin\u0105<br \/>\n\t20.&nbsp;&nbsp;&nbsp; + Tomasz Blok &ndash; od Michaliny i Zdzis\u0142awa Sagan<br \/>\n\t21.&nbsp;&nbsp;&nbsp; + Tomasz Blok &ndash; od Magdaleny i Kamila Sagan<br \/>\n\t22.&nbsp;&nbsp;&nbsp; + Tomasz Blok &ndash; od wychowawcy i dzieci z klasy Oliwiera<br \/>\n\t23.&nbsp;&nbsp;&nbsp; + Tomasz Blok &ndash; od rodzic&oacute;w z klasy Oliwiera<br \/>\n\t24.&nbsp;&nbsp;&nbsp; + Tomasz Blok &ndash; od Tomasza Kordowskiego<br \/>\n\t25.&nbsp;&nbsp;&nbsp; + Paulina Pelc &ndash; od Anety Dziedzic<br \/>\n\t26.&nbsp;&nbsp;&nbsp; + Helena Stafiej &ndash; od siostrzenicy Anety z rodzin\u0105 <br \/>\n\t27.&nbsp;&nbsp;&nbsp; + Tadeusz Kubis &ndash; od rodziny Bartnik z Bia\u0142obrzeg&oacute;w <br \/>\n\t28.&nbsp;&nbsp;&nbsp; + Tadeusz Kubis &ndash; od rodziny B\u0142aszczyk z \u0141a\u0144cuta<br \/>\n\t29.&nbsp;&nbsp;&nbsp; + Zofia Brewka &ndash; od Kazimierza Niemiec z rodzin\u0105<br \/>\n\t30.&nbsp;&nbsp;&nbsp; + Zofia Brewka &ndash; od J&oacute;zefa Niemiec z rodzin\u0105 <br \/>\n\t&nbsp;<\/p>\n","protected":false},"excerpt":{"rendered":"<p>II Niedziela Wielkiego Postu &#8211; 28-02-2021 Og\u0142oszenia Dzi\u015b o godz. 15.00 Nabo\u017ce\u0144stwo Gorzkich \u017bali z kazaniem pasyjnym, a po Nim Msza \u015bw. W tym tygodniu wypada pierwszy czwartek, pi\u0105tek i &hellip; <a href=\"https:\/\/budy.przemyska.pl\/index.php\/2021\/02\/27\/ogloszenia-parafialne-28-luty-2021\/\" class=\"more-link\">Czytaj dalej <span class=\"screen-reader-text\">Og\u0142oszenia parafialne 28 luty 2021<\/span> <span class=\"meta-nav\">&rarr;<\/span><\/a><\/p>\n","protected":false},"author":1,"featured_media":0,"comment_status":"closed","ping_status":"closed","sticky":false,"template":"","format":"standard","meta":{"footnotes":""},"categories":[6,4],"tags":[],"class_list":["post-3237","post","type-post","status-publish","format-standard","hentry","category-aktualnosci","category-ogloszenia"],"_links":{"self":[{"href":"https:\/\/budy.przemyska.pl\/index.php\/wp-json\/wp\/v2\/posts\/3237","targetHints":{"allow":["GET"]}}],"collection":[{"href":"https:\/\/budy.przemyska.pl\/index.php\/wp-json\/wp\/v2\/posts"}],"about":[{"href":"https:\/\/budy.przemyska.pl\/index.php\/wp-json\/wp\/v2\/types\/post"}],"author":[{"embeddable":true,"href":"https:\/\/budy.przemyska.pl\/index.php\/wp-json\/wp\/v2\/users\/1"}],"replies":[{"embeddable":true,"href":"https:\/\/budy.przemyska.pl\/index.php\/wp-json\/wp\/v2\/comments?post=3237"}],"version-history":[{"count":0,"href":"https:\/\/budy.przemyska.pl\/index.php\/wp-json\/wp\/v2\/posts\/3237\/revisions"}],"wp:attachment":[{"href":"https:\/\/budy.przemyska.pl\/index.php\/wp-json\/wp\/v2\/media?parent=3237"}],"wp:term":[{"taxonomy":"category","embeddable":true,"href":"https:\/\/budy.przemyska.pl\/index.php\/wp-json\/wp\/v2\/categories?post=3237"},{"taxonomy":"post_tag","embeddable":true,"href":"https:\/\/budy.przemyska.pl\/index.php\/wp-json\/wp\/v2\/tags?post=3237"}],"curies":[{"name":"wp","href":"https:\/\/api.w.org\/{rel}","templated":true}]}}