{"id":3235,"date":"2021-02-20T20:04:13","date_gmt":"2021-02-20T19:04:13","guid":{"rendered":"http:\/\/www.budylancuckie.przemyska.pl\/?p=3235"},"modified":"2021-02-20T20:04:13","modified_gmt":"2021-02-20T19:04:13","slug":"ogloszenia-parafialne-21-luty-2021","status":"publish","type":"post","link":"https:\/\/budy.przemyska.pl\/index.php\/2021\/02\/20\/ogloszenia-parafialne-21-luty-2021\/","title":{"rendered":"Og\u0142oszenia parafialne 21 luty 2021"},"content":{"rendered":"<h2 style=\"text-align: center;\"><strong><span style=\"color: rgb(0, 0, 128);\">I Niedziela Wielkiego Postu &#8211; 21-02-2021<\/span><\/strong><\/h2>\n<h2 style=\"text-align: center;\"><strong><span style=\"color: rgb(0, 0, 128);\">Og\u0142oszenia<br \/>\n\t<\/span><\/strong><\/h2>\n<ol>\n<li>Dzi\u015b o godz. 15.00 Nabo\u017ce\u0144stwo Gorzkich \u017bali z kazaniem pasyjnym, a po Nim Msza \u015bw.<\/li>\n<li>Jutro \u015awi\u0119to Katedry \u015bw. Piotra, w spos&oacute;b szczeg&oacute;lny modlimy si\u0119 za Ojca \u015awi\u0119tego &ndash; Franciszka.<\/li>\n<li>W czwartek Adoracja Naj\u015bwi\u0119tszego Sakramentu od godz. 16.00.<\/li>\n<li>Nabo\u017ce\u0144stwo Drogi Krzy\u017cowej w pi\u0105tek o godzinie 17.00, a po nim Msza \u015awi\u0119ta, za\u015b o godzinie 19.00 Droga Krzy\u017cowa prowadzona przez m\u0142odzie\u017c z naszej parafii.<\/li>\n<li>Serdecznie zapraszamy do udzia\u0142u w Nabo\u017ce\u0144stwach wielkopostnych, zar&oacute;wno starszych, jak i m\u0142odzie\u017c i dzieci. Za udzia\u0142 w tych Nabo\u017ce\u0144stwach mo\u017cna zyska\u0107 odpust zupe\u0142ny pod zwyk\u0142ymi warunkami. Chciejmy ze swej strony podj\u0105\u0107 wielkopostne postanowienia, drobne umartwienia i wyrzeczenia, aby ten czas jak najlepiej prze\u017cy\u0107, by rzeczywi\u015bcie sta\u0142 si\u0119 on okazj\u0105 do odnowy naszego ducha.<\/li>\n<li>W najbli\u017csz\u0105 niedziel\u0119 cz\u0119\u015b\u0107 naszych ofiar przeznaczymy na pomoc misjonarzom, w prowadzeniu ich dzia\u0142alno\u015bci g\u0142oszenia Ewangelii.<\/li>\n<li>Na stoliku przy gazetach wy\u0142o\u017cony jest folder z programem naszych Misji \u015bw. parafialnych, kt&oacute;re przezywa\u0107 b\u0119dziemy przed naszym Jubileuszem, jak r&oacute;wnie\u017c \u015bwiece &ndash; paschaliki (min. cena 7 z\u0142.) oraz miodek (dowolna ofiara), a tak\u017ce skarbonki wielkopostne dla dzieci &ndash; rozprowadzane przez Caritas. W kaplicy \u015bw. Maksymiliana jest r&oacute;wnie\u017c ksi\u0105\u017cka wydana z okazji naszego Jubileuszu.<\/li>\n<li>Serdeczne B&oacute;g zap\u0142a\u0107 dla os&oacute;b sprz\u0105taj\u0105cych Ko\u015bci&oacute;\u0142 oraz za wszelkie sk\u0142adane ofiary na potrzeby parafii.<\/li>\n<\/ol>\n<h3 style=\"text-align: center;\"><strong><span style=\"color: rgb(0, 0, 128);\">Intencje mszalne<\/span><\/strong><\/h3>\n<h4 style=\"text-align: center;\"><strong><span style=\"color: rgb(0, 0, 128);\">od 15 luty 2021 do 21 luty 2021<\/span><\/strong><\/h4>\n<h4><strong><br \/>\n\tGdyby zbyt d\u0142ugi czas nie by\u0142a og\u0142oszona zam&oacute;wiona intencja mszalna &ndash; prosimy o zg\u0142oszenie tego kap\u0142anowi.&nbsp; Zam&oacute;wiona intencja nie mo\u017ce zgin\u0105\u0107.<br \/>\n\t<\/strong><\/h4>\n<p><u><strong>Poniedzia\u0142ek &#8211; 22 luty<\/strong><\/u><br \/>\n\t1. + W\u0142adys\u0142aw Kojder (greg.) <br \/>\n\t2. + Zofia Wikiera &ndash; z R&oacute;\u017cy \u015bw. Zofii <br \/>\n\t3. ++ Katarzyna, Antoni, Stanis\u0142awa, Ignacy Kurek oraz Katarzyna, Franciszek Kojder i Marian Worek<\/p>\n<p><u><strong>Wtorek &#8211; 23 luty<br \/>\n\t<\/strong><\/u>1. + W\u0142adys\u0142aw Kojder (greg.)<br \/>\n\t2. + J&oacute;zef Kania<br \/>\n\t3. ++ Maria, Stanis\u0142aw Wojtas oraz Genowefa, Stanis\u0142aw Pelc &ndash; od wnuczki Jadwigi z rodzin\u0105<\/p>\n<p><u><strong>\u015aroda &#8211; 24 luty<\/strong><\/u><br \/>\n\t1. + W\u0142adys\u0142aw Kojder (greg.) <br \/>\n\t2. ++ Walenty, Maria Bo\u017cek oraz J&oacute;zef, Katarzyna Czupich i zmarli z rodziny<br \/>\n\t3. + Maria Gw&oacute;\u017ad\u017a &ndash; od m\u0119\u017ca<\/p>\n<p><u><strong>Czwartek &#8211; 25 luty<\/strong><\/u><br \/>\n\t1. + W\u0142adys\u0142aw Kojder (greg.) <br \/>\n\t2. + Tadeusz Gara &ndash; od Marii Wikiera z rodzin\u0105<br \/>\n\t3. + Zofia Wikiera &ndash; od rodziny Kurk&oacute;w <\/p>\n<p>\t<u><strong>Pi\u0105tek &#8211; 26 luty<\/strong><\/u><br \/>\n\t1. + W\u0142adys\u0142aw Kojder (greg.)<br \/>\n\t2. + Zofia Wikiera &ndash; od Marii i Adama Maj z Chodaczowa<br \/>\n\t3. + Joanna i Stanis\u0142aw Dr\u0105\u017cek<\/p>\n<p><u><strong>Sobota &#8211; 27 luty<\/strong><\/u><br \/>\n\t1. + W\u0142adys\u0142aw Kojder (greg.) <br \/>\n\t2. + Salomea &ndash; od wnuka z rodzin\u0105<br \/>\n\t3. + Mieczys\u0142aw, Magdalena Bartnik<\/p>\n<p><u><strong>Niedziela &#8211; 28 luty<\/strong><\/u><br \/>\n\t06.30 + Maria Gw&oacute;\u017ad\u017a &ndash; od c&oacute;rki Agnieszki z dzie\u0107mi<br \/>\n\t08.00 + J&oacute;zef Kania &ndash; od Barbary i Zbigniewa Wszo\u0142k&oacute;w<br \/>\n\t10.30 Za parafian <br \/>\n\t15.00 + W\u0142adys\u0142aw Kojder (greg.)<\/p>\n<h3 style=\"text-align: center;\"><strong><strong><span style=\"color: rgb(0, 0, 128);\">Modlitw\u0119 r&oacute;\u017ca\u0144cow\u0105 prowadz\u0105<br \/>\n\t<\/span><\/strong><\/strong><\/h3>\n<p>22. Pn. R&oacute;\u017ca \u015aw. Marii Goretti &#8211; (El\u017cbieta Kukulska)<br \/>\n\t23. Wt. R&oacute;\u017ca \u015aw. Marty &ndash; (Czes\u0142awa Por\u0119bna)<br \/>\n\t24. \u015ar. R&oacute;\u017ca Matki Bo\u017cej Bolesnej &ndash; (Genowefa Bartnik)<br \/>\n\t25. Cz. R&oacute;\u017ca Matki Bo\u017cej R&oacute;\u017ca\u0144cowej &#8211; (Zofia \u015awizdor)<br \/>\n\t26. Pt. KSM<br \/>\n\t27. Sb. R&oacute;\u017ca Matki Bo\u017cej Szkaplerznej &ndash; (Maria K\u0142os)<br \/>\n\t28. Nd. R&oacute;\u017ca \u015aw. Stanis\u0142awa Biskupa &#8211; (Franciszek Bartnik)<\/p>\n<p><strong>Wyznaczona R&oacute;\u017ca jest proszona o prowadzenie modlitwy r&oacute;\u017ca\u0144cowej. <br \/>\n\t<\/strong><\/p>\n","protected":false},"excerpt":{"rendered":"<p>I Niedziela Wielkiego Postu &#8211; 21-02-2021 Og\u0142oszenia Dzi\u015b o godz. 15.00 Nabo\u017ce\u0144stwo Gorzkich \u017bali z kazaniem pasyjnym, a po Nim Msza \u015bw. Jutro \u015awi\u0119to Katedry \u015bw. Piotra, w spos&oacute;b szczeg&oacute;lny &hellip; <a href=\"https:\/\/budy.przemyska.pl\/index.php\/2021\/02\/20\/ogloszenia-parafialne-21-luty-2021\/\" class=\"more-link\">Czytaj dalej <span class=\"screen-reader-text\">Og\u0142oszenia parafialne 21 luty 2021<\/span> <span class=\"meta-nav\">&rarr;<\/span><\/a><\/p>\n","protected":false},"author":1,"featured_media":0,"comment_status":"closed","ping_status":"closed","sticky":false,"template":"","format":"standard","meta":{"footnotes":""},"categories":[6,4],"tags":[],"class_list":["post-3235","post","type-post","status-publish","format-standard","hentry","category-aktualnosci","category-ogloszenia"],"_links":{"self":[{"href":"https:\/\/budy.przemyska.pl\/index.php\/wp-json\/wp\/v2\/posts\/3235","targetHints":{"allow":["GET"]}}],"collection":[{"href":"https:\/\/budy.przemyska.pl\/index.php\/wp-json\/wp\/v2\/posts"}],"about":[{"href":"https:\/\/budy.przemyska.pl\/index.php\/wp-json\/wp\/v2\/types\/post"}],"author":[{"embeddable":true,"href":"https:\/\/budy.przemyska.pl\/index.php\/wp-json\/wp\/v2\/users\/1"}],"replies":[{"embeddable":true,"href":"https:\/\/budy.przemyska.pl\/index.php\/wp-json\/wp\/v2\/comments?post=3235"}],"version-history":[{"count":0,"href":"https:\/\/budy.przemyska.pl\/index.php\/wp-json\/wp\/v2\/posts\/3235\/revisions"}],"wp:attachment":[{"href":"https:\/\/budy.przemyska.pl\/index.php\/wp-json\/wp\/v2\/media?parent=3235"}],"wp:term":[{"taxonomy":"category","embeddable":true,"href":"https:\/\/budy.przemyska.pl\/index.php\/wp-json\/wp\/v2\/categories?post=3235"},{"taxonomy":"post_tag","embeddable":true,"href":"https:\/\/budy.przemyska.pl\/index.php\/wp-json\/wp\/v2\/tags?post=3235"}],"curies":[{"name":"wp","href":"https:\/\/api.w.org\/{rel}","templated":true}]}}