{"id":3232,"date":"2021-02-13T18:09:02","date_gmt":"2021-02-13T17:09:02","guid":{"rendered":"http:\/\/www.budylancuckie.przemyska.pl\/?p=3232"},"modified":"2021-02-13T18:09:02","modified_gmt":"2021-02-13T17:09:02","slug":"ogloszenia-parafialne-14-luty-2021","status":"publish","type":"post","link":"https:\/\/budy.przemyska.pl\/index.php\/2021\/02\/13\/ogloszenia-parafialne-14-luty-2021\/","title":{"rendered":"Og\u0142oszenia parafialne 14 luty 2021"},"content":{"rendered":"<h2 style=\"text-align: center;\"><strong><span style=\"color: rgb(0, 0, 128);\">VI Niedziela zwyk\u0142a &#8211; 14-02-2021<\/span><\/strong><\/h2>\n<h2 style=\"text-align: center;\"><strong><span style=\"color: rgb(0, 0, 128);\">Og\u0142oszenia<br \/>\n\t<\/span><\/strong><\/h2>\n<ol>\n<li>Dzi\u015b o godz. 15.00 Modlitwa R&oacute;\u017ca\u0144cowa, a po Niej Msza \u015bw.<\/li>\n<li>Dzi\u015b rozpoczyna si\u0119 Tydzie\u0144 Trze\u017awo\u015bci. Zach\u0119camy w tym czasie szczeg&oacute;lnie do abstynencji oraz modlitwy za osoby uzale\u017cnione oraz ich rodziny.<\/li>\n<li>W \u015brod\u0119 &ndash; \u015aroda Popielcowa- rozpoczyna si\u0119 40 dniowy okres Wielkiego Postu. W tym dniu obowi\u0105zuje wstrzemi\u0119\u017aliwo\u015b\u0107 od pokarm&oacute;w mi\u0119snych (wszystkich kt&oacute;rzy uko\u0144czyli 14 rok \u017cycia), oraz post ilo\u015bciowy (wszystkich wiernych, kt&oacute;rzy uko\u0144czyli 18 rok \u017cycia, a nie rozpocz\u0119li 60). Mimo tego zach\u0119ca si\u0119, aby r&oacute;wnie\u017c dzieci by\u0142y wprowadzane w autentycznego ducha pokuty. W tym dniu Msze \u015bwi\u0119te z Obrz\u0119dem Posypania g\u0142&oacute;w popio\u0142em o godzinie 6.30, 8.00 oraz 17.00. Zaleca si\u0119, aby dla nieobecnych w tym dniu zabra\u0107 po\u015bwi\u0119cony popi&oacute;\u0142 jako znak \u0142\u0105czno\u015bci z pokutuj\u0105cym Ko\u015bcio\u0142em. <\/li>\n<li>Nabo\u017ce\u0144stwo Drogi Krzy\u017cowej w pi\u0105tek o godzinie 17.00, a po nim Msza \u015awi\u0119ta, za\u015b o godzinie 19.00 Droga Krzy\u017cowa prowadzona przez m\u0142odzie\u017c z naszej parafii. W pi\u0105tki sk\u0142adka przeznaczona na kwiaty do Bo\u017cego Grobu oraz Ciemnicy Pa\u0144skiej.<\/li>\n<li>W niedziel\u0119 Wielkiego Postu o godzinie 15.00 Nabo\u017ce\u0144stwo Gorzkich \u017bali z kazaniem Pasyjnym, a po nich Msza \u015awi\u0119ta.<\/li>\n<li>Zapraszamy do udzia\u0142u w tych wydarzeniach. Za udzia\u0142 w powy\u017cszych nabo\u017ce\u0144stwach mo\u017cna zyska\u0107 odpust zupe\u0142ny pod zwyk\u0142ymi warunkami.<\/li>\n<li>S\u0142owa podzi\u0119kowania dla wszystkich, kt&oacute;rzy w jakikolwiek spos&oacute;b przyczynili si\u0119 do upi\u0119kszenia liturgii i pomocy w przygotowaniu do Wizytacji Kanonicznej, podczas kt&oacute;rej udzielony zosta\u0142 Sakrament Bierzmowania m\u0142odzie\u017cy w naszej parafii. <\/li>\n<li>Serdeczne B&oacute;g zap\u0142a\u0107 dla os&oacute;b sprz\u0105taj\u0105cych i stroj\u0105cych Ko\u015bci&oacute;\u0142 oraz za wszelkie sk\u0142adane ofiary na potrzeby parafii..<\/li>\n<\/ol>\n<h3 style=\"text-align: center;\"><strong><span style=\"color: rgb(0, 0, 128);\">Intencje mszalne<\/span><\/strong><\/h3>\n<h4 style=\"text-align: center;\"><strong><span style=\"color: rgb(0, 0, 128);\">od 15 luty 2021 do 21 luty 2021<\/span><\/strong><\/h4>\n<h4><strong><br \/>\n\tGdyby zbyt d\u0142ugi czas nie by\u0142a og\u0142oszona zam&oacute;wiona intencja mszalna &ndash; prosimy o zg\u0142oszenie tego kap\u0142anowi.&nbsp; Zam&oacute;wiona intencja nie mo\u017ce zgin\u0105\u0107.<br \/>\n\t<\/strong><\/h4>\n<p><u><strong>Poniedzia\u0142ek &#8211; 15 luty<\/strong><\/u><br \/>\n\t1. + W\u0142adys\u0142aw Kojder (greg.) <br \/>\n\t2. + Henryk, Zofia, Augustyn Krupa, za zmar\u0142ych z rodziny Bestr&oacute;w, Wajd&oacute;w oraz + Zofia Rupar <br \/>\n\t3. + Stanis\u0142aw Kojder, Maria, Franciszek &#8211; w rocznic\u0119 \u015bmierci<\/p>\n<p><u><strong>Wtorek &#8211; 16 luty<br \/>\n\t<\/strong><\/u>1. + W\u0142adys\u0142aw Kojder (greg.)<br \/>\n\t2. + Stanis\u0142aw Czech od rodziny<br \/>\n\t3. + Jaros\u0142aw Iwanow &#8211; od kole\u017canki Jadwigi z rodzin\u0105<\/p>\n<p><u><strong>\u015aroda &#8211; 17 luty<\/strong><\/u><br \/>\n\t06.30. + W\u0142adys\u0142aw Kojder (greg.) <br \/>\n\t08.00. + Zofia Wikiera- od s\u0105siad&oacute;w z Grodziska Dolnego<br \/>\n\t17.00 + Maria Baj &#8211; od Ma\u0142gorzaty<\/p>\n<p><u><strong>Czwartek &#8211; 18 luty<\/strong><\/u><br \/>\n\t1. + W\u0142adys\u0142aw Kojder (greg.) <br \/>\n\t2. + Boles\u0142aw Rupar &#8211; rocznica \u015bmierci<br \/>\n\t3. + Aniela, Jan Korzystka &ndash; rocznica \u015bmierci <\/p>\n<p>\t<u><strong>Pi\u0105tek &#8211; 19 luty<\/strong><\/u><br \/>\n\t1. + W\u0142adys\u0142aw Kojder (greg.)<br \/>\n\t2. + Zofia Wikiera &ndash; od Katarzyny i Karola Nawrot&oacute;w.<br \/>\n\t3. + Jakub i Emilia Rupar<\/p>\n<p><u><strong>Sobota &#8211; 20 luty<\/strong><\/u><br \/>\n\t1. + W\u0142adys\u0142aw Kojder (greg.) <br \/>\n\t2. + Jan Janusz, Zbigniew Szular<br \/>\n\t3. + Wojciech, Zofia Por\u0119bny, Stanis\u0142aw Kie\u0142b<\/p>\n<p><u><strong>Niedziela &#8211; 21 luty<\/strong><\/u><br \/>\n\t06.30 + Zofia Wikiera- od syna Marka z \u017con\u0105 Klaudi\u0105<br \/>\n\t08.00 W podzi\u0119kowaniu za otrzymane \u0142aski i z pro\u015bb\u0105 o dalsze b\u0142ogos\u0142awie\u0144stwo dla ca\u0142ej rodziny Dominiki i Macieja Ostrowskich<br \/>\n\t10.30 Za parafian 10.30 + Adam Zi\u0119zio- 12 rocznica \u015bmierci <br \/>\n\t15.00 + W\u0142adys\u0142aw Kojder (greg.)<\/p>\n<h3 style=\"text-align: center;\"><strong><strong><span style=\"color: rgb(0, 0, 128);\">Modlitw\u0119 r&oacute;\u017ca\u0144cow\u0105 prowadz\u0105<br \/>\n\t<\/span><\/strong><\/strong><\/h3>\n<p>15. Pn. R&oacute;\u017ca \u015aw. Katarzyny &#8211; (Anna Kurek)<br \/>\n\t16. Wt. R&oacute;\u017ca \u015aw. Jadwigi \u015al\u0105skiej&ndash; (Maria Bester)<br \/>\n\t17. \u015ar. R&oacute;\u017ca \u015aw. Heleny &ndash; (Helena Dyrda)<br \/>\n\t18. Cz. R&oacute;\u017ca \u015aw. Klary (Teresa G\u0142owiak)<br \/>\n\t19. Pt. KSM<br \/>\n\t20. Sb. R&oacute;\u017ca \u015aw. Kingi &ndash; (El\u017cbieta Wacnik)<br \/>\n\t21. Nd. R&oacute;\u017ca \u015aw. Marii Magdaleny (Janina Rachwa\u0142)<\/p>\n<p><strong>Wyznaczona R&oacute;\u017ca jest proszona o prowadzenie modlitwy r&oacute;\u017ca\u0144cowej. <br \/>\n\t<\/strong><\/p>\n","protected":false},"excerpt":{"rendered":"<p>VI Niedziela zwyk\u0142a &#8211; 14-02-2021 Og\u0142oszenia Dzi\u015b o godz. 15.00 Modlitwa R&oacute;\u017ca\u0144cowa, a po Niej Msza \u015bw. Dzi\u015b rozpoczyna si\u0119 Tydzie\u0144 Trze\u017awo\u015bci. Zach\u0119camy w tym czasie szczeg&oacute;lnie do abstynencji oraz &hellip; <a href=\"https:\/\/budy.przemyska.pl\/index.php\/2021\/02\/13\/ogloszenia-parafialne-14-luty-2021\/\" class=\"more-link\">Czytaj dalej <span class=\"screen-reader-text\">Og\u0142oszenia parafialne 14 luty 2021<\/span> <span class=\"meta-nav\">&rarr;<\/span><\/a><\/p>\n","protected":false},"author":1,"featured_media":0,"comment_status":"closed","ping_status":"closed","sticky":false,"template":"","format":"standard","meta":{"footnotes":""},"categories":[6,4],"tags":[],"class_list":["post-3232","post","type-post","status-publish","format-standard","hentry","category-aktualnosci","category-ogloszenia"],"_links":{"self":[{"href":"https:\/\/budy.przemyska.pl\/index.php\/wp-json\/wp\/v2\/posts\/3232","targetHints":{"allow":["GET"]}}],"collection":[{"href":"https:\/\/budy.przemyska.pl\/index.php\/wp-json\/wp\/v2\/posts"}],"about":[{"href":"https:\/\/budy.przemyska.pl\/index.php\/wp-json\/wp\/v2\/types\/post"}],"author":[{"embeddable":true,"href":"https:\/\/budy.przemyska.pl\/index.php\/wp-json\/wp\/v2\/users\/1"}],"replies":[{"embeddable":true,"href":"https:\/\/budy.przemyska.pl\/index.php\/wp-json\/wp\/v2\/comments?post=3232"}],"version-history":[{"count":0,"href":"https:\/\/budy.przemyska.pl\/index.php\/wp-json\/wp\/v2\/posts\/3232\/revisions"}],"wp:attachment":[{"href":"https:\/\/budy.przemyska.pl\/index.php\/wp-json\/wp\/v2\/media?parent=3232"}],"wp:term":[{"taxonomy":"category","embeddable":true,"href":"https:\/\/budy.przemyska.pl\/index.php\/wp-json\/wp\/v2\/categories?post=3232"},{"taxonomy":"post_tag","embeddable":true,"href":"https:\/\/budy.przemyska.pl\/index.php\/wp-json\/wp\/v2\/tags?post=3232"}],"curies":[{"name":"wp","href":"https:\/\/api.w.org\/{rel}","templated":true}]}}