{"id":3230,"date":"2021-02-06T19:33:21","date_gmt":"2021-02-06T18:33:21","guid":{"rendered":"http:\/\/www.budylancuckie.przemyska.pl\/?p=3230"},"modified":"2021-02-06T19:33:21","modified_gmt":"2021-02-06T18:33:21","slug":"ogloszenia-parafialne-7-luty-2021","status":"publish","type":"post","link":"https:\/\/budy.przemyska.pl\/index.php\/2021\/02\/06\/ogloszenia-parafialne-7-luty-2021\/","title":{"rendered":"Og\u0142oszenia parafialne 7 luty 2021"},"content":{"rendered":"<h2 style=\"text-align: center;\"><strong><span style=\"color: rgb(0, 0, 128);\">V Niedziela zwyk\u0142a &#8211; 7-02-2021<\/span><\/strong><\/h2>\n<h2 style=\"text-align: center;\"><strong><span style=\"color: rgb(0, 0, 128);\">Og\u0142oszenia<br \/>\n\t<\/span><\/strong><\/h2>\n<ol>\n<li>Dzi\u015b o godz. 15.00 Litania do Naj\u015bw. Serca P. Jezusa, a po Niej Msza \u015bw.<\/li>\n<li>W \u015brod\u0119 &ndash; wspomnienie \u015bw. Scholastyki, w czwartek za\u015b, wspomnienie NMP z Lourdes &ndash; modlimy si\u0119 szczeg&oacute;lnie w intencji wszystkich chorych.<\/li>\n<li>W pi\u0105tek mo\u017cliwo\u015b\u0107 Spowiedzi \u015bw. od godz.15.30 przed Sakramentem Bierzmowania. W sobot\u0119 rano przygotowaniem ko\u015bcio\u0142a do naszej Uroczysto\u015bci Parafialnej, zajm\u0105 si\u0119 rodzice m\u0142odzie\u017cy przyst\u0119puj\u0105cej do Bierzmowania.<\/li>\n<li>W sobot\u0119 (13 lutego) Wizytacja Kanoniczna w naszej parafii. O godz. 14.00 &ndash; R&oacute;\u017caniec, o 14.30 &#8211; spotkanie z wszystkimi grupami parafialnymi (Akcja Katolicka, ministranci, lektorzy, R&oacute;\u017ce R&oacute;\u017ca\u0144cowe, KSM, Rada Parafialna, Dzie\u0142o Pomocy Powo\u0142aniom). O godz. 15.00 &#8211; Uroczysta Msza \u015bw. z udzieleniem Sakramentu Bierzmowania, przez pos\u0142ug\u0119 ks. bpa Stanis\u0142awa Jamrozka.<\/li>\n<li>Serdeczne B&oacute;g zap\u0142a\u0107 dla os&oacute;b sprz\u0105taj\u0105cych i stroj\u0105cych ko\u015bci&oacute;\u0142 oraz za wszystkie ofiary sk\u0142adane na potrzeby parafii.<\/li>\n<\/ol>\n<h3 style=\"text-align: center;\"><strong><span style=\"color: rgb(0, 0, 128);\">Intencje mszalne<\/span><\/strong><\/h3>\n<h4 style=\"text-align: center;\"><strong><span style=\"color: rgb(0, 0, 128);\">od 8 luty 2021 do 14 luty 2021<\/span><\/strong><\/h4>\n<h4><strong><br \/>\n\tGdyby zbyt d\u0142ugi czas nie by\u0142a og\u0142oszona zam&oacute;wiona intencja mszalna &ndash; prosimy o zg\u0142oszenie tego kap\u0142anowi.&nbsp; Zam&oacute;wiona intencja nie mo\u017ce zgin\u0105\u0107.<br \/>\n\t<\/strong><\/h4>\n<p><u><strong>Poniedzia\u0142ek &#8211; 8 luty<\/strong><\/u><br \/>\n\t1. + W\u0142adys\u0142aw Kojder (greg.) <br \/>\n\t2. + Krystyna Kruk &ndash; od siostry z m\u0119\u017cem <br \/>\n\t3. Za zmar\u0142ych z rodziny: Babiarz&oacute;w, Wosi&oacute;w i Rachwa\u0142&oacute;w<\/p>\n<p><u><strong>Wtorek &#8211; 9 luty<br \/>\n\t<\/strong><\/u>1. + W\u0142adys\u0142aw Kojder (greg.)<br \/>\n\t2. + Agata, Tomasz Kruk <br \/>\n\t3. + Stanis\u0142aw Migas &ndash; 40 rocznica \u015bmierci oraz + Katarzyna i zmarli z rodziny<\/p>\n<p><u><strong>\u015aroda &#8211; 10 luty<\/strong><\/u><br \/>\n\t1. + W\u0142adys\u0142aw Kojder (greg.) <br \/>\n\t2. + Stanis\u0142aw Blok &ndash; rocznica \u015bmierci <br \/>\n\t3. + Maria, Stanis\u0142aw, Zbigniew Szular<\/p>\n<p><u><strong>Czwartek &#8211; 11 luty<\/strong><\/u><br \/>\n\t1. + W\u0142adys\u0142aw Kojder (greg.) <br \/>\n\t2. + Stanis\u0142aw Kruk; + Anna <br \/>\n\t3. + Cecylia R\u0105czka &ndash; rocznica \u015bmierci <\/p>\n<p>\t<u><strong>Pi\u0105tek &#8211; 12 luty<\/strong><\/u><br \/>\n\t1. + W\u0142adys\u0142aw Kojder (greg.)<br \/>\n\t2. + Zofia Wikiera &ndash; od Lucyny i Stanis\u0142awa Mi\u015b<br \/>\n\t3. + J&oacute;zef, Maria, Jan i Katarzyna Bieleccy<\/p>\n<p><u><strong>Sobota &#8211; 13 luty<\/strong><\/u><br \/>\n\t1. + W\u0142adys\u0142aw Kojder (greg.) <br \/>\n\t2. + Zofia Wikiera &ndash; od rodziny \u015alimak&oacute;w <br \/>\n\t3. + J&oacute;zef Kania<\/p>\n<p><u><strong>Niedziela &#8211; 14 luty<\/strong><\/u><br \/>\n\t06.30 + Salomea, Stefania, Stanis\u0142aw Preis i Karolina Wikiera<br \/>\n\t08.00 + Zofia Wikiera &ndash; od syna O. Fabiana<br \/>\n\t10.30 Za parafian <br \/>\n\t15.00 + W\u0142adys\u0142aw Kojder (greg.)<\/p>\n<h3 style=\"text-align: center;\"><strong><strong><span style=\"color: rgb(0, 0, 128);\">Modlitw\u0119 r&oacute;\u017ca\u0144cow\u0105 prowadz\u0105<br \/>\n\t<\/span><\/strong><\/strong><\/h3>\n<p>08. Pn. R&oacute;\u017ca \u015aw. El\u017cbiety &#8211; (Alina Trojnar)<br \/>\n\t09. Wt. R&oacute;\u017ca \u015aw. Faustyny &ndash; (Eugenia \u015awizdor)<br \/>\n\t10. \u015ar. R&oacute;\u017ca \u015aw. Genowefy &ndash; (Genowefa Dr\u0105\u017cek)<br \/>\n\t11. Cz. Akcja Katolicka <br \/>\n\t12. Pt. KSM<br \/>\n\t13. Sb. R&oacute;\u017ca \u015aw. Kr&oacute;lowej Jadwigi &ndash; (Halina Dyrda)<br \/>\n\t14. Nd. \u015aw. Heleny &#8211; (Helena Dyrda)<\/p>\n<p><strong>Wyznaczona R&oacute;\u017ca jest proszona o prowadzenie modlitwy r&oacute;\u017ca\u0144cowej. <br \/>\n\t<\/strong><\/p>\n<h3 style=\"text-align: center;\"><strong><strong><span style=\"color: rgb(0, 0, 128);\">Propozycja intencji do przekazania do odprawienia w Wy\u017cszym Seminarium Duchownym w Przemy\u015blu<br \/>\n\t<\/span><\/strong><\/strong><\/h3>\n<p>01.&nbsp;&nbsp;&nbsp; + Maria Pelc &ndash; od wnuczek: Joanny i Ewy<br \/>\n\t02.&nbsp;&nbsp;&nbsp; + Barbara Ko\u0142cz &ndash; od Iwony z rodzin\u0105<br \/>\n\t03.&nbsp;&nbsp;&nbsp; + Stanis\u0142aw i Zofia Kochman &ndash; od szwagierki z rodzin\u0105<br \/>\n\t04.&nbsp;&nbsp;&nbsp; + W\u0142adys\u0142aw \u015awizdor &ndash; od chrze\u015bniaka<br \/>\n\t05.&nbsp;&nbsp;&nbsp; + Zofia Panek &ndash; od wnuka Paw\u0142a z rodzin\u0105<br \/>\n\t06.&nbsp;&nbsp;&nbsp; + Maria Pelc &ndash; od wnuczek: Barbary, Agnieszki i prawnuka<br \/>\n\t07.&nbsp;&nbsp;&nbsp; + Tadeusz Kubis &ndash; od wnuka Rafa\u0142a z \u017con\u0105<br \/>\n\t08.&nbsp;&nbsp;&nbsp; + Jacek Chudzik &ndash; od Piotra Szosteckiego z rodzin\u0105<br \/>\n\t09.&nbsp;&nbsp;&nbsp; + Boles\u0142aw Rupar &ndash; od Dyrekcji i Pracownik&oacute;w Caritas w Przemy\u015blu<br \/>\n\t10.&nbsp;&nbsp;&nbsp; + Barbara Ko\u0142cz &ndash; od wujka Mariana z rodzin\u0105<br \/>\n\t11.&nbsp;&nbsp;&nbsp; + Tadeusz Kubis &ndash; od rodziny Kochman<br \/>\n\t12.&nbsp;&nbsp;&nbsp; + Zofia Brewka &ndash; od siostry Genowefy z Grz\u0119ski<br \/>\n\t13.&nbsp;&nbsp;&nbsp; + Zofia Brewka &ndash; od Iwony i Jana Niemiec<br \/>\n\t14.&nbsp;&nbsp;&nbsp; + Boles\u0142aw Rupar &ndash; od firmy p. Wojciecha Leji<br \/>\n\t15.&nbsp;&nbsp;&nbsp; + Jerzy Kie\u0142b &ndash; od Agnieszki z rodzin\u0105<br \/>\n\t16.&nbsp;&nbsp;&nbsp; + Jerzy Kie\u0142b &ndash; od \u0141ukasza z rodzin\u0105<br \/>\n\t17.&nbsp;&nbsp;&nbsp; + Krystyna Kruk &ndash; od s\u0105siadki Anny Por\u0119bny<br \/>\n\t18.&nbsp;&nbsp;&nbsp; + Bronis\u0142aw Migas &ndash; od c&oacute;rki Patrycji<br \/>\n\t19.&nbsp;&nbsp;&nbsp; + J&oacute;zef Rydzik &ndash; od siostry Zofii Leja z m\u0119\u017cem<br \/>\n\t20.&nbsp;&nbsp;&nbsp; + Kazimierz Por\u0119bny &ndash; od Gabryeli i Andrzeja Brudniak z Olsztyna<br \/>\n\t21.&nbsp;&nbsp;&nbsp; + Tomasz Blok &ndash; od firmy P. Auto z kolegami<br \/>\n\t22.&nbsp;&nbsp;&nbsp; + Tomasz Blok &ndash; od Anny i Grzegorza Sagan<br \/>\n\t23.&nbsp;&nbsp;&nbsp; + Helena Stafiej &ndash; od rodziny Nazimk&oacute;w i Fo\u0142t&oacute;w<br \/>\n\t24.&nbsp;&nbsp;&nbsp; + Helena Stafiej &ndash; od Zofii Bo\u017cek<br \/>\n\t25.&nbsp;&nbsp;&nbsp; + Zofia Wikiera &ndash; od Jana i Agaty Chmura z rodzin\u0105<br \/>\n\t26.&nbsp;&nbsp;&nbsp; + Zofia Wikiera &ndash; od rodziny Wojnarskich<br \/>\n\t27.&nbsp;&nbsp;&nbsp; + Zofia Wikiera &ndash; od Bo\u017ceny Mucha z rodzin\u0105<br \/>\n\t28.&nbsp;&nbsp;&nbsp; + Janina Ruszel &ndash; od koleg&oacute;w i kole\u017canek z Strefy<br \/>\n\t29.&nbsp;&nbsp;&nbsp; + Janina Ruszel &ndash; od koleg&oacute;w i kole\u017canek z Strefy<br \/>\n\t30.&nbsp;&nbsp;&nbsp; + Maria Gw&oacute;\u017ad\u017a &ndash; od Dyr. i Prac. Zespo\u0142u Szk&oacute;\u0142 w Woli Dalszej<\/p>\n<p>\t&nbsp;<\/p>\n","protected":false},"excerpt":{"rendered":"<p>V Niedziela zwyk\u0142a &#8211; 7-02-2021 Og\u0142oszenia Dzi\u015b o godz. 15.00 Litania do Naj\u015bw. Serca P. Jezusa, a po Niej Msza \u015bw. W \u015brod\u0119 &ndash; wspomnienie \u015bw. Scholastyki, w czwartek za\u015b, &hellip; <a href=\"https:\/\/budy.przemyska.pl\/index.php\/2021\/02\/06\/ogloszenia-parafialne-7-luty-2021\/\" class=\"more-link\">Czytaj dalej <span class=\"screen-reader-text\">Og\u0142oszenia parafialne 7 luty 2021<\/span> <span class=\"meta-nav\">&rarr;<\/span><\/a><\/p>\n","protected":false},"author":1,"featured_media":0,"comment_status":"closed","ping_status":"closed","sticky":false,"template":"","format":"standard","meta":{"footnotes":""},"categories":[6,4],"tags":[],"class_list":["post-3230","post","type-post","status-publish","format-standard","hentry","category-aktualnosci","category-ogloszenia"],"_links":{"self":[{"href":"https:\/\/budy.przemyska.pl\/index.php\/wp-json\/wp\/v2\/posts\/3230","targetHints":{"allow":["GET"]}}],"collection":[{"href":"https:\/\/budy.przemyska.pl\/index.php\/wp-json\/wp\/v2\/posts"}],"about":[{"href":"https:\/\/budy.przemyska.pl\/index.php\/wp-json\/wp\/v2\/types\/post"}],"author":[{"embeddable":true,"href":"https:\/\/budy.przemyska.pl\/index.php\/wp-json\/wp\/v2\/users\/1"}],"replies":[{"embeddable":true,"href":"https:\/\/budy.przemyska.pl\/index.php\/wp-json\/wp\/v2\/comments?post=3230"}],"version-history":[{"count":0,"href":"https:\/\/budy.przemyska.pl\/index.php\/wp-json\/wp\/v2\/posts\/3230\/revisions"}],"wp:attachment":[{"href":"https:\/\/budy.przemyska.pl\/index.php\/wp-json\/wp\/v2\/media?parent=3230"}],"wp:term":[{"taxonomy":"category","embeddable":true,"href":"https:\/\/budy.przemyska.pl\/index.php\/wp-json\/wp\/v2\/categories?post=3230"},{"taxonomy":"post_tag","embeddable":true,"href":"https:\/\/budy.przemyska.pl\/index.php\/wp-json\/wp\/v2\/tags?post=3230"}],"curies":[{"name":"wp","href":"https:\/\/api.w.org\/{rel}","templated":true}]}}