{"id":3215,"date":"2021-01-31T10:35:54","date_gmt":"2021-01-31T09:35:54","guid":{"rendered":"http:\/\/www.budylancuckie.przemyska.pl\/?p=3215"},"modified":"2021-01-31T10:35:54","modified_gmt":"2021-01-31T09:35:54","slug":"ogloszenia-parafialne-31-styczen-2021","status":"publish","type":"post","link":"https:\/\/budy.przemyska.pl\/index.php\/2021\/01\/31\/ogloszenia-parafialne-31-styczen-2021\/","title":{"rendered":"Og\u0142oszenia parafialne 31 stycze\u0144 2021"},"content":{"rendered":"<h2 style=\"text-align: center;\"><strong><span style=\"color: rgb(0, 0, 128);\">IV Niedziela zwyk\u0142a &#8211; 31-01-2021<\/span><\/strong><\/h2>\n<h2 style=\"text-align: center;\"><strong><span style=\"color: rgb(0, 0, 128);\">Og\u0142oszenia<br \/>\n\t<\/span><\/strong><\/h2>\n<ol>\n<li>Dzi\u015b o godz. 15.00 Litania do Matki Bo\u017cej, a po Niej Msza \u015bw.<\/li>\n<li>We wtorek \u015awi\u0119to Ofiarowania Pa\u0144skiego (Matki Bo\u017cej Gromnicznej). Msze \u015bw. o godz.6.30, 8.00 oraz 17.00. Na ka\u017cdej Mszy \u015bw. po\u015bwi\u0119cenie gromnic. Jest to zarazem Dzie\u0144 \u017bycia Konsekrowanego. Modlimy si\u0119 w intencji os&oacute;b \u017bycia Konsekrowanego w naszej Archidiecezji.<\/li>\n<li>W tym tygodniu wypada pierwszy czwartek, pi\u0105tek i sobota miesi\u0105ca. Mo\u017cliwo\u015b\u0107 skorzystania z Sakramentu Pojednania, codziennie, godzin\u0119 przed Msz\u0105 \u015bw.<\/li>\n<li>W czwartek Adoracja Naj\u015bwi\u0119tszego Sakramentu od godz.16.00. W spos&oacute;b szczeg&oacute;lny modlimy si\u0119 o powo\u0142ania do s\u0142u\u017cby Panu Bogu.<\/li>\n<li>W pierwszy Pi\u0105tek wynagradzamy Jezusowemu Sercu za nasze grzechy. Msza \u015bw. rano o godz. 6.45 i wieczorem o godz.17.00. Po Mszy \u015bw. wieczornej ADORACJA Naj\u015bwi\u0119tszego Sakramentu przygotowana przez m\u0142odzie\u017c z KSM-u. W tym dniu, ze wzgl\u0119du na wspomnienie w liturgii \u015bw. Agaty, mo\u017cliwo\u015b\u0107 po\u015bwi\u0119cenia chleba, wody i soli. W tym dniu tak\u017ce odwiedziny chorych, tylko po uprzednim powiadomieniu ze strony bliskich. <\/li>\n<li>W pierwsz\u0105 Sobot\u0119 czcimy Niepokalane Serce NMP. Msza \u015bw. o godz.17.00, po Niej Nabo\u017ce\u0144stwo r&oacute;\u017ca\u0144cowe, procesja z figurk\u0105 Matki Bo\u017cej Fatimskiej wewn\u0105trz ko\u015bcio\u0142a i zmiana tajemnic r&oacute;\u017ca\u0144cowych. Podczas Mszy \u015bw. po\u015bwi\u0119cenie ksi\u0105\u017ceczek do nabo\u017ce\u0144stwa dla dzieci z klas III przygotowuj\u0105cych si\u0119 do I Komunii \u015bw.<\/li>\n<li>Serdeczne B&oacute;g zap\u0142a\u0107 dla os&oacute;b sprz\u0105taj\u0105cych i stroj\u0105cych ko\u015bci&oacute;\u0142 oraz za wszystkie ofiary sk\u0142adane na potrzeby parafii. Na stoliku z gazetami mo\u017cna jeszcze naby\u0107 kalendarze wydane z okazji 100-lecia naszej parafii.<\/li>\n<li>Zak\u0142ad Us\u0142ug Kominiarskich zawiadamia, \u017ce na terenie Bud \u0141a\u0144cuckich i Korniaktowa P&oacute;\u0142nocnego, b\u0119d\u0105 czyszczone i sprawdzane przewody kominiarskie w dn. 02-04 luty br.<\/li>\n<\/ol>\n<h3 style=\"text-align: center;\"><strong><span style=\"color: rgb(0, 0, 128);\">Intencje mszalne<\/span><\/strong><\/h3>\n<h4 style=\"text-align: center;\"><strong><span style=\"color: rgb(0, 0, 128);\">od 1 luty 2021 do 7 luty 2021<\/span><\/strong><\/h4>\n<h4><strong><br \/>\n\tGdyby zbyt d\u0142ugi czas nie by\u0142a og\u0142oszona zam&oacute;wiona intencja mszalna &ndash; prosimy o zg\u0142oszenie tego kap\u0142anowi.&nbsp; Zam&oacute;wiona intencja nie mo\u017ce zgin\u0105\u0107.<br \/>\n\t<\/strong><\/h4>\n<p><u><strong>Poniedzia\u0142ek &#8211; 1 luty<\/strong><\/u><br \/>\n\t1. + W\u0142adys\u0142aw Kojder (greg.) <br \/>\n\t2. + Tadeusz Kubis od rodziny S\u0142ysz <br \/>\n\t3. O zdrowie i b\u0142og. Bo\u017ce dla Antoniego Kojder<\/p>\n<p><u><strong>Wtorek &#8211; 2 luty<br \/>\n\t<\/strong><\/u>06.30 + W\u0142adys\u0142aw Kojder (greg.)<br \/>\n\t08.00 + Marek, Stanis\u0142aw Bartnik i zmarli z rodziny <br \/>\n\t17.00 + Zofia Wikiera &ndash; od rodziny Nawrot&oacute;w<\/p>\n<p><u><strong>\u015aroda &#8211; 3 luty<\/strong><\/u><br \/>\n\t1. + W\u0142adys\u0142aw Kojder (greg.) <br \/>\n\t2. + W\u0142adys\u0142aw \u015awizdor &ndash; od s\u0105siad&oacute;w syna Karola <br \/>\n\t3. + Zofia Brewka &ndash; od siostry Genowefy<\/p>\n<p><u><strong>Czwartek &#8211; 4 luty<\/strong><\/u><br \/>\n\t1. + W\u0142adys\u0142aw Kojder (greg.) <br \/>\n\t2. + Maria Baj &ndash; od rodziny Saca\u0142&oacute;w z Rog&oacute;\u017cna <br \/>\n\t3. + Stanis\u0142aw, Anna Gamracy &ndash; rocznica \u015bmierci <\/p>\n<p>\t<u><strong>Pi\u0105tek &#8211; 5 luty<\/strong><\/u><br \/>\n\t06.45 + W\u0142adys\u0142aw Kojder (greg.)<br \/>\n\t17.00 + W\u0142adys\u0142awa &ndash; rocz. \u015bmierci i J&oacute;zef Kurek oraz Maria i Antoni Golenia<br \/>\n\t17.00 + Stanis\u0142aw, Franciszka Rupar<\/p>\n<p><u><strong>Sobota &#8211; 6 luty<\/strong><\/u><br \/>\n\t1. + W\u0142adys\u0142aw Kojder (greg.) <br \/>\n\t2. + Paulina Pelc &ndash; od chrze\u015bniaka Kazimierza z rodzin\u0105 <br \/>\n\t3. + Stefania, Jan Pelc &ndash; w rocznic\u0119 \u015bmierci<\/p>\n<p><u><strong>Niedziela &#8211; 7 luty<\/strong><\/u><br \/>\n\t06.30 + Albina, W\u0142adys\u0142aw, Antoni \u015awizdor &ndash; od Zofii i Romana Ros&oacute;\u0142<br \/>\n\t08.00 + Zofia Wikiera &ndash; od rodziny Blok<br \/>\n\t10.30 Za parafian<br \/>\n\t10.30 + Zofia, Jan Kurek oraz Stefania, Franciszek Mach <br \/>\n\t15.00 + W\u0142adys\u0142aw Kojder (greg.)<\/p>\n<h3 style=\"text-align: center;\"><strong><strong><span style=\"color: rgb(0, 0, 128);\">Modlitw\u0119 r&oacute;\u017ca\u0144cow\u0105 prowadz\u0105<br \/>\n\t<\/span><\/strong><\/strong><\/h3>\n<p>01. Pn. R&oacute;\u017ca \u015aw. Andrzeja Aposto\u0142a &#8211; (J&oacute;zef M\u0105dry)<br \/>\n\t02. Wt. R&oacute;\u017ca \u015aw. Agaty &ndash; (Patrycja Por\u0119bna)<br \/>\n\t03. \u015ar. R&oacute;\u017ca \u015aw. Agnieszki &ndash; (Krystyna Nykiel)<br \/>\n\t04. Cz. Dzie\u0142o Pomocy Powo\u0142aniom &ndash; (Anna Szular)<br \/>\n\t05. Pt. KSM<br \/>\n\t06. Sb. R&oacute;\u017ca \u015aw. Zofii &ndash; (Zofia Kurek)<br \/>\n\t07. Nd. \u015aw. Cecylii &#8211; (Krystyna Markowicz)<\/p>\n<p><strong>Wyznaczona R&oacute;\u017ca jest proszona o prowadzenie modlitwy r&oacute;\u017ca\u0144cowej. <br \/>\n\t<\/strong><\/p>\n<p>&nbsp;<\/p>\n","protected":false},"excerpt":{"rendered":"<p>IV Niedziela zwyk\u0142a &#8211; 31-01-2021 Og\u0142oszenia Dzi\u015b o godz. 15.00 Litania do Matki Bo\u017cej, a po Niej Msza \u015bw. We wtorek \u015awi\u0119to Ofiarowania Pa\u0144skiego (Matki Bo\u017cej Gromnicznej). Msze \u015bw. o &hellip; <a href=\"https:\/\/budy.przemyska.pl\/index.php\/2021\/01\/31\/ogloszenia-parafialne-31-styczen-2021\/\" class=\"more-link\">Czytaj dalej <span class=\"screen-reader-text\">Og\u0142oszenia parafialne 31 stycze\u0144 2021<\/span> <span class=\"meta-nav\">&rarr;<\/span><\/a><\/p>\n","protected":false},"author":1,"featured_media":0,"comment_status":"closed","ping_status":"closed","sticky":false,"template":"","format":"standard","meta":{"footnotes":""},"categories":[6,4],"tags":[],"class_list":["post-3215","post","type-post","status-publish","format-standard","hentry","category-aktualnosci","category-ogloszenia"],"_links":{"self":[{"href":"https:\/\/budy.przemyska.pl\/index.php\/wp-json\/wp\/v2\/posts\/3215","targetHints":{"allow":["GET"]}}],"collection":[{"href":"https:\/\/budy.przemyska.pl\/index.php\/wp-json\/wp\/v2\/posts"}],"about":[{"href":"https:\/\/budy.przemyska.pl\/index.php\/wp-json\/wp\/v2\/types\/post"}],"author":[{"embeddable":true,"href":"https:\/\/budy.przemyska.pl\/index.php\/wp-json\/wp\/v2\/users\/1"}],"replies":[{"embeddable":true,"href":"https:\/\/budy.przemyska.pl\/index.php\/wp-json\/wp\/v2\/comments?post=3215"}],"version-history":[{"count":0,"href":"https:\/\/budy.przemyska.pl\/index.php\/wp-json\/wp\/v2\/posts\/3215\/revisions"}],"wp:attachment":[{"href":"https:\/\/budy.przemyska.pl\/index.php\/wp-json\/wp\/v2\/media?parent=3215"}],"wp:term":[{"taxonomy":"category","embeddable":true,"href":"https:\/\/budy.przemyska.pl\/index.php\/wp-json\/wp\/v2\/categories?post=3215"},{"taxonomy":"post_tag","embeddable":true,"href":"https:\/\/budy.przemyska.pl\/index.php\/wp-json\/wp\/v2\/tags?post=3215"}],"curies":[{"name":"wp","href":"https:\/\/api.w.org\/{rel}","templated":true}]}}