{"id":3213,"date":"2021-01-23T20:41:26","date_gmt":"2021-01-23T19:41:26","guid":{"rendered":"http:\/\/www.budylancuckie.przemyska.pl\/?p=3213"},"modified":"2021-01-23T20:41:26","modified_gmt":"2021-01-23T19:41:26","slug":"ogloszenia-parafialne-24-styczen-2021","status":"publish","type":"post","link":"https:\/\/budy.przemyska.pl\/index.php\/2021\/01\/23\/ogloszenia-parafialne-24-styczen-2021\/","title":{"rendered":"Og\u0142oszenia parafialne 24 stycze\u0144 2021"},"content":{"rendered":"<h2 style=\"text-align: center;\"><strong><span style=\"color: rgb(0, 0, 128);\">III Niedziela zwyk\u0142a &#8211; 23-01-2021<\/span><\/strong><\/h2>\n<h2 style=\"text-align: center;\"><strong><span style=\"color: rgb(0, 0, 128);\">Og\u0142oszenia<br \/>\n\t<\/span><\/strong><\/h2>\n<ol>\n<li>Dzi\u015b o godz. 15.00 Litania do \u015bw. J&oacute;zefa, a po Niej Msza \u015bw.<\/li>\n<li>Jutro \u015awi\u0119to Nawr&oacute;cenia \u015bw. Paw\u0142a i zako\u0144czenie Tygodnia Modlitw o Jedno\u015b\u0107 Chrze\u015bcijan.<\/li>\n<li>We wtorek wspomnienie \u015bw. Tymoteusza i Tytusa.<\/li>\n<li>W czwartek Adoracja Naj\u015bwi\u0119tszego Sakramentu od godz.16.00. W tym dniu w Ko\u015bciele wspomnienie \u015bw. Tomasza z Akwinu.<\/li>\n<li>Na stoliku z gazetami mo\u017cna naby\u0107 kalendarz wydany na 100-lecie naszej parafii w cenie 30 z\u0142. Datki za kalendarz mo\u017cna z\u0142o\u017cy\u0107 do skarbonki, tak jak za gazety. <\/li>\n<li>Serdeczne B&oacute;g zap\u0142a\u0107 dla os&oacute;b sprz\u0105taj\u0105cych i stroj\u0105cych ko\u015bci&oacute;\u0142 oraz za wszystkie ofiary sk\u0142adane na potrzeby parafii.<\/li>\n<\/ol>\n<h3 style=\"text-align: center;\"><strong><span style=\"color: rgb(0, 0, 128);\">Intencje mszalne<\/span><\/strong><\/h3>\n<h4 style=\"text-align: center;\"><strong><span style=\"color: rgb(0, 0, 128);\">od 25 stycznia 2021 do 31 stycznia 2021<\/span><\/strong><\/h4>\n<h4><strong><br \/>\n\tGdyby zbyt d\u0142ugi czas nie by\u0142a og\u0142oszona zam&oacute;wiona intencja mszalna &ndash; prosimy o zg\u0142oszenie tego kap\u0142anowi.&nbsp; Zam&oacute;wiona intencja nie mo\u017ce zgin\u0105\u0107.<br \/>\n\t<\/strong><\/h4>\n<p><u><strong>Poniedzia\u0142ek &#8211; 25 stycze\u0144<\/strong><\/u><br \/>\n\t1. + W\u0142adys\u0142aw \u015awizdor (greg.) <br \/>\n\t2. + Tomasz Blok &ndash; od kuzynki Iwony z rodzin\u0105 <br \/>\n\t3. + Tadeusz Wo\u015b &ndash; od rodziny<\/p>\n<p><u><strong>Wtorek &#8211; 26 stycze\u0144<br \/>\n\t<\/strong><\/u>1. + W\u0142adys\u0142aw \u015awizdor (greg.)<br \/>\n\t2. + Boles\u0142aw Rupar &ndash; od pracownik&oacute;w Hospicjum Caritas <br \/>\n\t3. + Stanis\u0142aw Pasiak &ndash; w rocznic\u0119 \u015bmierci<\/p>\n<p><u><strong>\u015aroda &#8211; 26 stycze\u0144<\/strong><\/u><br \/>\n\t1. + W\u0142adys\u0142aw \u015awizdor (greg.) <br \/>\n\t2. + Barbara Ko\u0142cz &ndash; od rodziny Le\u015bniak <br \/>\n\t3. + Stanis\u0142awa Machniak &ndash; 2 rocznica \u015bmierci<\/p>\n<p><u><strong>Czwartek &#8211; 27 stycze\u0144<\/strong><\/u><br \/>\n\t1. + W\u0142adys\u0142aw \u015awizdor <br \/>\n\t2. + Stanis\u0142aw Bielecki <br \/>\n\t3. + Zofia Blok &ndash; z R&oacute;\u017cy \u015bw. Agnieszki <\/p>\n<p>\t<u><strong>Pi\u0105tek &#8211; 28 stycze\u0144<\/strong><\/u><br \/>\n\t1. + W\u0142adys\u0142aw \u015awizdor (greg.)<br \/>\n\t2. + Bronis\u0142aw Migas &ndash; od c&oacute;rki Iwony i jej rodziny<br \/>\n\t3. + J&oacute;zef, Cecylia, Stefan Socha<\/p>\n<p><u><strong>Sobota &#8211; 29 stycze\u0144<\/strong><\/u><br \/>\n\t1. + W\u0142adys\u0142aw \u015awizdor (greg.) <br \/>\n\t2. + J&oacute;zef Rydzik &ndash; od wnuczk&oacute;w: Kingi i Wiktora <br \/>\n\t3. + Maria Baj &ndash; od Zofii i Romana Ros&oacute;\u0142<\/p>\n<p><u><strong>Niedziela &#8211; 30 stycze\u0144<\/strong><\/u><br \/>\n\t06.30 + Zofia Wikiera &ndash; od W&oacute;jta i Rady Gminy Grodzisko D.<br \/>\n\t08.00 + J&oacute;zef Kania &ndash; od Bernardety i Roberta \u015awi\u0105toniowskich<br \/>\n\t10.30 Za parafian <br \/>\n\t15.00 + Kazimierz Por\u0119bny &ndash; od siostry Stanis\u0142awy z rodzin\u0105<\/p>\n<h3 style=\"text-align: center;\"><strong><strong><span style=\"color: rgb(0, 0, 128);\">Modlitw\u0119 r&oacute;\u017ca\u0144cow\u0105 prowadz\u0105<br \/>\n\t<\/span><\/strong><\/strong><\/h3>\n<p>25. Pn. R&oacute;\u017ca Matki Bo\u017cej R&oacute;\u017ca\u0144cowej &#8211; (Zofia \u015awizdor)<br \/>\n\t26. Wt. R&oacute;\u017ca Matki Bo\u017cej Szkaplerznej &ndash; (Maria K\u0142os)<br \/>\n\t27. \u015ar. R&oacute;\u017ca \u015aw. Stanis\u0142awa Biskupa &ndash; (Franciszek Bartnik)<br \/>\n\t28. Cz. R&oacute;\u017ca \u015aw. Teresy od Dzieci\u0105tka Jezus &ndash; (Dorota Dzierga)<br \/>\n\t29. Pt. KSM<br \/>\n\t30. Sb. R&oacute;\u017ca \u015aw. Teresy Wielkiej &ndash; (Zofia Wierzbicka)<br \/>\n\t31. Nd. \u015aw. Tomasza Aposto\u0142a &#8211; (Stanis\u0142aw \u015alimak)<\/p>\n<p><strong>Wyznaczona R&oacute;\u017ca jest proszona o prowadzenie modlitwy r&oacute;\u017ca\u0144cowej. <br \/>\n\t<\/strong><\/p>\n","protected":false},"excerpt":{"rendered":"<p>III Niedziela zwyk\u0142a &#8211; 23-01-2021 Og\u0142oszenia Dzi\u015b o godz. 15.00 Litania do \u015bw. J&oacute;zefa, a po Niej Msza \u015bw. Jutro \u015awi\u0119to Nawr&oacute;cenia \u015bw. Paw\u0142a i zako\u0144czenie Tygodnia Modlitw o Jedno\u015b\u0107 &hellip; <a href=\"https:\/\/budy.przemyska.pl\/index.php\/2021\/01\/23\/ogloszenia-parafialne-24-styczen-2021\/\" class=\"more-link\">Czytaj dalej <span class=\"screen-reader-text\">Og\u0142oszenia parafialne 24 stycze\u0144 2021<\/span> <span class=\"meta-nav\">&rarr;<\/span><\/a><\/p>\n","protected":false},"author":1,"featured_media":0,"comment_status":"closed","ping_status":"closed","sticky":false,"template":"","format":"standard","meta":{"footnotes":""},"categories":[6,4],"tags":[],"class_list":["post-3213","post","type-post","status-publish","format-standard","hentry","category-aktualnosci","category-ogloszenia"],"_links":{"self":[{"href":"https:\/\/budy.przemyska.pl\/index.php\/wp-json\/wp\/v2\/posts\/3213","targetHints":{"allow":["GET"]}}],"collection":[{"href":"https:\/\/budy.przemyska.pl\/index.php\/wp-json\/wp\/v2\/posts"}],"about":[{"href":"https:\/\/budy.przemyska.pl\/index.php\/wp-json\/wp\/v2\/types\/post"}],"author":[{"embeddable":true,"href":"https:\/\/budy.przemyska.pl\/index.php\/wp-json\/wp\/v2\/users\/1"}],"replies":[{"embeddable":true,"href":"https:\/\/budy.przemyska.pl\/index.php\/wp-json\/wp\/v2\/comments?post=3213"}],"version-history":[{"count":0,"href":"https:\/\/budy.przemyska.pl\/index.php\/wp-json\/wp\/v2\/posts\/3213\/revisions"}],"wp:attachment":[{"href":"https:\/\/budy.przemyska.pl\/index.php\/wp-json\/wp\/v2\/media?parent=3213"}],"wp:term":[{"taxonomy":"category","embeddable":true,"href":"https:\/\/budy.przemyska.pl\/index.php\/wp-json\/wp\/v2\/categories?post=3213"},{"taxonomy":"post_tag","embeddable":true,"href":"https:\/\/budy.przemyska.pl\/index.php\/wp-json\/wp\/v2\/tags?post=3213"}],"curies":[{"name":"wp","href":"https:\/\/api.w.org\/{rel}","templated":true}]}}