{"id":3210,"date":"2021-01-17T18:08:32","date_gmt":"2021-01-17T17:08:32","guid":{"rendered":"http:\/\/www.budylancuckie.przemyska.pl\/?p=3210"},"modified":"2021-01-17T18:08:32","modified_gmt":"2021-01-17T17:08:32","slug":"ogloszenia-parafialne-17-styczen-2021","status":"publish","type":"post","link":"https:\/\/budy.przemyska.pl\/index.php\/2021\/01\/17\/ogloszenia-parafialne-17-styczen-2021\/","title":{"rendered":"Og\u0142oszenia parafialne 17 stycze\u0144 2021"},"content":{"rendered":"<h2 style=\"text-align: center;\"><strong><span style=\"color: rgb(0, 0, 128);\">II Niedziela zwyk\u0142a &#8211; 17-01-2021<\/span><\/strong><\/h2>\n<h2 style=\"text-align: center;\"><strong><span style=\"color: rgb(0, 0, 128);\">Og\u0142oszenia<br \/>\n\t<\/span><\/strong><\/h2>\n<ol>\n<li>Dzi\u015b o godz. 15.00 Nabo\u017ce\u0144stwo do Mi\u0142osierdzia Bo\u017cego, a po nim Msza \u015bw.<\/li>\n<li>Jutro rozpoczynamy w Ko\u015bciele Tydzie\u0144 Modlitw o Jedno\u015b\u0107 Chrze\u015bcijan.<\/li>\n<li>We wtorek wspomnienie \u015bw. J&oacute;zefa Sebastiana Pelczara. Modlimy si\u0119 w intencji naszej Archidiecezji Przemyskiej, kt&oacute;rej jest Patronem.<\/li>\n<li>W czwartek Adoracja Naj\u015bwi\u0119tszego Sakramentu od godz.16.00. W tym dniu odchodzimy r&oacute;wnie\u017c w Ko\u015bciele wspomnienie \u015bw. Agnieszki. <\/li>\n<li>Serdeczne B&oacute;g zap\u0142a\u0107 dla os&oacute;b sprz\u0105taj\u0105cych i stroj\u0105cych ko\u015bci&oacute;\u0142 oraz za wszystkie ofiary sk\u0142adane na potrzeby parafii.<\/li>\n<\/ol>\n<h3 style=\"text-align: center;\"><strong><span style=\"color: rgb(0, 0, 128);\">Intencje mszalne<\/span><\/strong><\/h3>\n<h4 style=\"text-align: center;\"><strong><span style=\"color: rgb(0, 0, 128);\">od 18 stycznia 2021 do 24 stycznia 2021<\/span><\/strong><\/h4>\n<h4><strong><br \/>\n\tGdyby zbyt d\u0142ugi czas nie by\u0142a og\u0142oszona zam&oacute;wiona intencja mszalna &ndash; prosimy o zg\u0142oszenie tego kap\u0142anowi.&nbsp; Zam&oacute;wiona intencja nie mo\u017ce zgin\u0105\u0107.<br \/>\n\t<\/strong><\/h4>\n<p><u><strong>Poniedzia\u0142ek &#8211; 18 stycze\u0144<\/strong><\/u><br \/>\n\t1. + W\u0142adys\u0142aw \u015awizdor (greg.) <br \/>\n\t2. + Magdalena, Stanis\u0142aw, Stefan Kojder i zmarli z rodziny <br \/>\n\t3. + Anna Pi\u0105tek<\/p>\n<p><u><strong>Wtorek &#8211; 19 stycze\u0144<br \/>\n\t<\/strong><\/u>1. + W\u0142adys\u0142aw \u015awizdor (greg.)<br \/>\n\t2. + Tomasz Blok &ndash; od s\u0105siad&oacute;w z ul. R. Turka z \u0141a\u0144cuta<br \/>\n\t3. + Bronis\u0142aw Migas &ndash; od c&oacute;rki Anety<\/p>\n<p><u><strong>\u015aroda &#8211; 20 stycze\u0144<\/strong><\/u><br \/>\n\t1. + W\u0142adys\u0142aw \u015awizdor (greg.) <br \/>\n\t2. + Bogdan Blok &ndash; od rodziny Mach <br \/>\n\t3. + Franciszek Motyka &ndash; rocznica \u015bmierci<\/p>\n<p><u><strong>Czwartek &#8211; 21 stycze\u0144<\/strong><\/u><br \/>\n\t1. + W\u0142adys\u0142aw \u015awizdor <br \/>\n\t2. + Helena, Irena, Stanis\u0142aw Kochman <br \/>\n\t3. + Salomea, Antoni Golenia i zmarli z rodziny <\/p>\n<p>\t<u><strong>Pi\u0105tek &#8211; 22 stycze\u0144<\/strong><\/u><br \/>\n\t1. + W\u0142adys\u0142aw \u015awizdor (greg.)<br \/>\n\t2. + Helena Stafiej &ndash; od rodziny Wasilewski &#8211; Bojda<br \/>\n\t3. + Salomea, W\u0142adys\u0142aw Mach <\/p>\n<p><u><strong>Sobota &#8211; 23 stycze\u0144<\/strong><\/u><br \/>\n\t1. + W\u0142adys\u0142aw \u015awizdor (greg.) <br \/>\n\t2.+ Maria, Antoni Golenia oraz Jan, W\u0142adys\u0142awa i J&oacute;zef Kurek<br \/>\n\t3. + Agata Tunia<\/p>\n<p><u><strong>Niedziela &#8211; 24 stycze\u0144<\/strong><\/u><br \/>\n\t06.30 + Jan, Zofia Kubis oraz Stanis\u0142aw Biel&oacute;wka<br \/>\n\t08.00 + Maria Babiarz &ndash; od c&oacute;rki Urszuli Sopel z m\u0119\u017cem<br \/>\n\t10.30 Za parafian <br \/>\n\t15.00 + W\u0142adys\u0142aw \u015awizdor (greg.);<\/p>\n<h3 style=\"text-align: center;\"><strong><strong><span style=\"color: rgb(0, 0, 128);\">Modlitw\u0119 r&oacute;\u017ca\u0144cow\u0105 prowadz\u0105<br \/>\n\t<\/span><\/strong><\/strong><\/h3>\n<p>18. Pn. R&oacute;\u017ca \u015aw. Kingi &#8211; (El\u017cbieta Wacnik)<br \/>\n\t19. Wt. R&oacute;\u017ca \u015aw. Marii Magdaleny &ndash; (Janina Rachwa\u0142)<br \/>\n\t20. \u015ar. R&oacute;\u017ca \u015aw. Marii Goretti &ndash; (El\u017cbieta Kukulska)<br \/>\n\t21. Cz. Akcja Katolicka<br \/>\n\t22. Pt. KSM<br \/>\n\t23. Sb. R&oacute;\u017ca \u015aw. Marty &ndash; (Czes\u0142awa Por\u0119bna)<br \/>\n\t24. Nd. R&oacute;\u017ca Matki Bo\u017cej Bolesnej &#8211; (Genowefa Bartnik)<\/p>\n<p><strong>Wyznaczona R&oacute;\u017ca jest proszona o prowadzenie modlitwy r&oacute;\u017ca\u0144cowej. <br \/>\n\t<\/strong><\/p>\n","protected":false},"excerpt":{"rendered":"<p>II Niedziela zwyk\u0142a &#8211; 17-01-2021 Og\u0142oszenia Dzi\u015b o godz. 15.00 Nabo\u017ce\u0144stwo do Mi\u0142osierdzia Bo\u017cego, a po nim Msza \u015bw. Jutro rozpoczynamy w Ko\u015bciele Tydzie\u0144 Modlitw o Jedno\u015b\u0107 Chrze\u015bcijan. We wtorek &hellip; <a href=\"https:\/\/budy.przemyska.pl\/index.php\/2021\/01\/17\/ogloszenia-parafialne-17-styczen-2021\/\" class=\"more-link\">Czytaj dalej <span class=\"screen-reader-text\">Og\u0142oszenia parafialne 17 stycze\u0144 2021<\/span> <span class=\"meta-nav\">&rarr;<\/span><\/a><\/p>\n","protected":false},"author":1,"featured_media":0,"comment_status":"closed","ping_status":"closed","sticky":false,"template":"","format":"standard","meta":{"footnotes":""},"categories":[6,4],"tags":[],"class_list":["post-3210","post","type-post","status-publish","format-standard","hentry","category-aktualnosci","category-ogloszenia"],"_links":{"self":[{"href":"https:\/\/budy.przemyska.pl\/index.php\/wp-json\/wp\/v2\/posts\/3210","targetHints":{"allow":["GET"]}}],"collection":[{"href":"https:\/\/budy.przemyska.pl\/index.php\/wp-json\/wp\/v2\/posts"}],"about":[{"href":"https:\/\/budy.przemyska.pl\/index.php\/wp-json\/wp\/v2\/types\/post"}],"author":[{"embeddable":true,"href":"https:\/\/budy.przemyska.pl\/index.php\/wp-json\/wp\/v2\/users\/1"}],"replies":[{"embeddable":true,"href":"https:\/\/budy.przemyska.pl\/index.php\/wp-json\/wp\/v2\/comments?post=3210"}],"version-history":[{"count":0,"href":"https:\/\/budy.przemyska.pl\/index.php\/wp-json\/wp\/v2\/posts\/3210\/revisions"}],"wp:attachment":[{"href":"https:\/\/budy.przemyska.pl\/index.php\/wp-json\/wp\/v2\/media?parent=3210"}],"wp:term":[{"taxonomy":"category","embeddable":true,"href":"https:\/\/budy.przemyska.pl\/index.php\/wp-json\/wp\/v2\/categories?post=3210"},{"taxonomy":"post_tag","embeddable":true,"href":"https:\/\/budy.przemyska.pl\/index.php\/wp-json\/wp\/v2\/tags?post=3210"}],"curies":[{"name":"wp","href":"https:\/\/api.w.org\/{rel}","templated":true}]}}