{"id":3208,"date":"2021-01-09T17:24:42","date_gmt":"2021-01-09T16:24:42","guid":{"rendered":"http:\/\/www.budylancuckie.przemyska.pl\/?p=3208"},"modified":"2021-01-09T17:24:42","modified_gmt":"2021-01-09T16:24:42","slug":"ogloszenia-parafialne-10-styczen-2021","status":"publish","type":"post","link":"https:\/\/budy.przemyska.pl\/index.php\/2021\/01\/09\/ogloszenia-parafialne-10-styczen-2021\/","title":{"rendered":"Og\u0142oszenia parafialne 10 stycze\u0144 2021"},"content":{"rendered":"<h2 style=\"text-align: center;\"><strong><span style=\"color: rgb(0, 0, 128);\">\u015awi\u0119to Chrztu Pa\u0144skiego &#8211; 10-01-2021<\/span><\/strong><\/h2>\n<h2 style=\"text-align: center;\"><strong><span style=\"color: rgb(0, 0, 128);\">Og\u0142oszenia<br \/>\n\t<\/span><\/strong><\/h2>\n<ol>\n<li>Dzi\u015b o godz. 15.00 Nabo\u017ce\u0144stwo r&oacute;\u017ca\u0144cowe, a po nim Msza \u015bw.<\/li>\n<li>Dzisiejsz\u0105 Niedziel\u0105 Chrztu Pa\u0144skiego, ko\u0144czymy w Ko\u015bciele okres Narodzenia Pa\u0144skiego. Kol\u0119dy tradycyjnie \u015bpiewamy do 2 lutego.<\/li>\n<li>W czwartek Adoracja Naj\u015bwi\u0119tszego Sakramentu od godz.16.00.<\/li>\n<li>W najbli\u017csz\u0105 niedziel\u0119 (III miesi\u0105ca) w naszej parafii sk\u0142adka na inwestycje. <\/li>\n<li>Dzi\u015b w naszej Parafii go\u015bcimy ks. Jana Szel\u0105ga z Przemy\u015bla, kt&oacute;ry wraz ks. Wojciechem Wojtasem z Rakszawy G&oacute;rnej, b\u0119dzie g\u0142osi\u0142 Misje Parafialne w dn. 19 -25 marca. Dzi\u0119kujemy za dzisiejsz\u0105 pos\u0142ug\u0119 S\u0142owa Bo\u017cego. <\/li>\n<li>Serdeczne B&oacute;g zap\u0142a\u0107 dla os&oacute;b sprz\u0105taj\u0105cych i stroj\u0105cych ko\u015bci&oacute;\u0142 oraz za ofiary sk\u0142adane na potrzeby parafii, pracownik&oacute;w ko\u015bcielnych i ogrzewanie.<\/li>\n<\/ol>\n<h3 style=\"text-align: center;\"><strong><span style=\"color: rgb(0, 0, 128);\">Intencje mszalne<\/span><\/strong><\/h3>\n<h4 style=\"text-align: center;\"><strong><span style=\"color: rgb(0, 0, 128);\">od 11 stycznia 2021 do 17 stycznia 2021<\/span><\/strong><\/h4>\n<h4><strong><br \/>\n\tGdyby zbyt d\u0142ugi czas nie by\u0142a og\u0142oszona zam&oacute;wiona intencja mszalna &ndash; prosimy o zg\u0142oszenie tego kap\u0142anowi.&nbsp; Zam&oacute;wiona intencja nie mo\u017ce zgin\u0105\u0107.<br \/>\n\t<\/strong><\/h4>\n<p><u><strong>Poniedzia\u0142ek &#8211; 11 stycze\u0144<\/strong><\/u><br \/>\n\t1. + W\u0142adys\u0142aw \u015awizdor (greg.) <br \/>\n\t2. + Micha\u0142 Por\u0119bny <br \/>\n\t3. + Jakub Rupar<\/p>\n<p><u><strong>Wtorek &#8211; 12 stycze\u0144<br \/>\n\t<\/strong><\/u>1. + W\u0142adys\u0142aw \u015awizdor (greg.)<br \/>\n\t2. + Zofia Blok &ndash; od syna Mariana z \u017con\u0105<br \/>\n\t3. + Jan, Katarzyna Kondel i za ich c&oacute;rk\u0119 W\u0142adys\u0142aw\u0119 Lorenc<\/p>\n<p><u><strong>\u015aroda &#8211; 13 stycze\u0144<\/strong><\/u><br \/>\n\t1. + W\u0142adys\u0142aw \u015awizdor (greg.) <br \/>\n\t2. + Zofia, Jan Golenia <br \/>\n\t3. + Stanis\u0142aw Benedyk<\/p>\n<p><u><strong>Czwartek &#8211; 14 stycze\u0144<\/strong><\/u><br \/>\n\t1. + W\u0142adys\u0142aw \u015awizdor <br \/>\n\t2. + Barbara Ko\u0142cz &ndash; od kole\u017canek z Vistuli <br \/>\n\t3. + Jan Kurek &ndash; w 2 rocznic\u0119 \u015bmierci <\/p>\n<p>\t<u><strong>Pi\u0105tek &#8211; 15 stycze\u0144<\/strong><\/u><br \/>\n\t1. + W\u0142adys\u0142aw \u015awizdor (greg.)<br \/>\n\t2. + Maria Golenia &ndash; rocznica \u015bmieci<br \/>\n\t3. + Wies\u0142aw, Franciszek, Jan, Cecylia Kojder <\/p>\n<p><u><strong>Sobota &#8211; 16 stycze\u0144<\/strong><\/u><br \/>\n\t1. + W\u0142adys\u0142aw \u015awizdor (greg.) <br \/>\n\t2. + Roman Kojder &ndash; od Krystyny<br \/>\n\t3. + Stanis\u0142aw Kochman&ndash; od kole\u017c. i kol. z pracy c&oacute;rki Moniki<\/p>\n<p><u><strong>Niedziela &#8211; 17 stycze\u0144<\/strong><\/u><br \/>\n\t06.30 + Zofia Blok &ndash; od rodzin Mach i Komisarz<br \/>\n\t08.00 Dzi\u0119k.; z pro\u015bb\u0105 o b\u0142og. Bo\u017ce dla Janiny w 94 rocz. urodzin<br \/>\n\t10.30 1. Za parafian; 2.+ Salomea, Jakub Wierzbicki; <br \/>\n\t15.00 + W\u0142adys\u0142aw \u015awizdor (greg.);<\/p>\n<h3 style=\"text-align: center;\"><strong><strong><span style=\"color: rgb(0, 0, 128);\">Modlitw\u0119 r&oacute;\u017ca\u0144cow\u0105 prowadz\u0105<br \/>\n\t<\/span><\/strong><\/strong><\/h3>\n<p>11. Pn. R&oacute;\u017ca \u015aw. Genowefy &#8211; (Genowefa Dr\u0105\u017cek)<br \/>\n\t12. Wt. R&oacute;\u017ca \u015aw. Kr&oacute;lowej Jadwigi &ndash; (Halina Dyrda)<br \/>\n\t13. \u015ar. R&oacute;\u017ca \u015aw. Heleny &ndash; (Helena Dyrda)<br \/>\n\t14. Cz. R&oacute;\u017ca \u015aw. Jadwigi \u015al\u0105skiej &ndash; (Maria Bester)<br \/>\n\t15. Pt. KSM<br \/>\n\t16. Sb. R&oacute;\u017ca \u015aw. Katarzyny &ndash; (Anna Kurek)<br \/>\n\t17. Nd. R&oacute;\u017ca \u015aw. Klary &#8211; (Teresa G\u0142owiak)<\/p>\n<p><strong>Wyznaczona R&oacute;\u017ca jest proszona o prowadzenie modlitwy r&oacute;\u017ca\u0144cowej. <br \/>\n\t<\/strong><\/p>\n<h3 style=\"text-align: center;\"><strong><strong><span style=\"color: rgb(0, 0, 128);\">Propozycja intencji do przekazania do odprawienia w Wy\u017cszym Seminarium Duchownym w Przemy\u015blu<br \/>\n\t<\/span><\/strong><\/strong><\/h3>\n<p>01.&nbsp;&nbsp;&nbsp; + Tomasz Blok &ndash; od kolegi Krzysztofa z rodzin\u0105<br \/>\n\t02.&nbsp;&nbsp;&nbsp; + Tomasz Blok &ndash; od kuzynki Barbary z rodzin\u0105<br \/>\n\t03.&nbsp;&nbsp;&nbsp; + Tomasz Blok &ndash; od firmy P. Auto z kolegami<br \/>\n\t04.&nbsp;&nbsp;&nbsp; + Kazimierz Por\u0119bny &ndash; od Zak\u0142adu Pogrzebowego &bdquo;Krzan&rdquo;<br \/>\n\t05.&nbsp;&nbsp;&nbsp; + Kazimierz Por\u0119bny &ndash; od Romany i Aleksandry Brudniak z Gniewczyny<br \/>\n\t06.&nbsp;&nbsp;&nbsp; + J&oacute;zef Rydzik &ndash; od Danuty Kus<br \/>\n\t07.&nbsp;&nbsp;&nbsp; + J&oacute;zef Rydzik &ndash; od rodziny Nykiel<br \/>\n\t08.&nbsp;&nbsp;&nbsp; + Helena Stafiej &ndash; od chrze\u015bnicy Ryszardy<br \/>\n\t09.&nbsp;&nbsp;&nbsp; + Helena Stafiej &ndash; od rodziny W\u0142adyk&oacute;w<br \/>\n\t10.&nbsp;&nbsp;&nbsp; + Boles\u0142aw Rupar &ndash; od Piel\u0119gniarek i pracownik&oacute;w Zespo\u0142u Opieki Caritas w Przemy\u015blu<br \/>\n\t11.&nbsp;&nbsp;&nbsp; + W\u0142adys\u0142aw \u015awizdor &ndash; od rodziny Kojder z Korniaktowa<br \/>\n\t12.&nbsp;&nbsp;&nbsp; + W\u0142adys\u0142aw \u015awizdor &ndash; od chrze\u015bnicy Anny z rodzin\u0105<br \/>\n\t13.&nbsp;&nbsp;&nbsp; + Barbara Ko\u0142cz &ndash; od Agnieszki z dzie\u0107mi<br \/>\n\t14.&nbsp;&nbsp;&nbsp; + Barbara Ko\u0142cz &ndash; od wujka Andrzeja z rodzin\u0105<br \/>\n\t15.&nbsp;&nbsp;&nbsp; + Jerzy Kie\u0142b &ndash; od chrzestnej z rodzin\u0105<br \/>\n\t16.&nbsp;&nbsp;&nbsp; + Jerzy Kie\u0142b &ndash; od rodziny Por\u0119bny &ndash; Kie\u0142b<br \/>\n\t17.&nbsp;&nbsp;&nbsp; + Jacek Chudzik &ndash; od rodziny Henclik&oacute;w z Rog&oacute;\u017cna<br \/>\n\t18.&nbsp;&nbsp;&nbsp; + Jacek Chudzik &ndash; od Zuzi Cebulak z rodzin\u0105<br \/>\n\t19.&nbsp;&nbsp;&nbsp; + Krystyna Kruk &ndash; od rodziny Mach<br \/>\n\t20.&nbsp;&nbsp;&nbsp; + Krystyna Kruk &ndash; od bratowej Teresy z rodzin\u0105<br \/>\n\t21.&nbsp;&nbsp;&nbsp; + Zofia Panek &ndash; od szwagra<br \/>\n\t22.&nbsp;&nbsp;&nbsp; + Maria Pelc &ndash; od wnuczki Krystyny z rodzin\u0105<br \/>\n\t23.&nbsp;&nbsp;&nbsp; + Weronika Dr\u0105g &ndash; od rodziny Wikiera<br \/>\n\t24.&nbsp;&nbsp;&nbsp; + Stanis\u0142awa W\u0119grzyn &ndash; od wnuczki Magdaleny z rodzin\u0105<br \/>\n\t25.&nbsp;&nbsp;&nbsp; + Zofia Skiba &ndash; od wnuka Krzysztofa<br \/>\n\t26.&nbsp;&nbsp;&nbsp; + Maria, Tomasz, Stanis\u0142aw, W\u0142adys\u0142aw Kojder<br \/>\n\t27.&nbsp;&nbsp;&nbsp; + Bogdan Blok &ndash; od Dominiki Mach z rodzin\u0105<br \/>\n\t28.&nbsp;&nbsp;&nbsp; + Zofia Wikiera &ndash; od Mariana Chmury z rodzin\u0105<br \/>\n\t29.&nbsp;&nbsp;&nbsp; + Zofia Wikiera &ndash; od Stanis\u0142awa Chmury z rodzin\u0105<br \/>\n\t30.&nbsp;&nbsp;&nbsp; + Zofia Wikiera &ndash; od Genowefy Chmura<br \/>\n\t31.&nbsp;&nbsp;&nbsp; + Zofia Wikiera &ndash; od kuzyna Andrzeja<br \/>\n\t32.&nbsp;&nbsp;&nbsp; + Zofia Wikiera &ndash; od rodziny Lizak&oacute;w z W&oacute;lki Grodziskiej<br \/>\n\t33.&nbsp;&nbsp;&nbsp; + Zofia Wikiera &ndash; od Grona Pedagogicznego i Pracownik&oacute;w Szko\u0142y w Brodach<br \/>\n\t34.&nbsp;&nbsp;&nbsp; + Zofia Wikiera &ndash; od pracownik&oacute;w Poltino<br \/>\n\t35.&nbsp;&nbsp;&nbsp; + Zofia Wikiera &ndash; od pracownik&oacute;w Poltino<br \/>\n\t36.&nbsp;&nbsp;&nbsp; + Zofia Wikiera &ndash; od pracownik&oacute;w Poltino<br \/>\n\t37.&nbsp;&nbsp;&nbsp; + Zofia Wikiera &ndash; od pracownik&oacute;w Poltino<br \/>\n\t38.&nbsp;&nbsp;&nbsp; + Janina Ruszel &ndash; od koleg&oacute;w i kole\u017canek z Strefy<br \/>\n\t39.&nbsp;&nbsp;&nbsp; + Janina Ruszel &ndash; od koleg&oacute;w i kole\u017canek z Strefy<br \/>\n\t40.&nbsp;&nbsp;&nbsp; + Janina Ruszel &ndash; od koleg&oacute;w i kole\u017canek z Strefy<\/p>\n","protected":false},"excerpt":{"rendered":"<p>\u015awi\u0119to Chrztu Pa\u0144skiego &#8211; 10-01-2021 Og\u0142oszenia Dzi\u015b o godz. 15.00 Nabo\u017ce\u0144stwo r&oacute;\u017ca\u0144cowe, a po nim Msza \u015bw. Dzisiejsz\u0105 Niedziel\u0105 Chrztu Pa\u0144skiego, ko\u0144czymy w Ko\u015bciele okres Narodzenia Pa\u0144skiego. Kol\u0119dy tradycyjnie \u015bpiewamy &hellip; <a href=\"https:\/\/budy.przemyska.pl\/index.php\/2021\/01\/09\/ogloszenia-parafialne-10-styczen-2021\/\" class=\"more-link\">Czytaj dalej <span class=\"screen-reader-text\">Og\u0142oszenia parafialne 10 stycze\u0144 2021<\/span> <span class=\"meta-nav\">&rarr;<\/span><\/a><\/p>\n","protected":false},"author":1,"featured_media":0,"comment_status":"closed","ping_status":"closed","sticky":false,"template":"","format":"standard","meta":{"footnotes":""},"categories":[6,4],"tags":[],"class_list":["post-3208","post","type-post","status-publish","format-standard","hentry","category-aktualnosci","category-ogloszenia"],"_links":{"self":[{"href":"https:\/\/budy.przemyska.pl\/index.php\/wp-json\/wp\/v2\/posts\/3208","targetHints":{"allow":["GET"]}}],"collection":[{"href":"https:\/\/budy.przemyska.pl\/index.php\/wp-json\/wp\/v2\/posts"}],"about":[{"href":"https:\/\/budy.przemyska.pl\/index.php\/wp-json\/wp\/v2\/types\/post"}],"author":[{"embeddable":true,"href":"https:\/\/budy.przemyska.pl\/index.php\/wp-json\/wp\/v2\/users\/1"}],"replies":[{"embeddable":true,"href":"https:\/\/budy.przemyska.pl\/index.php\/wp-json\/wp\/v2\/comments?post=3208"}],"version-history":[{"count":0,"href":"https:\/\/budy.przemyska.pl\/index.php\/wp-json\/wp\/v2\/posts\/3208\/revisions"}],"wp:attachment":[{"href":"https:\/\/budy.przemyska.pl\/index.php\/wp-json\/wp\/v2\/media?parent=3208"}],"wp:term":[{"taxonomy":"category","embeddable":true,"href":"https:\/\/budy.przemyska.pl\/index.php\/wp-json\/wp\/v2\/categories?post=3208"},{"taxonomy":"post_tag","embeddable":true,"href":"https:\/\/budy.przemyska.pl\/index.php\/wp-json\/wp\/v2\/tags?post=3208"}],"curies":[{"name":"wp","href":"https:\/\/api.w.org\/{rel}","templated":true}]}}