{"id":3205,"date":"2021-01-03T08:40:50","date_gmt":"2021-01-03T07:40:50","guid":{"rendered":"http:\/\/www.budylancuckie.przemyska.pl\/?p=3205"},"modified":"2021-01-03T08:40:50","modified_gmt":"2021-01-03T07:40:50","slug":"ogloszenia-parafialne-3-styczen-2021","status":"publish","type":"post","link":"https:\/\/budy.przemyska.pl\/index.php\/2021\/01\/03\/ogloszenia-parafialne-3-styczen-2021\/","title":{"rendered":"Og\u0142oszenia parafialne 3 stycze\u0144 2021"},"content":{"rendered":"<h2 style=\"text-align: center;\"><strong><span style=\"color: rgb(0, 0, 128);\">Druga Niedziela Po Narodzeniu Pa\u0144skim &#8211; 03-01-2021<\/span><\/strong><\/h2>\n<h2 style=\"text-align: center;\"><strong><span style=\"color: rgb(0, 0, 128);\">Og\u0142oszenia<br \/>\n\t<\/span><\/strong><\/h2>\n<ol>\n<li>Dzi\u015b o godz. 15.00 Nabo\u017ce\u0144stwo do \u015bw. J&oacute;zefa, a po nim Msza \u015bw.<\/li>\n<li>W \u015brod\u0119 Uroczysto\u015b\u0107 Objawienia Pa\u0144skiego. Msze \u015bw. tak, jak w ka\u017cd\u0105 niedziel\u0119. Na ka\u017cdej Mszy \u015bw. obrz\u0119d b\u0142ogos\u0142awie\u0144stwa kredy i kadzid\u0142a.<\/li>\n<li>W I czwartek miesi\u0105ca modlimy si\u0119 o powo\u0142ania do S\u0142u\u017cby Bo\u017cej. Adoracja Naj\u015bwi\u0119tszego Sakramentu od godz.16.00.<\/li>\n<li>W najbli\u017csz\u0105 niedziel\u0119 Chrztu Pa\u0144skiego, kazania w naszej parafii przygotowuj\u0105ce nas do prze\u017cycia Misji \u015bw., wyg\u0142osi ks. Jan Szel\u0105g &#8211; Dyrektor Wydzia\u0142u Duszpasterskiego Kurii w Przemy\u015blu.<\/li>\n<li>Gdyby kto\u015b chcia\u0142 wesprze\u0107 Misjonarzy z naszej Archidiecezji poprzez przekazanie 1% podatku, to prosimy o zapoznanie si\u0119 z folderami informuj\u0105cymi o takiej mo\u017cliwo\u015bci. Mo\u017cna je znale\u017a\u0107 na stoliku z gazetami. <\/li>\n<li>Serdeczne B&oacute;g zap\u0142a\u0107 dla os&oacute;b sprz\u0105taj\u0105cych i stroj\u0105cych ko\u015bci&oacute;\u0142 oraz za ofiary sk\u0142adane na potrzeby parafii, pracownik&oacute;w ko\u015bcielnych i ogrzewanie..<\/li>\n<\/ol>\n<h3 style=\"text-align: center;\"><strong><span style=\"color: rgb(0, 0, 128);\">Intencje mszalne<\/span><\/strong><\/h3>\n<h4 style=\"text-align: center;\"><strong><span style=\"color: rgb(0, 0, 128);\">od 4 stycznia 2021 do 10 stycznia 2021<\/span><\/strong><\/h4>\n<h4><strong><br \/>\n\tGdyby zbyt d\u0142ugi czas nie by\u0142a og\u0142oszona zam&oacute;wiona intencja mszalna &ndash; prosimy o zg\u0142oszenie tego kap\u0142anowi.&nbsp; Zam&oacute;wiona intencja nie mo\u017ce zgin\u0105\u0107.<br \/>\n\t<\/strong><\/h4>\n<p><u><strong>Poniedzia\u0142ek &#8211; 4 stycze\u0144<\/strong><\/u><br \/>\n\t1. + W\u0142adys\u0142aw \u015awizdor (greg.) <br \/>\n\t2. + Bogus\u0142aw Por\u0119bny <br \/>\n\t3. O zdrowie dla siostry i b\u0142og. Bo\u017ce dla rodziny<\/p>\n<p><u><strong>Wtorek &#8211; 5 stycze\u0144<br \/>\n\t<\/strong><\/u>1. + W\u0142adys\u0142aw \u015awizdor (greg.)<br \/>\n\t2. + Anna Bosak &#8211; w rocznic\u0119 \u015bmierci<br \/>\n\t3. + W\u0142adys\u0142aw Sobu\u015b &ndash; w 3 rocznic\u0119 \u015bmierci<\/p>\n<p><u><strong>\u015aroda &#8211; 6 stycze\u0144<\/strong><\/u><br \/>\n\t06.30 + Stanis\u0142aw Por\u0119bny <br \/>\n\t08.00 + Zofia Blok &ndash; od rodziny Gda\u0144skich <br \/>\n\t10.30 Za parafian<br \/>\n\t15.00 + W\u0142adys\u0142aw \u015awizdor (greg.)<\/p>\n<p><u><strong>Czwartek &#8211; 7 stycze\u0144<\/strong><\/u><br \/>\n\t1. + W\u0142adys\u0142aw \u015awizdor&nbsp; (greg.)<br \/>\n\t2. + Zofia, Katarzyna, J&oacute;zef Kr&oacute;l <br \/>\n\t3. + Jan, Stanis\u0142aw, Andrzej Szybist <\/p>\n<p>\t<u><strong>Pi\u0105tek &#8211; 8 stycze\u0144<\/strong><\/u><br \/>\n\t1. + W\u0142adys\u0142aw \u015awizdor (greg.)<br \/>\n\t2. + Bronis\u0142awa Bartnik &ndash; od rodziny K\u0142os<br \/>\n\t3. + Julia, Franciszek Bartnik i zmarli z rodziny <\/p>\n<p><u><strong>Sobota &#8211; 9 stycze\u0144<\/strong><\/u><br \/>\n\t1. + W\u0142adys\u0142aw \u015awizdor (greg.) <br \/>\n\t2. + Stanis\u0142awa i W\u0142adys\u0142aw Blok oraz + Arkadiusz Sanok<br \/>\n\t3. + Jan Blok &ndash; w 11 r. \u015bm. i ++ Maria, J&oacute;zef, Stanis\u0142aw Blok<\/p>\n<p><u><strong>Niedziela &#8211; 10 stycze\u0144<\/strong><\/u><br \/>\n\t06.30 + Bogdan Blok &ndash; od Zofii Aab, D. i D. Gamracy<br \/>\n\t08.00 + Tomasz Blok &ndash; od rodzic&oacute;w i siostry z m\u0119\u017cem<br \/>\n\t10.30 1. Za parafian; 2.+ Jan \u015awizdor; <br \/>\n\t15.00 + W\u0142adys\u0142aw \u015awizdor (greg.);<\/p>\n<h3 style=\"text-align: center;\"><strong><strong><span style=\"color: rgb(0, 0, 128);\">Modlitw\u0119 r&oacute;\u017ca\u0144cow\u0105 prowadz\u0105<br \/>\n\t<\/span><\/strong><\/strong><\/h3>\n<p>04. Pn. R&oacute;\u017ca \u015aw. Agnieszki &#8211; (Krystyna Nykiel)<br \/>\n\t05. Wt. R&oacute;\u017ca \u015aw. Zofii &ndash; (Zofia Kurek)<br \/>\n\t06. \u015ar. R&oacute;\u017ca \u015aw. Cecylii &ndash; (Krystyna Markowicz)<br \/>\n\t07. Cz. Dzie\u0142o Pomocy Powo\u0142aniom &ndash; (Anna Szular)<br \/>\n\t08. Pt. KSM<br \/>\n\t09. Sb. R&oacute;\u017ca \u015aw. El\u017cbiety &ndash; (Alina Trojnar)<br \/>\n\t10. Nd. R&oacute;\u017ca \u015aw. Faustyny &#8211; (Eugenia \u015awizdor)<\/p>\n<p><strong>Wyznaczona R&oacute;\u017ca jest proszona o prowadzenie modlitwy r&oacute;\u017ca\u0144cowej. <br \/>\n\t<\/strong><\/p>\n","protected":false},"excerpt":{"rendered":"<p>Druga Niedziela Po Narodzeniu Pa\u0144skim &#8211; 03-01-2021 Og\u0142oszenia Dzi\u015b o godz. 15.00 Nabo\u017ce\u0144stwo do \u015bw. J&oacute;zefa, a po nim Msza \u015bw. W \u015brod\u0119 Uroczysto\u015b\u0107 Objawienia Pa\u0144skiego. Msze \u015bw. tak, jak &hellip; <a href=\"https:\/\/budy.przemyska.pl\/index.php\/2021\/01\/03\/ogloszenia-parafialne-3-styczen-2021\/\" class=\"more-link\">Czytaj dalej <span class=\"screen-reader-text\">Og\u0142oszenia parafialne 3 stycze\u0144 2021<\/span> <span class=\"meta-nav\">&rarr;<\/span><\/a><\/p>\n","protected":false},"author":1,"featured_media":0,"comment_status":"closed","ping_status":"closed","sticky":false,"template":"","format":"standard","meta":{"footnotes":""},"categories":[6,4],"tags":[],"class_list":["post-3205","post","type-post","status-publish","format-standard","hentry","category-aktualnosci","category-ogloszenia"],"_links":{"self":[{"href":"https:\/\/budy.przemyska.pl\/index.php\/wp-json\/wp\/v2\/posts\/3205","targetHints":{"allow":["GET"]}}],"collection":[{"href":"https:\/\/budy.przemyska.pl\/index.php\/wp-json\/wp\/v2\/posts"}],"about":[{"href":"https:\/\/budy.przemyska.pl\/index.php\/wp-json\/wp\/v2\/types\/post"}],"author":[{"embeddable":true,"href":"https:\/\/budy.przemyska.pl\/index.php\/wp-json\/wp\/v2\/users\/1"}],"replies":[{"embeddable":true,"href":"https:\/\/budy.przemyska.pl\/index.php\/wp-json\/wp\/v2\/comments?post=3205"}],"version-history":[{"count":0,"href":"https:\/\/budy.przemyska.pl\/index.php\/wp-json\/wp\/v2\/posts\/3205\/revisions"}],"wp:attachment":[{"href":"https:\/\/budy.przemyska.pl\/index.php\/wp-json\/wp\/v2\/media?parent=3205"}],"wp:term":[{"taxonomy":"category","embeddable":true,"href":"https:\/\/budy.przemyska.pl\/index.php\/wp-json\/wp\/v2\/categories?post=3205"},{"taxonomy":"post_tag","embeddable":true,"href":"https:\/\/budy.przemyska.pl\/index.php\/wp-json\/wp\/v2\/tags?post=3205"}],"curies":[{"name":"wp","href":"https:\/\/api.w.org\/{rel}","templated":true}]}}