{"id":3203,"date":"2020-12-27T17:05:26","date_gmt":"2020-12-27T16:05:26","guid":{"rendered":"http:\/\/www.budylancuckie.przemyska.pl\/?p=3203"},"modified":"2020-12-27T17:05:26","modified_gmt":"2020-12-27T16:05:26","slug":"ogloszenia-parafialne-27-grudzien-2020","status":"publish","type":"post","link":"https:\/\/budy.przemyska.pl\/index.php\/2020\/12\/27\/ogloszenia-parafialne-27-grudzien-2020\/","title":{"rendered":"Og\u0142oszenia parafialne 27 grudzie\u0144 2020"},"content":{"rendered":"<h2 style=\"text-align: center;\"><strong><span style=\"color: rgb(0, 0, 128);\">Niedziela \u015awi\u0119tej Rodziny &#8211; 27-12-2020<\/span><\/strong><\/h2>\n<h2 style=\"text-align: center;\"><strong><span style=\"color: rgb(0, 0, 128);\">Og\u0142oszenia<br \/>\n\t<\/span><\/strong><\/h2>\n<ol>\n<li>Dzi\u015b o godz. 15.00 Nabo\u017ce\u0144stwo do \u015bw. J&oacute;zefa, a po nim Msza \u015bw.<\/li>\n<li>W czwartek Msza \u015bw. i Nabo\u017ce\u0144stwo dzi\u0119kczynno-przeb\u0142agalne na zako\u0144czenie Starego Roku o godz.15.00.<\/li>\n<li>W pi\u0105tek Uroczysto\u015b\u0107 \u015awi\u0119tej Bo\u017cej Rodzicielki, a zarazem 1-wszy dzie\u0144 Nowego Roku i I pi\u0105tek miesi\u0105ca. Msze \u015bw. w naszej parafii, tak jak w niedziel\u0119. Ze wzgl\u0119du na rozw&oacute;j epidemii, odwiedziny chorych tylko w koniecznych sytuacjach, po powiadomieniu ze strony najbli\u017cszych. <\/li>\n<li>W I sobot\u0119 miesi\u0105ca wynagradzamy Niepokalanemu Sercu Maryi. Msza \u015bw. o godz.17.00, a po niej Nabo\u017ce\u0144stwo r&oacute;\u017ca\u0144cowe, procesja z figur\u0105 Matki Bo\u017cej Fatimskiej wewn\u0105trz ko\u015bcio\u0142a i zmiana tajemnic r&oacute;\u017ca\u0144cowych.<\/li>\n<li>Tegoroczna wizyta duszpasterska, zostaje odwo\u0142ana w ca\u0142ej Archidiecezji. Prosimy o przyj\u0119cie broszury kol\u0119dowej, opracowanej w oparciu o temat nowego roku duszpasterskiego pt. &bdquo;Zgromadzeni na \u015bwi\u0119tej wieczerzy&rdquo;. Znajduje si\u0119 ona na dolnej p&oacute;\u0142ce na stoliku z gazetami.<\/li>\n<li>Serdeczne B&oacute;g zap\u0142a\u0107 dla os&oacute;b sprz\u0105taj\u0105cych i stroj\u0105cych ko\u015bci&oacute;\u0142 oraz za ofiary sk\u0142adane na potrzeby parafii, pracownik&oacute;w ko\u015bcielnych i ogrzewanie..<\/li>\n<\/ol>\n<h3 style=\"text-align: center;\"><strong><span style=\"color: rgb(0, 0, 128);\">Intencje mszalne<\/span><\/strong><\/h3>\n<h4 style=\"text-align: center;\"><strong><span style=\"color: rgb(0, 0, 128);\">od 28 grudnia 2020 do 3 stycznia 2021<\/span><\/strong><\/h4>\n<h4><strong><br \/>\n\tGdyby zbyt d\u0142ugi czas nie by\u0142a og\u0142oszona zam&oacute;wiona intencja mszalna &ndash; prosimy o zg\u0142oszenie tego kap\u0142anowi.&nbsp; Zam&oacute;wiona intencja nie mo\u017ce zgin\u0105\u0107.<br \/>\n\t<\/strong><\/h4>\n<p><u><strong>Poniedzia\u0142ek &#8211; 28 grudzie\u0144<\/strong><\/u><br \/>\n\t1. + Bogdan Blok (greg.) <br \/>\n\t2. + Stanis\u0142aw Kochman &ndash; od piel\u0119g. z Oddz. Zaka\u017anego <br \/>\n\t3. + Zdzis\u0142aw Ko\u0142cz &ndash; od mamy i siostry z rodzin\u0105<br \/>\n\t4. + Maria, Roman Porebny; Stanis\u0142awa, Franciszek \u015awizdor<\/p>\n<p><u><strong>Wtorek &#8211; 29 grudzie\u0144<br \/>\n\t<\/strong><\/u>1. + Bogdan Blok (greg.)<br \/>\n\t2. + J&oacute;zef Rydzik &ndash; od c&oacute;rki Doroty z rodzin\u0105<br \/>\n\t3. + Tadeusz Gara &ndash; od s\u0105siad&oacute;w<br \/>\n\t4. + Janina, Stanis\u0142aw, Jan \u015awizdor i zmarli z ich rodzin<\/p>\n<p><u><strong>\u015aroda &#8211; 30 grudzie\u0144<\/strong><\/u><br \/>\n\t1. + Bogdan Blok (koniec greg.)<br \/>\n\t2. + Eugeniusz Uchman &ndash; od \u017cony <br \/>\n\t3. + Stefan Kruk i Wies\u0142aw \u015amia\u0142ek &ndash; od G\u0142owiak&oacute;w<br \/>\n\t4. Dzi\u0119kczynna i o potrzebne \u0142aski w 20 rocz. \u015blubu A.i J.<\/p>\n<p><u><strong>Czwartek &#8211; 31 grudzie\u0144<\/strong><\/u><br \/>\n\t15.00 Dzi\u0119kczynno-przeb\u0142agalna za grzechy i pro\u015bba o b\u0142og. Bo\u017ce dla wszystkich parafian<br \/>\n\t15.00 + Zofia Blok &ndash; od wnuka Patryka z rodzin\u0105 <br \/>\n\t15.00 + Genowefa Dyrda i zmarli rodzice i rodze\u0144stwo<br \/>\n\t15.00 + Helena Stafiej &ndash; od rodziny Marka Fo\u0142ty<\/p>\n<p>\t<u><strong>Pi\u0105tek &#8211; 1 stycze\u0144<\/strong><\/u><br \/>\n\t06.30 + Tomasz Blok &ndash; od syna Nikodema z rodzin\u0105<br \/>\n\t08.00 + Emilia, Tadeusz Mach <br \/>\n\t10.30 Za parafian; <br \/>\n\t15.00 + W\u0142adys\u0142aw \u015awizdor (pocz. greg.)<\/p>\n<p><u><strong>Sobota &#8211; 2 stycze\u0144<\/strong><\/u><br \/>\n\t1. + W\u0142adys\u0142aw \u015awizdor (greg.) <br \/>\n\t2. + Zofia Blok &ndash; od Dyrekcji i Naucz. Szk. Podst. im. H. Sienkiewicza w Budach \u0141a\u0144cuckich<br \/>\n\t3. + Stanis\u0142aw Por\u0119bny oraz zmarli rodzice: Jan i Anna<\/p>\n<p><u><strong>Niedziela &#8211; 3 stycze\u0144<\/strong><\/u><br \/>\n\t06.30 ++ Maria, Antoni Golenia; W\u0142adys\u0142awa, J&oacute;zef Kurek<br \/>\n\t08.00 Za zmar\u0142e cz\u0142onkinie z R&oacute;\u017cy: Waleri\u0119, Mari\u0119, Stanis\u0142aw\u0119, Mari\u0119 i Bronis\u0142aw\u0119 Bartnik &ndash; z R&oacute;\u017cy MB R&oacute;\u017ca\u0144cowej<br \/>\n\t10.30 1. Za parafian; 2.+ Zofia Wikiera &ndash; od m\u0119\u017ca Wies\u0142awa; <br \/>\n\t15.00 + W\u0142adys\u0142aw \u015awizdor (greg.);<\/p>\n<h3 style=\"text-align: center;\"><strong><strong><span style=\"color: rgb(0, 0, 128);\">Modlitw\u0119 r&oacute;\u017ca\u0144cow\u0105 prowadz\u0105<br \/>\n\t<\/span><\/strong><\/strong><\/h3>\n<p>28. Pn. R&oacute;\u017ca \u015aw. Teresy od Dzieci\u0105tka Jezus &#8211; (Dorota Dzierga)<br \/>\n\t29. Wt. R&oacute;\u017ca \u015aw. Teresy Wielkiej &ndash; (Zofia Wierzbicka)<br \/>\n\t30. \u015ar. R&oacute;\u017ca \u015aw. Tomasza Aposto\u0142a &ndash; (Stanis\u0142aw \u015alimak)<br \/>\n\t31. Cz. R&oacute;\u017ca \u015aw. Andrzeja Aposto\u0142a &ndash; (J&oacute;zef M\u0105dry)<br \/>\n\t01. Pt. KSM<br \/>\n\t02. Sb. Kap\u0142an<br \/>\n\t03. Nd. R&oacute;\u017ca \u015aw. Agaty &#8211; (Patrycja Por\u0119bna)<\/p>\n<p><strong>Wyznaczona R&oacute;\u017ca jest proszona o prowadzenie modlitwy r&oacute;\u017ca\u0144cowej. <br \/>\n\t<\/strong><\/p>\n","protected":false},"excerpt":{"rendered":"<p>Niedziela \u015awi\u0119tej Rodziny &#8211; 27-12-2020 Og\u0142oszenia Dzi\u015b o godz. 15.00 Nabo\u017ce\u0144stwo do \u015bw. J&oacute;zefa, a po nim Msza \u015bw. W czwartek Msza \u015bw. i Nabo\u017ce\u0144stwo dzi\u0119kczynno-przeb\u0142agalne na zako\u0144czenie Starego Roku &hellip; <a href=\"https:\/\/budy.przemyska.pl\/index.php\/2020\/12\/27\/ogloszenia-parafialne-27-grudzien-2020\/\" class=\"more-link\">Czytaj dalej <span class=\"screen-reader-text\">Og\u0142oszenia parafialne 27 grudzie\u0144 2020<\/span> <span class=\"meta-nav\">&rarr;<\/span><\/a><\/p>\n","protected":false},"author":1,"featured_media":0,"comment_status":"closed","ping_status":"closed","sticky":false,"template":"","format":"standard","meta":{"footnotes":""},"categories":[6,4],"tags":[],"class_list":["post-3203","post","type-post","status-publish","format-standard","hentry","category-aktualnosci","category-ogloszenia"],"_links":{"self":[{"href":"https:\/\/budy.przemyska.pl\/index.php\/wp-json\/wp\/v2\/posts\/3203","targetHints":{"allow":["GET"]}}],"collection":[{"href":"https:\/\/budy.przemyska.pl\/index.php\/wp-json\/wp\/v2\/posts"}],"about":[{"href":"https:\/\/budy.przemyska.pl\/index.php\/wp-json\/wp\/v2\/types\/post"}],"author":[{"embeddable":true,"href":"https:\/\/budy.przemyska.pl\/index.php\/wp-json\/wp\/v2\/users\/1"}],"replies":[{"embeddable":true,"href":"https:\/\/budy.przemyska.pl\/index.php\/wp-json\/wp\/v2\/comments?post=3203"}],"version-history":[{"count":0,"href":"https:\/\/budy.przemyska.pl\/index.php\/wp-json\/wp\/v2\/posts\/3203\/revisions"}],"wp:attachment":[{"href":"https:\/\/budy.przemyska.pl\/index.php\/wp-json\/wp\/v2\/media?parent=3203"}],"wp:term":[{"taxonomy":"category","embeddable":true,"href":"https:\/\/budy.przemyska.pl\/index.php\/wp-json\/wp\/v2\/categories?post=3203"},{"taxonomy":"post_tag","embeddable":true,"href":"https:\/\/budy.przemyska.pl\/index.php\/wp-json\/wp\/v2\/tags?post=3203"}],"curies":[{"name":"wp","href":"https:\/\/api.w.org\/{rel}","templated":true}]}}