{"id":3198,"date":"2020-12-19T18:53:39","date_gmt":"2020-12-19T17:53:39","guid":{"rendered":"http:\/\/www.budylancuckie.przemyska.pl\/?p=3198"},"modified":"2020-12-19T18:53:39","modified_gmt":"2020-12-19T17:53:39","slug":"zyczenia-boze-narodzenie-2020","status":"publish","type":"post","link":"https:\/\/budy.przemyska.pl\/index.php\/2020\/12\/19\/zyczenia-boze-narodzenie-2020\/","title":{"rendered":"\u017byczenia &#8211; Bo\u017ce Narodzenie 2020"},"content":{"rendered":"<p>[singlepic id=1841 w=320 h=240 float=left] Z okazji \u015awi\u0105t Bo\u017cego Narodzenia, sk\u0142adamy wszystkim Parafianom oraz mi\u0142ym Go\u015bciom, najserdeczniejsze \u017cyczenia; Pokoju i Rado\u015bci, kt&oacute;re przynosi Nowonarodzone Dzieci\u0119. \u017byczymy r&oacute;wnie\u017c, aby mi\u0142o\u015b\u0107 i zgoda zawsze panowa\u0142y w naszych domach, rodzinie i s\u0105siedztwie. W nadchodz\u0105cym za\u015b Nowym Roku &#8211; nade wszystko &#8211; zdrowia i wszelkiej pomy\u015blno\u015bci! Niech B&oacute;g wszystkim b\u0142ogos\u0142awi!<\/p>\n","protected":false},"excerpt":{"rendered":"<p>[singlepic id=1841 w=320 h=240 float=left] Z okazji \u015awi\u0105t Bo\u017cego Narodzenia, sk\u0142adamy wszystkim Parafianom oraz mi\u0142ym Go\u015bciom, najserdeczniejsze \u017cyczenia; Pokoju i Rado\u015bci, kt&oacute;re przynosi Nowonarodzone Dzieci\u0119. \u017byczymy r&oacute;wnie\u017c, aby mi\u0142o\u015b\u0107 i &hellip; <a href=\"https:\/\/budy.przemyska.pl\/index.php\/2020\/12\/19\/zyczenia-boze-narodzenie-2020\/\" class=\"more-link\">Czytaj dalej <span class=\"screen-reader-text\">\u017byczenia &#8211; Bo\u017ce Narodzenie 2020<\/span> <span class=\"meta-nav\">&rarr;<\/span><\/a><\/p>\n","protected":false},"author":1,"featured_media":0,"comment_status":"closed","ping_status":"closed","sticky":false,"template":"","format":"standard","meta":{"footnotes":""},"categories":[6],"tags":[],"class_list":["post-3198","post","type-post","status-publish","format-standard","hentry","category-aktualnosci"],"_links":{"self":[{"href":"https:\/\/budy.przemyska.pl\/index.php\/wp-json\/wp\/v2\/posts\/3198","targetHints":{"allow":["GET"]}}],"collection":[{"href":"https:\/\/budy.przemyska.pl\/index.php\/wp-json\/wp\/v2\/posts"}],"about":[{"href":"https:\/\/budy.przemyska.pl\/index.php\/wp-json\/wp\/v2\/types\/post"}],"author":[{"embeddable":true,"href":"https:\/\/budy.przemyska.pl\/index.php\/wp-json\/wp\/v2\/users\/1"}],"replies":[{"embeddable":true,"href":"https:\/\/budy.przemyska.pl\/index.php\/wp-json\/wp\/v2\/comments?post=3198"}],"version-history":[{"count":0,"href":"https:\/\/budy.przemyska.pl\/index.php\/wp-json\/wp\/v2\/posts\/3198\/revisions"}],"wp:attachment":[{"href":"https:\/\/budy.przemyska.pl\/index.php\/wp-json\/wp\/v2\/media?parent=3198"}],"wp:term":[{"taxonomy":"category","embeddable":true,"href":"https:\/\/budy.przemyska.pl\/index.php\/wp-json\/wp\/v2\/categories?post=3198"},{"taxonomy":"post_tag","embeddable":true,"href":"https:\/\/budy.przemyska.pl\/index.php\/wp-json\/wp\/v2\/tags?post=3198"}],"curies":[{"name":"wp","href":"https:\/\/api.w.org\/{rel}","templated":true}]}}