{"id":3196,"date":"2020-12-19T18:47:17","date_gmt":"2020-12-19T17:47:17","guid":{"rendered":"http:\/\/www.budylancuckie.przemyska.pl\/?p=3196"},"modified":"2020-12-19T18:47:17","modified_gmt":"2020-12-19T17:47:17","slug":"ogloszenia-parafialne-20-grudzien-2020","status":"publish","type":"post","link":"https:\/\/budy.przemyska.pl\/index.php\/2020\/12\/19\/ogloszenia-parafialne-20-grudzien-2020\/","title":{"rendered":"Og\u0142oszenia parafialne 20 grudzie\u0144 2020"},"content":{"rendered":"<h2 style=\"text-align: center;\"><strong><span style=\"color: rgb(0, 0, 128);\">IV Niedziela Adwentu &#8211; 20-12-2020<\/span><\/strong><\/h2>\n<h2 style=\"text-align: center;\"><strong><span style=\"color: rgb(0, 0, 128);\">Og\u0142oszenia<br \/>\n\t<\/span><\/strong><\/h2>\n<ol>\n<li>Dzi\u015b o godz.15.00 Nabo\u017ce\u0144stwo&nbsp; do Bo\u017cego Mi\u0142osierdzia, a nim Msza \u015bw. <\/li>\n<li>Do \u015brody (w\u0142\u0105cznie) Msze \u015bw. Roratnie o godz. 6.00 rano. Odprawiana r&oacute;wnie\u017c b\u0119dzie Msza \u015bw. adwentowa o godz.17.00. W czwartek Msza \u015bw. o godz. 7.00 rano. Jest to zarazem dzie\u0144 Wigilii Bo\u017cego Narodzenia. \u015awi\u0119towanie tej Uroczysto\u015bci rozpoczynamy w naszych rodzinach; wsp&oacute;ln\u0105 modlitw\u0105, odczytaniem fragmentu Ewangelii o Narodzeniu Pana Jezusa, wsp&oacute;lnym dzieleniem si\u0119 op\u0142atkiem, sk\u0142adaniem sobie \u017cycze\u0144, wieczerz\u0105 w rodzinnym gronie, kol\u0119dowaniem.<\/li>\n<li>W pi\u0105tek Uroczysto\u015b\u0107 Bo\u017cego Narodzenia. O p&oacute;\u0142nocy tradycyjnie Pasterka. Pozosta\u0142e Msze \u015bw. w tym dniu o godz. 7.30, nast\u0119pnie o godz. 9.00 oraz Suma o godz. 10.30. Po po\u0142udniu Mszy \u015bw. nie b\u0119dzie.<\/li>\n<li>W sobot\u0119 \u015awi\u0119to \u015bw. Szczepana &ndash; pierwszego M\u0119czennika. Msze \u015bw. o godz. 6.30, 8.00 oraz Suma o 10.30. <\/li>\n<li>W niedziel\u0119 \u015awi\u0119to \u015awi\u0119tej Rodziny. Msze \u015bw. o godz. 6.30, 8.00, 10.30 oraz o 15.00.<\/li>\n<li>Mo\u017cliwo\u015b\u0107 Spowiedzi \u015bw. codziennie przed Msz\u0105 \u015bw. Bardzo prosimy o wcze\u015bniejsze skorzystanie z Sakramentu Pojednania, aby dobrze duchowo przygotowa\u0107 si\u0119 do w\u0142a\u015bciwego prze\u017cycia \u015awi\u0105t Bo\u017cego Narodzenia.<\/li>\n<li>Prosimy o zg\u0142oszenie chorych do pos\u0142ugi przed \u015awi\u0119tami. Udaliby\u015bmy si\u0119 do nich w \u015brod\u0119 (23.12). Jednak\u017ce ze wzgl\u0119du na epidemi\u0119, prosimy o zg\u0142oszenia tylko tych chorych, kt&oacute;rzy rzeczywi\u015bcie tej pos\u0142ugi potrzebuj\u0105. Decyzj\u0119 pozostawiamy roztropno\u015bci samych chorych i ich najbli\u017cszych.<\/li>\n<li>Serdeczne B&oacute;g zap\u0142a\u0107 dla os&oacute;b sprz\u0105taj\u0105cych i stroj\u0105cych ko\u015bci&oacute;\u0142 oraz za ofiary sk\u0142adane na potrzeby parafii, pracownik&oacute;w ko\u015bcielnych i ogrzewanie.<\/li>\n<\/ol>\n<h3 style=\"text-align: center;\"><strong><span style=\"color: rgb(0, 0, 128);\">Intencje mszalne<\/span><\/strong><\/h3>\n<h4 style=\"text-align: center;\"><strong><span style=\"color: rgb(0, 0, 128);\">od 21 grudnia 2020 do 27 grudnia 2020<\/span><\/strong><\/h4>\n<h4><strong><br \/>\n\tGdyby zbyt d\u0142ugi czas nie by\u0142a og\u0142oszona zam&oacute;wiona intencja mszalna &ndash; prosimy o zg\u0142oszenie tego kap\u0142anowi.&nbsp; Zam&oacute;wiona intencja nie mo\u017ce zgin\u0105\u0107.<br \/>\n\t<\/strong><\/h4>\n<p><u><strong>Poniedzia\u0142ek &#8211; 21 grudzie\u0144<\/strong><\/u><br \/>\n\t06.00 + Bogdan Blok (greg.) <br \/>\n\t06.00 + Stanis\u0142aw Kochman &ndash; od piel\u0119gniarek z Ortopedii <br \/>\n\t17.00 + Jacek Chudzik &ndash; od Karoliny i Mateusza Szott<\/p>\n<p><u><strong>Wtorek &#8211; 22 grudzie\u0144<br \/>\n\t<\/strong><\/u>06.00 + Bogdan Blok (greg.)<br \/>\n\t06.00 + Maria Misi\u0105g &ndash; od kol. Teresy, Doroty i Ma\u0142gorzaty ze sklepu z Korniaktowa<br \/>\n\t17.00 + Zdzis\u0142aw Ko\u0142cz &ndash; od rodziny Parys<\/p>\n<p><u><strong>\u015aroda &#8211; 23 grudzie\u0144<\/strong><\/u><br \/>\n\t06.00 + Bogdan Blok (greg.)<br \/>\n\t06.00 ++ Katarzyna, Antoni Bartnik; Zofia, Mateusz Bosak <br \/>\n\t17.00 ++ Jan, Stanis\u0142awa Panek oraz Genowefa Kojder<\/p>\n<p><u><strong>Czwartek &#8211; 24 grudzie\u0144<\/strong><\/u><br \/>\n\t07.00 + Bogdan Blok (greg.) <br \/>\n\t07.00 + Stanis\u0142aw Szczupak &ndash; w rocz. \u015bmierci <br \/>\n\t07.00 + Tadeusz Gara &ndash; od pracownik&oacute;w ARiMR w \u0141a\u0144cucie<br \/>\n\t07.00 + Boles\u0142aw Rupar &ndash; od Rady Miasta \u0141a\u0144cut;<br \/>\n\tPASTERKA: <br \/>\n\t1. W intencji parafian;<br \/>\n\t2. + Zofia Blok &ndash; od rodzin Ciupi\u0144skich i Pi\u0105tek; <br \/>\n\t3. + Alfred W\u0119grzyn;<br \/>\n\t4. ++ Albina, Stefania Ciupi\u0144skie, ich rodziny i rodze\u0144stwo<\/p>\n<p>\t<u><strong>Pi\u0105tek &#8211; 25 grudzie\u0144<\/strong><\/u><br \/>\n\t07.30 1.+ Bogdan Blok (greg.); 2. W intencji misji<br \/>\n\t09.00 1.+ Maria, Stefan Sobkowicz; 2. + Micha\u0142 K\u0142os; 3. W intencji misji <br \/>\n\t10.30 1. W intencji misji; 2. + Tadeusz, Cecylia, Stanis\u0142aw \u015awizdor oraz + J&oacute;zef Olejarka<\/p>\n<p><u><strong>Sobota &#8211; 26 grudzie\u0144<\/strong><\/u><br \/>\n\t06.30 + Stanis\u0142aw Por\u0119bny <br \/>\n\t08.00 1. + Bogdan Blok (greg.); 2. +Maria, Antoni Golenia;<br \/>\n\t10.30 + Maria, Franciszek \u015alimak &ndash; od c&oacute;rki Emilii<\/p>\n<p><u><strong>Niedziela &#8211; 27 grudzie\u0144<\/strong><\/u><br \/>\n\t06.30 Za dusze w czy\u015b\u0107cu cierpi\u0105ce<br \/>\n\t08.00 ++ Salomea, Jan Bosak oraz Bronis\u0142aw Marek <br \/>\n\t10.30 1. Za parafian; 2. + Stanis\u0142aw Kalamarz; <br \/>\n\t15.00 + Bogdan Blok (greg.);<\/p>\n<h3 style=\"text-align: center;\"><strong><strong><span style=\"color: rgb(0, 0, 128);\">Modlitw\u0119 r&oacute;\u017ca\u0144cow\u0105 prowadz\u0105<br \/>\n\t<\/span><\/strong><\/strong><\/h3>\n<p>21. Pn. R&oacute;\u017ca \u015aw. Marii Goretti (El\u017cbieta Kukulska)<br \/>\n\t22. Wt. R&oacute;\u017ca \u015aw. Marty &ndash; (Czes\u0142awa Por\u0119bna)<br \/>\n\t23. \u015ar. R&oacute;\u017ca Matki Bo\u017cej Bolesnej &ndash; (Genowefa Bartnik)<br \/>\n\t25. Pt. R&oacute;\u017ca Matki Bo\u017cej R&oacute;\u017ca\u0144cowej &ndash; (Zofia \u015awizdor)<br \/>\n\t26. Sb. R&oacute;\u017ca Matki Bo\u017cej Szkaplerznej &ndash; (Maria K\u0142os)<br \/>\n\t27. Nd. R&oacute;\u017ca \u015aw. Stanis\u0142awa Bpa &#8211; (Franciszek Bartnik)<\/p>\n<p><strong>Wyznaczona R&oacute;\u017ca jest proszona o prowadzenie modlitwy r&oacute;\u017ca\u0144cowej. <br \/>\n\t<\/strong><\/p>\n","protected":false},"excerpt":{"rendered":"<p>IV Niedziela Adwentu &#8211; 20-12-2020 Og\u0142oszenia Dzi\u015b o godz.15.00 Nabo\u017ce\u0144stwo&nbsp; do Bo\u017cego Mi\u0142osierdzia, a nim Msza \u015bw. Do \u015brody (w\u0142\u0105cznie) Msze \u015bw. Roratnie o godz. 6.00 rano. Odprawiana r&oacute;wnie\u017c b\u0119dzie &hellip; <a href=\"https:\/\/budy.przemyska.pl\/index.php\/2020\/12\/19\/ogloszenia-parafialne-20-grudzien-2020\/\" class=\"more-link\">Czytaj dalej <span class=\"screen-reader-text\">Og\u0142oszenia parafialne 20 grudzie\u0144 2020<\/span> <span class=\"meta-nav\">&rarr;<\/span><\/a><\/p>\n","protected":false},"author":1,"featured_media":0,"comment_status":"closed","ping_status":"closed","sticky":false,"template":"","format":"standard","meta":{"footnotes":""},"categories":[6,4],"tags":[],"class_list":["post-3196","post","type-post","status-publish","format-standard","hentry","category-aktualnosci","category-ogloszenia"],"_links":{"self":[{"href":"https:\/\/budy.przemyska.pl\/index.php\/wp-json\/wp\/v2\/posts\/3196","targetHints":{"allow":["GET"]}}],"collection":[{"href":"https:\/\/budy.przemyska.pl\/index.php\/wp-json\/wp\/v2\/posts"}],"about":[{"href":"https:\/\/budy.przemyska.pl\/index.php\/wp-json\/wp\/v2\/types\/post"}],"author":[{"embeddable":true,"href":"https:\/\/budy.przemyska.pl\/index.php\/wp-json\/wp\/v2\/users\/1"}],"replies":[{"embeddable":true,"href":"https:\/\/budy.przemyska.pl\/index.php\/wp-json\/wp\/v2\/comments?post=3196"}],"version-history":[{"count":0,"href":"https:\/\/budy.przemyska.pl\/index.php\/wp-json\/wp\/v2\/posts\/3196\/revisions"}],"wp:attachment":[{"href":"https:\/\/budy.przemyska.pl\/index.php\/wp-json\/wp\/v2\/media?parent=3196"}],"wp:term":[{"taxonomy":"category","embeddable":true,"href":"https:\/\/budy.przemyska.pl\/index.php\/wp-json\/wp\/v2\/categories?post=3196"},{"taxonomy":"post_tag","embeddable":true,"href":"https:\/\/budy.przemyska.pl\/index.php\/wp-json\/wp\/v2\/tags?post=3196"}],"curies":[{"name":"wp","href":"https:\/\/api.w.org\/{rel}","templated":true}]}}