{"id":3190,"date":"2020-12-06T15:32:18","date_gmt":"2020-12-06T14:32:18","guid":{"rendered":"http:\/\/www.budylancuckie.przemyska.pl\/?p=3190"},"modified":"2020-12-06T15:32:18","modified_gmt":"2020-12-06T14:32:18","slug":"ogloszenia-parafialne-9-grudzien-2020","status":"publish","type":"post","link":"https:\/\/budy.przemyska.pl\/index.php\/2020\/12\/06\/ogloszenia-parafialne-9-grudzien-2020\/","title":{"rendered":"Og\u0142oszenia parafialne 6 grudzie\u0144 2020"},"content":{"rendered":"<h2 style=\"text-align: center;\"><strong><span style=\"color: rgb(0, 0, 128);\">II Niedziela Adwentu &#8211; 06-12-2020<\/span><\/strong><\/h2>\n<h2 style=\"text-align: center;\"><strong><span style=\"color: rgb(0, 0, 128);\">Og\u0142oszenia<br \/>\n\t<\/span><\/strong><\/h2>\n<ol>\n<li>Dzi\u015b o godz.15.00 Litania do Naj\u015bwi\u0119tszego Serca Pana Jezusa, a potem Msza \u015bw.<\/li>\n<li>W poniedzia\u0142ek &ndash; wspomnienie \u015bw. Ambro\u017cego, we wtorek &#8211; Uroczysto\u015b\u0107 Niepokalanego Pocz\u0119cia NMP. Msze \u015bw. o godz. 6.30, 8.00 i o 17.00.<\/li>\n<li>W czwartek Adoracja Naj\u015bwi\u0119tszego Sakramentu od godz.16.00.<\/li>\n<li>Codzienne roraty o godz. 17.00. Serdecznie zapraszamy do uczestnictwa, tak aby, jak najlepiej przygotowa\u0107 si\u0119 do prze\u017cywania \u015awi\u0105t Bo\u017cego Narodzenia.<\/li>\n<li>Serdeczne B&oacute;g zap\u0142a\u0107 dla os&oacute;b sprz\u0105taj\u0105cych i stroj\u0105cych ko\u015bci&oacute;\u0142 oraz za ofiary sk\u0142adane na potrzeby parafii, w tym r&oacute;wnie\u017c dla pracownik&oacute;w ko\u015bcielnych i na ogrzewanie.<\/li>\n<\/ol>\n<h3 style=\"text-align: center;\"><strong><span style=\"color: rgb(0, 0, 128);\">Intencje mszalne<\/span><\/strong><\/h3>\n<h4 style=\"text-align: center;\"><strong><span style=\"color: rgb(0, 0, 128);\">od 7 grudnia 2020 do 13 grudnia 2020<\/span><\/strong><\/h4>\n<h4><strong><br \/>\n\tGdyby zbyt d\u0142ugi czas nie by\u0142a og\u0142oszona zam&oacute;wiona intencja mszalna &ndash; prosimy o zg\u0142oszenie tego kap\u0142anowi.&nbsp; Zam&oacute;wiona intencja nie mo\u017ce zgin\u0105\u0107.<br \/>\n\t<\/strong><\/h4>\n<p><u><strong>Poniedzia\u0142ek &#8211; 7 grudzie\u0144<\/strong><\/u><br \/>\n\t1. + Bogdan Blok (greg.) <br \/>\n\t2. + Aniela, Franciszek Kojder i zmarli z rodziny <br \/>\n\t3. + Maria Misi\u0105g &ndash; od Kazika, Marysi i kol. ze sklepu 4, 5 i 7<\/p>\n<p><u><strong>Wtorek &#8211; 8 grudzie\u0144<br \/>\n\t<\/strong><\/u>06.30 + Bogdan Blok (greg.)<br \/>\n\t08.00 + Barbara, Jacek, Wies\u0142aw, W\u0142adys\u0142aw Ko\u0142cz<br \/>\n\t17.00 + Maria, Antoni Blok<\/p>\n<p><u><strong>\u015aroda &#8211; 9 grudzie\u0144<\/strong><\/u><br \/>\n\t1. + Bogdan Blok (greg.)<br \/>\n\t2. + Stanis\u0142aw Kochman &ndash; od Heleny z dzie\u0107mi <br \/>\n\t3. + Antoni, Bronis\u0142awa i Wies\u0142aw Bartnik<\/p>\n<p><u><strong>Czwartek &#8211; 10 grudzie\u0144<\/strong><\/u><br \/>\n\t1. + Bogdan Blok (greg.) <br \/>\n\t2. + Emilia i Jakub Rupar <br \/>\n\t3. + Zofia Blok &ndash; od wnuka Kamila z rodzin\u0105<\/p>\n<p>\t<u><strong>Pi\u0105tek &#8211; 11 grudzie\u0144<\/strong><\/u><br \/>\n\t1. + Bogdan Blok (greg.)<br \/>\n\t2. Dzi\u0119k. i o Bo\u017ce b\u0142og. w 18 rocz. urodzin dla Aleksandry <br \/>\n\t3. + Marcin i Franciszka Czech i ich rodzice &ndash; w 10 r. \u015bmierci<\/p>\n<p><u><strong>Sobota &#8211; 12 grudzie\u0144<\/strong><\/u><br \/>\n\t1. + Bogdan Blok (greg.) <br \/>\n\t2. + Czes\u0142aw Piestrak &#8211; rocznica \u015bmierci<br \/>\n\t3. + Maria, Stanis\u0142aw, Cecylia, Jan Miara<\/p>\n<p><u><strong>Niedziela &#8211; 13 grudzie\u0144<\/strong><\/u><br \/>\n\t6.30 + El\u017cbieta Malach<br \/>\n\t8.00 + Eugeniusz Uchman &ndash; od \u017cony <br \/>\n\t10.30 Za parafian; <br \/>\n\t15.00 + Bogdan Blok (greg.);<\/p>\n<h3 style=\"text-align: center;\"><strong><strong><span style=\"color: rgb(0, 0, 128);\">Modlitw\u0119 r&oacute;\u017ca\u0144cow\u0105 prowadz\u0105<br \/>\n\t<\/span><\/strong><\/strong><\/h3>\n<p>07. Pn. R&oacute;\u017ca \u015aw. Cecylii (Krystyna Markowicz)<br \/>\n\t08. Wt. R&oacute;\u017ca \u015aw. El\u017cbiety &ndash; (Alina Trojnar)<br \/>\n\t09. \u015ar. R&oacute;\u017ca \u015aw. Faustyny &ndash; (Eugenia \u015awizdor)<br \/>\n\t10. Cz. Akcja Katolicka<br \/>\n\t11. Pt. KSM<br \/>\n\t12. Sb. R&oacute;\u017ca \u015aw. Genowefy &ndash; (Genowefa Dr\u0105\u017cek)<br \/>\n\t13. Nd. R&oacute;\u017ca \u015aw. Jadwigi Kr&oacute;lowej &#8211; (Halina Dyrda)<\/p>\n<p><strong>Wyznaczona R&oacute;\u017ca jest proszona o prowadzenie modlitwy r&oacute;\u017ca\u0144cowej. <br \/>\n\t<\/strong><\/p>\n","protected":false},"excerpt":{"rendered":"<p>II Niedziela Adwentu &#8211; 06-12-2020 Og\u0142oszenia Dzi\u015b o godz.15.00 Litania do Naj\u015bwi\u0119tszego Serca Pana Jezusa, a potem Msza \u015bw. W poniedzia\u0142ek &ndash; wspomnienie \u015bw. Ambro\u017cego, we wtorek &#8211; Uroczysto\u015b\u0107 Niepokalanego &hellip; <a href=\"https:\/\/budy.przemyska.pl\/index.php\/2020\/12\/06\/ogloszenia-parafialne-9-grudzien-2020\/\" class=\"more-link\">Czytaj dalej <span class=\"screen-reader-text\">Og\u0142oszenia parafialne 6 grudzie\u0144 2020<\/span> <span class=\"meta-nav\">&rarr;<\/span><\/a><\/p>\n","protected":false},"author":1,"featured_media":0,"comment_status":"closed","ping_status":"closed","sticky":false,"template":"","format":"standard","meta":{"footnotes":""},"categories":[6,4],"tags":[],"class_list":["post-3190","post","type-post","status-publish","format-standard","hentry","category-aktualnosci","category-ogloszenia"],"_links":{"self":[{"href":"https:\/\/budy.przemyska.pl\/index.php\/wp-json\/wp\/v2\/posts\/3190","targetHints":{"allow":["GET"]}}],"collection":[{"href":"https:\/\/budy.przemyska.pl\/index.php\/wp-json\/wp\/v2\/posts"}],"about":[{"href":"https:\/\/budy.przemyska.pl\/index.php\/wp-json\/wp\/v2\/types\/post"}],"author":[{"embeddable":true,"href":"https:\/\/budy.przemyska.pl\/index.php\/wp-json\/wp\/v2\/users\/1"}],"replies":[{"embeddable":true,"href":"https:\/\/budy.przemyska.pl\/index.php\/wp-json\/wp\/v2\/comments?post=3190"}],"version-history":[{"count":0,"href":"https:\/\/budy.przemyska.pl\/index.php\/wp-json\/wp\/v2\/posts\/3190\/revisions"}],"wp:attachment":[{"href":"https:\/\/budy.przemyska.pl\/index.php\/wp-json\/wp\/v2\/media?parent=3190"}],"wp:term":[{"taxonomy":"category","embeddable":true,"href":"https:\/\/budy.przemyska.pl\/index.php\/wp-json\/wp\/v2\/categories?post=3190"},{"taxonomy":"post_tag","embeddable":true,"href":"https:\/\/budy.przemyska.pl\/index.php\/wp-json\/wp\/v2\/tags?post=3190"}],"curies":[{"name":"wp","href":"https:\/\/api.w.org\/{rel}","templated":true}]}}