{"id":3188,"date":"2020-11-29T12:38:11","date_gmt":"2020-11-29T11:38:11","guid":{"rendered":"http:\/\/www.budylancuckie.przemyska.pl\/?p=3188"},"modified":"2020-11-29T12:38:11","modified_gmt":"2020-11-29T11:38:11","slug":"ogloszenia-parafialne-29-listopad-2020","status":"publish","type":"post","link":"https:\/\/budy.przemyska.pl\/index.php\/2020\/11\/29\/ogloszenia-parafialne-29-listopad-2020\/","title":{"rendered":"Og\u0142oszenia parafialne 29 listopad 2020"},"content":{"rendered":"<h2 style=\"text-align: center;\"><strong><span style=\"color: rgb(0, 0, 128);\">I Niedziela Adwentu &#8211; 29-11-2020<\/span><\/strong><\/h2>\n<h2 style=\"text-align: center;\"><strong><span style=\"color: rgb(0, 0, 128);\">Og\u0142oszenia<br \/>\n\t<\/span><\/strong><\/h2>\n<ol>\n<li>Dzi\u015b o godz.15.00 Litania do \u015bw. Matki Bo\u017cej, a potem Msza \u015bw. <\/li>\n<li>W tym tygodniu w liturgii Ko\u015bcio\u0142a wspominamy; we poniedzia\u0142ek &ndash; \u015bwi\u0119to \u015aw. Andrzeja Aposto\u0142a, w czwartek &ndash; wsp. \u015aw. Franciszka Ksawerego.<\/li>\n<li>W tym tygodniu wypada I czwartek, I pi\u0105tek i I sobota miesi\u0105ca.<\/li>\n<li>W czwartek Adoracja Naj\u015bwi\u0119tszego Sakramentu od godz.16.00. Modlimy si\u0119 o \u0142ask\u0119 powo\u0142a\u0144 do S\u0142u\u017cby Bo\u017cej.<\/li>\n<li>W I pi\u0105tek czcimy Naj\u015bwi\u0119tsze Serce Pana Jezusa. Rano Msza \u015bw. o godz. 6.45, wieczorem za\u015b o godz.17.00. Ze wzgl\u0119du na rozw&oacute;j epidemii, odwiedzimy chorych ograniczamy tylko do os&oacute;b w niebezpiecze\u0144stwie \u015bmierci., po uprzednim zg\u0142oszeniu ze strony rodziny.<\/li>\n<li>W I sobot\u0119 czcimy Niepokalane Serce NMP. O godz. 17.00 Msza \u015bw., po niej nabo\u017ce\u0144stwo r&oacute;\u017ca\u0144cowe, procesja z figur\u0105 Matki Bo\u017cej Fatimskiej wewn\u0105trz ko\u015bcio\u0142a i zmiana tajemnic r&oacute;\u017ca\u0144cowych. W tym te\u017c dniu uczniowie klas III przygotowuj\u0105cych si\u0119 do I Komunii \u015bw. otrzymaj\u0105 po\u015bwi\u0119cone medaliki.<\/li>\n<li>Mo\u017cliwo\u015b\u0107 spowiedzi \u015bw. codziennie przed Msz\u0105 \u015bw.<\/li>\n<li>W kaplicy \u015bw. Maksymiliana mo\u017cliwo\u015b\u0107 nabycia op\u0142atk&oacute;w wigilijnych. W tym roku, niestety ze wzgl\u0119du na epidemi\u0119, op\u0142atki nie b\u0119d\u0105 roznoszone po domach przez p. Organist\u0119 i p. Ko\u015bcielnego. R&oacute;wnie\u017c, jak co roku, mo\u017cemy naby\u0107 \u015bwiece wigilijne rozprowadzane przez Caritas w cenie 5 z\u0142. <\/li>\n<li>Serdeczne B&oacute;g zap\u0142a\u0107 dla os&oacute;b sprz\u0105taj\u0105cych i stroj\u0105cych ko\u015bci&oacute;\u0142 oraz za ofiary sk\u0142adane na potrzeby parafii, w tym r&oacute;wnie\u017c dla pracownik&oacute;w ko\u015bcielnych i na ogrzewanie. Sk\u0142adam r&oacute;wnie\u017c serdeczne podzi\u0119kowanie Paniom z Prawej Strony za wykonanie wie\u0144ca adwentowego..<\/li>\n<\/ol>\n<h3 style=\"text-align: center;\"><strong><span style=\"color: rgb(0, 0, 128);\">Intencje mszalne<\/span><\/strong><\/h3>\n<h4 style=\"text-align: center;\"><strong><span style=\"color: rgb(0, 0, 128);\">od 30 listopada 2020 do 6 grudnia 2020<\/span><\/strong><\/h4>\n<h4><strong><br \/>\n\tGdyby zbyt d\u0142ugi czas nie by\u0142a og\u0142oszona zam&oacute;wiona intencja mszalna &ndash; prosimy o zg\u0142oszenie tego kap\u0142anowi.&nbsp; Zam&oacute;wiona intencja nie mo\u017ce zgin\u0105\u0107.<br \/>\n\t<\/strong><\/h4>\n<p><u><strong>Poniedzia\u0142ek &#8211; 30 listopad<\/strong><\/u><br \/>\n\t1. + Stefan Socha (greg. zak.) <br \/>\n\t2. + Stanis\u0142aw Kochman &ndash; od Magdy z rodzin\u0105 <br \/>\n\t3. + W\u0142adys\u0142awa Wacnik &ndash; od syna z rodzin\u0105<\/p>\n<p><u><strong>Wtorek &#8211; 1 grudzie\u0144<br \/>\n\t<\/strong><\/u>1. + Bogdan Blok (pocz. greg.)<br \/>\n\t2. Za zmar\u0142ych z rodziny Pelc i Gog&oacute;j<br \/>\n\t3. + Stanis\u0142awa, Tadeusz Kozak <\/p>\n<p><u><strong>\u015aroda &#8211; 2 grudzie\u0144<\/strong><\/u><br \/>\n\t1. + Bogdan Blok (greg.)<br \/>\n\t2. + Jacek Chudzik &ndash; od Pani Wychowawczyni oraz koleg&oacute;w i kole\u017canek ze Szko\u0142y Podstawowej<br \/>\n\t3. + Tadeusz Kubis &ndash; od s\u0105siad&oacute;w Czyrek &#8211; Pelc<\/p>\n<p><u><strong>Czwartek &#8211; 3 grudzie\u0144<\/strong><\/u><br \/>\n\t1. + Bogdan Blok (greg.) <br \/>\n\t2. + W\u0142adys\u0142aw i Maria Kojder &ndash; w rocznic\u0119 \u015bmierci <br \/>\n\t3. O zdrowie i potrzebne \u0142aski dla Danuty<\/p>\n<p>\t<u><strong>Pi\u0105tek &#8211; 4 grudzie\u0144<\/strong><\/u><br \/>\n\t6.45 + Bogdan Blok (greg.)<br \/>\n\t17.00 + Kazimierz, Wiktoria, J&oacute;zef i zmarli z rodziny <br \/>\n\t17.00 + Julian Gnyp &ndash; od Dyrekcji, Nauczycieli i Pracownik&oacute;w SP nr 2 w Korniaktowie P\u0142n.<\/p>\n<p><u><strong>Sobota &#8211; 5 grudzie\u0144<\/strong><\/u><br \/>\n\t1. + Bogdan Blok (greg.) <br \/>\n\t2. + Jan, Anna Mago\u0144 i ich dzieci <br \/>\n\t3. + W\u0142adys\u0142aw \u015awi\u017ador &ndash; od brata z rodzin\u0105 <\/p>\n<p><u><strong>Niedziela &#8211; 6 grudzie\u0144<\/strong><\/u><br \/>\n\t6.30 + W\u0142adys\u0142aw &ndash; 11 rocz. \u015bmierci oraz za zmar\u0142ych rodzic&oacute;w, te\u015bci&oacute;w i rodze\u0144stwo<br \/>\n\t8.00 + Maria Kubis &ndash; od c&oacute;rek i m\u0119\u017ca <br \/>\n\t10.30 Za parafian; <br \/>\n\t15.00 + Bogdan Blok (greg.);<\/p>\n<h3 style=\"text-align: center;\"><strong><strong><span style=\"color: rgb(0, 0, 128);\">Modlitw\u0119 r&oacute;\u017ca\u0144cow\u0105 prowadz\u0105<br \/>\n\t<\/span><\/strong><\/strong><\/h3>\n<p>30. Pn. R&oacute;\u017ca \u015aw. Andrzeja Aposto\u0142a (J&oacute;zef M\u0105dry)<br \/>\n\t01. Wt. R&oacute;\u017ca \u015aw. Agaty &ndash; (Patrycja Por\u0119bna)<br \/>\n\t02. \u015ar. R&oacute;\u017ca \u015aw. Agnieszki &ndash; (Krystyna Nykiel)<br \/>\n\t03. Cz. Dzie\u0142o Pomocy Powo\u0142aniom &ndash; (Anna Szular)<br \/>\n\t04. Pt. KSM<br \/>\n\t05. Sb. Kap\u0142an<br \/>\n\t06. Nd. R&oacute;\u017ca \u015aw. Zofii (Zofia Kurek)<\/p>\n<p><strong>Wyznaczona R&oacute;\u017ca jest proszona o prowadzenie modlitwy r&oacute;\u017ca\u0144cowej. <br \/>\n\t<\/strong><\/p>\n","protected":false},"excerpt":{"rendered":"<p>I Niedziela Adwentu &#8211; 29-11-2020 Og\u0142oszenia Dzi\u015b o godz.15.00 Litania do \u015bw. Matki Bo\u017cej, a potem Msza \u015bw. W tym tygodniu w liturgii Ko\u015bcio\u0142a wspominamy; we poniedzia\u0142ek &ndash; \u015bwi\u0119to \u015aw. &hellip; <a href=\"https:\/\/budy.przemyska.pl\/index.php\/2020\/11\/29\/ogloszenia-parafialne-29-listopad-2020\/\" class=\"more-link\">Czytaj dalej <span class=\"screen-reader-text\">Og\u0142oszenia parafialne 29 listopad 2020<\/span> <span class=\"meta-nav\">&rarr;<\/span><\/a><\/p>\n","protected":false},"author":1,"featured_media":0,"comment_status":"closed","ping_status":"closed","sticky":false,"template":"","format":"standard","meta":{"footnotes":""},"categories":[6,4],"tags":[],"class_list":["post-3188","post","type-post","status-publish","format-standard","hentry","category-aktualnosci","category-ogloszenia"],"_links":{"self":[{"href":"https:\/\/budy.przemyska.pl\/index.php\/wp-json\/wp\/v2\/posts\/3188","targetHints":{"allow":["GET"]}}],"collection":[{"href":"https:\/\/budy.przemyska.pl\/index.php\/wp-json\/wp\/v2\/posts"}],"about":[{"href":"https:\/\/budy.przemyska.pl\/index.php\/wp-json\/wp\/v2\/types\/post"}],"author":[{"embeddable":true,"href":"https:\/\/budy.przemyska.pl\/index.php\/wp-json\/wp\/v2\/users\/1"}],"replies":[{"embeddable":true,"href":"https:\/\/budy.przemyska.pl\/index.php\/wp-json\/wp\/v2\/comments?post=3188"}],"version-history":[{"count":0,"href":"https:\/\/budy.przemyska.pl\/index.php\/wp-json\/wp\/v2\/posts\/3188\/revisions"}],"wp:attachment":[{"href":"https:\/\/budy.przemyska.pl\/index.php\/wp-json\/wp\/v2\/media?parent=3188"}],"wp:term":[{"taxonomy":"category","embeddable":true,"href":"https:\/\/budy.przemyska.pl\/index.php\/wp-json\/wp\/v2\/categories?post=3188"},{"taxonomy":"post_tag","embeddable":true,"href":"https:\/\/budy.przemyska.pl\/index.php\/wp-json\/wp\/v2\/tags?post=3188"}],"curies":[{"name":"wp","href":"https:\/\/api.w.org\/{rel}","templated":true}]}}