{"id":3185,"date":"2020-11-21T18:20:39","date_gmt":"2020-11-21T17:20:39","guid":{"rendered":"http:\/\/www.budylancuckie.przemyska.pl\/?p=3185"},"modified":"2020-11-21T18:20:39","modified_gmt":"2020-11-21T17:20:39","slug":"ogloszenia-parafialne-22-listopad-2020","status":"publish","type":"post","link":"https:\/\/budy.przemyska.pl\/index.php\/2020\/11\/21\/ogloszenia-parafialne-22-listopad-2020\/","title":{"rendered":"Og\u0142oszenia parafialne 22 listopad 2020"},"content":{"rendered":"<h2 style=\"text-align: center;\"><strong><span style=\"color: rgb(0, 0, 128);\">XXXIV Niedziela zwyk\u0142a &#8211; 22-11-2020<\/span><\/strong><\/h2>\n<h2 style=\"text-align: center;\"><strong><span style=\"color: rgb(0, 0, 128);\">Og\u0142oszenia<br \/>\n\t<\/span><\/strong><\/h2>\n<ol>\n<li>Dzi\u015b o godz.15.00 Litania do \u015bw. J&oacute;zefa, a potem Msza \u015bw. <\/li>\n<li>W tym tygodniu w liturgii Ko\u015bcio\u0142a wspominamy; we wtorek &ndash; wsp. \u015aw. Andrzeja i Towarzyszy, m\u0119czennik&oacute;w z Wietnamu.<\/li>\n<li>W czwartek Adoracja Naj\u015bwi\u0119tszego Sakramentu od godz.16.00.<\/li>\n<li>W najbli\u017csz\u0105 niedziel\u0119 rozpoczynamy tegoroczny czas Adwentu.<\/li>\n<li>Serdeczne B&oacute;g zap\u0142a\u0107 dla os&oacute;b sprz\u0105taj\u0105cych i stroj\u0105cych ko\u015bci&oacute;\u0142 oraz za ofiary sk\u0142adane na potrzeby parafii, w tym r&oacute;wnie\u017c dla pracownik&oacute;w ko\u015bcielnych.<\/li>\n<\/ol>\n<h3 style=\"text-align: center;\"><strong><span style=\"color: rgb(0, 0, 128);\">Intencje mszalne<\/span><\/strong><\/h3>\n<h4 style=\"text-align: center;\"><strong><span style=\"color: rgb(0, 0, 128);\">od 23 listopada 2020 do 29 listopada 2020<\/span><\/strong><\/h4>\n<h4><strong><br \/>\n\tGdyby zbyt d\u0142ugi czas nie by\u0142a og\u0142oszona zam&oacute;wiona intencja mszalna &ndash; prosimy o zg\u0142oszenie tego kap\u0142anowi.&nbsp; Zam&oacute;wiona intencja nie mo\u017ce zgin\u0105\u0107.<br \/>\n\t<\/strong><\/h4>\n<p><u><strong>Poniedzia\u0142ek &#8211; 23 listopad<\/strong><\/u><br \/>\n\t1. + Stefan Socha (greg.) <br \/>\n\t2. + Zofia Blok &ndash; od synowej Bo\u017ceny <br \/>\n\t3. + Stanis\u0142aw Porebny &ndash; 1 rocznica \u015bmierci<\/p>\n<p><u><strong>Wtorek &#8211; 24 listopad<br \/>\n\t<\/strong><\/u>1. + Stefan Socha (greg.)<br \/>\n\t2. + Sebastian Zamorski &ndash; od Pani Wychowawczyni oraz koleg&oacute;w i kole\u017canek ze Szko\u0142y Podstawowej<br \/>\n\t3. + Stanis\u0142aw Kochman &ndash; od chrze\u015bniaka Mariusza<\/p>\n<p><u><strong>\u015aroda &#8211; 25 listopad<\/strong><\/u><br \/>\n\t1. + Stefan Socha (greg.);<br \/>\n\t2. + Zofia i Franciszek Dyrda<br \/>\n\t3. ++ Tadeusz Nowak i dziadkowie; Maria i Wojciech<\/p>\n<p><u><strong>Czwartek &#8211; 26 listopad<\/strong><\/u><br \/>\n\t1. + Stefan Socha (greg.) <br \/>\n\t2. + Zofia i Florian Pelc <br \/>\n\t3. + Bronis\u0142awa Bartnik &ndash; od s\u0105siad&oacute;w Rupar&oacute;w<\/p>\n<p>\t<u><strong>Pi\u0105tek &#8211; 27 listopad<\/strong><\/u><br \/>\n\t1. + Stefan Socha (greg.)<br \/>\n\t2. O zdrowie, b\u0142og. Bo\u017ce i opiek\u0119 Matki Bo\u017cej dla Konrada w 18 urodziny<br \/>\n\t3. + Maria, Micha\u0142 Wacnik <\/p>\n<p><u><strong>Sobota &#8211; 28 listopad<\/strong><\/u><br \/>\n\t1. + Stefan Socha (greg.) <br \/>\n\t2. + Zofia Skiba &ndash; 1 rocznica \u015bmierci <br \/>\n\t3. + Jacek Chudzik &ndash; od Pani Wychowawczyni i koleg&oacute;w i kole\u017canek ze Szko\u0142y Podstawowej<\/p>\n<p><u><strong>Niedziela &#8211; 29 listopad<\/strong><\/u><br \/>\n\t6.30 + Ryszard Nykiel, J&oacute;zef Bar i zmarli z rodziny <br \/>\n\t8.00 + Sebastian Zamorski &ndash; od Pani Wychowawczyni oraz koleg&oacute;w i kole\u017canek ze Szko\u0142y Podstawowej <br \/>\n\t10.30 Za parafian; <br \/>\n\t15.00 + Stefan Socha (greg.);<\/p>\n<h3 style=\"text-align: center;\"><strong><strong><span style=\"color: rgb(0, 0, 128);\">Modlitw\u0119 r&oacute;\u017ca\u0144cow\u0105 prowadz\u0105<br \/>\n\t<\/span><\/strong><\/strong><\/h3>\n<p>23. Pn. R&oacute;\u017ca Matki Bo\u017cej R&oacute;\u017ca\u0144cowej &ndash; (Zofia \u015awizdor)<br \/>\n\t24. Wt. R&oacute;\u017ca Matki Bo\u017cej Szkaplerznej &ndash; (Maria K\u0142os)<br \/>\n\t25. \u015ar. R&oacute;\u017ca \u015aw. Stanis\u0142awa Biskupa &ndash; (Franciszek Bartnik)<br \/>\n\t26. Cz. R&oacute;\u017ca \u015aw. Teresy od Dzieci\u0105tka Jezus &ndash; (Dorota Dzierga)<br \/>\n\t27. Pt. KSM<br \/>\n\t28. Sb. R&oacute;\u017ca \u015aw. Teresy Wielkiej &ndash; (Zofia Wierzbicka)<br \/>\n\t29. Nd. R&oacute;\u017ca \u015aw. Tomasza Aposto\u0142a &ndash; (Stanis\u0142aw \u015alimak)<\/p>\n<p><strong>Wyznaczona R&oacute;\u017ca jest proszona o prowadzenie modlitwy r&oacute;\u017ca\u0144cowej. <br \/>\n\t<\/strong><\/p>\n","protected":false},"excerpt":{"rendered":"<p>XXXIV Niedziela zwyk\u0142a &#8211; 22-11-2020 Og\u0142oszenia Dzi\u015b o godz.15.00 Litania do \u015bw. J&oacute;zefa, a potem Msza \u015bw. W tym tygodniu w liturgii Ko\u015bcio\u0142a wspominamy; we wtorek &ndash; wsp. \u015aw. Andrzeja &hellip; <a href=\"https:\/\/budy.przemyska.pl\/index.php\/2020\/11\/21\/ogloszenia-parafialne-22-listopad-2020\/\" class=\"more-link\">Czytaj dalej <span class=\"screen-reader-text\">Og\u0142oszenia parafialne 22 listopad 2020<\/span> <span class=\"meta-nav\">&rarr;<\/span><\/a><\/p>\n","protected":false},"author":1,"featured_media":0,"comment_status":"closed","ping_status":"closed","sticky":false,"template":"","format":"standard","meta":{"footnotes":""},"categories":[6,4],"tags":[],"class_list":["post-3185","post","type-post","status-publish","format-standard","hentry","category-aktualnosci","category-ogloszenia"],"_links":{"self":[{"href":"https:\/\/budy.przemyska.pl\/index.php\/wp-json\/wp\/v2\/posts\/3185","targetHints":{"allow":["GET"]}}],"collection":[{"href":"https:\/\/budy.przemyska.pl\/index.php\/wp-json\/wp\/v2\/posts"}],"about":[{"href":"https:\/\/budy.przemyska.pl\/index.php\/wp-json\/wp\/v2\/types\/post"}],"author":[{"embeddable":true,"href":"https:\/\/budy.przemyska.pl\/index.php\/wp-json\/wp\/v2\/users\/1"}],"replies":[{"embeddable":true,"href":"https:\/\/budy.przemyska.pl\/index.php\/wp-json\/wp\/v2\/comments?post=3185"}],"version-history":[{"count":0,"href":"https:\/\/budy.przemyska.pl\/index.php\/wp-json\/wp\/v2\/posts\/3185\/revisions"}],"wp:attachment":[{"href":"https:\/\/budy.przemyska.pl\/index.php\/wp-json\/wp\/v2\/media?parent=3185"}],"wp:term":[{"taxonomy":"category","embeddable":true,"href":"https:\/\/budy.przemyska.pl\/index.php\/wp-json\/wp\/v2\/categories?post=3185"},{"taxonomy":"post_tag","embeddable":true,"href":"https:\/\/budy.przemyska.pl\/index.php\/wp-json\/wp\/v2\/tags?post=3185"}],"curies":[{"name":"wp","href":"https:\/\/api.w.org\/{rel}","templated":true}]}}