{"id":3182,"date":"2020-11-14T16:07:43","date_gmt":"2020-11-14T15:07:43","guid":{"rendered":"http:\/\/www.budylancuckie.przemyska.pl\/?p=3182"},"modified":"2020-11-14T16:07:43","modified_gmt":"2020-11-14T15:07:43","slug":"ogloszenia-parafialne-15-listopad-2020","status":"publish","type":"post","link":"https:\/\/budy.przemyska.pl\/index.php\/2020\/11\/14\/ogloszenia-parafialne-15-listopad-2020\/","title":{"rendered":"Og\u0142oszenia parafialne 15 listopad 2020"},"content":{"rendered":"<h2 style=\"text-align: center;\"><strong><span style=\"color: rgb(0, 0, 128);\">XXXIII Niedziela zwyk\u0142a &#8211; 15-11-2020<\/span><\/strong><\/h2>\n<h2 style=\"text-align: center;\"><strong><span style=\"color: rgb(0, 0, 128);\">Og\u0142oszenia<br \/>\n\t<\/span><\/strong><\/h2>\n<ol>\n<li>Dzi\u015b o godz.15.00 Nabo\u017ce\u0144stwo do Mi\u0142osierdzia Bo\u017cego, a po nim Msza \u015bw. <\/li>\n<li>W tym tygodniu w liturgii Ko\u015bcio\u0142a wspominamy; we wtorek &ndash; wsp. \u015bw. El\u017cbiety W\u0119gierskiej, w \u015brod\u0119 &ndash; wsp. b\u0142. Karoliny K&oacute;zk&oacute;wny, w pi\u0105tek &ndash; wsp. \u015bw. Rafa\u0142a Kalinowskiego, w sobot\u0119 &ndash; wsp. Ofiarowania NMP.<\/li>\n<li>W czwartek Adoracja Naj\u015bwi\u0119tszego Sakramentu od godz.16.00.<\/li>\n<li>W najbli\u017csz\u0105 niedziel\u0119 Uroczysto\u015b\u0107 Jezusa Chrystusa Kr&oacute;la Wszech\u015bwiata &ndash; ostatnia niedziela roku liturgicznego.<\/li>\n<li>Przypominamy, \u017ce poprzez stron\u0119 internetow\u0105 naszej parafii, istnieje mo\u017cliwo\u015b\u0107 uczestnictwa we wszystkich Nabo\u017ce\u0144stwach odprawianych w naszym ko\u015bciele. <\/li>\n<li>Serdeczne B&oacute;g zap\u0142a\u0107 dla os&oacute;b sprz\u0105taj\u0105cych i stroj\u0105cych ko\u015bci&oacute;\u0142 oraz za ofiary sk\u0142adane na potrzeby parafii, w tym r&oacute;wnie\u017c dla pracownik&oacute;w ko\u015bcielnych.<\/li>\n<\/ol>\n<h3 style=\"text-align: center;\"><strong><span style=\"color: rgb(0, 0, 128);\">Intencje mszalne<\/span><\/strong><\/h3>\n<h4 style=\"text-align: center;\"><strong><span style=\"color: rgb(0, 0, 128);\">od 16 listopada 2020 do 22 listopada 2020<\/span><\/strong><\/h4>\n<h4><strong><br \/>\n\tGdyby zbyt d\u0142ugi czas nie by\u0142a og\u0142oszona zam&oacute;wiona intencja mszalna &ndash; prosimy o zg\u0142oszenie tego kap\u0142anowi.&nbsp; Zam&oacute;wiona intencja nie mo\u017ce zgin\u0105\u0107.<br \/>\n\t<\/strong><\/h4>\n<p><u><strong>Poniedzia\u0142ek &#8211; 16 listopad<\/strong><\/u><br \/>\n\t1. + Stefan Socha (greg.) <br \/>\n\t2. + Franciszek Bia\u0142y <br \/>\n\t3. + Jan, Zofia Wilk<\/p>\n<p><u><strong>Wtorek &#8211; 17 listopad<br \/>\n\t<\/strong><\/u>1. + Stefan Socha (greg.)<br \/>\n\t2. + Stanis\u0142awa, Stanis\u0142aw Por\u0119bny, Maria Boro\u0144, Antonina, J&oacute;zef Kojder<br \/>\n\t3. + Jerzy Kie\u0142b &ndash; od rodziny Nawrot&oacute;w<\/p>\n<p><u><strong>\u015aroda &#8211; 18 listopad<\/strong><\/u><br \/>\n\t1. + Stefan Socha (greg.);<br \/>\n\t2. + Wies\u0142aw i Zdzis\u0142aw Dyrda<br \/>\n\t3. + Stanis\u0142aw, W\u0142adys\u0142aw Kojder<\/p>\n<p><u><strong>Czwartek &#8211; 19 listopad<\/strong><\/u><br \/>\n\t1. + Stefan Socha (greg.) <br \/>\n\t2. O zdrowie dla Czes\u0142awy Kubis <br \/>\n\t3. + Jan Kurek &ndash; od \u017cony<\/p>\n<p>\t<u><strong>Pi\u0105tek &#8211; 20 listopad<\/strong><\/u><br \/>\n\t1. + Stefan Socha (greg.)<br \/>\n\t2. + J&oacute;zef Bar oraz Waleria i Stanis\u0142aw Benedyk <br \/>\n\t3. + J&oacute;zef W\u0119grzyn w 10 r. \u015bm. &ndash; od wnuczki Magdy z rodz. <\/p>\n<p><u><strong>Sobota &#8211; 21 listopad<\/strong><\/u><br \/>\n\t1. + Stefan Socha (greg.) <br \/>\n\t2. O zdrowie i b\u0142og. Bo\u017ce dla Tomasza i jego rodziny <br \/>\n\t3. O \u0142ask\u0119 zdrowia dla Marii Gurak<\/p>\n<p><u><strong>Niedziela &#8211; 22 listopad<\/strong><\/u><br \/>\n\t6.30 + Maria Baj &ndash; od W\u0142adys\u0142awa Rydzik <br \/>\n\t8.00 + Stefan Socha (greg.); <br \/>\n\t10.30 Za parafian; <br \/>\n\t15.00 + W\u0142adys\u0142aw, Stefania W\u0119grzyn<\/p>\n<h3 style=\"text-align: center;\"><strong><strong><span style=\"color: rgb(0, 0, 128);\">Modlitw\u0119 r&oacute;\u017ca\u0144cow\u0105 prowadz\u0105<br \/>\n\t<\/span><\/strong><\/strong><\/h3>\n<p>19. Cz. R&oacute;\u017ca \u015aw. Marii Goretti &ndash; (El\u017cbieta Kukulska)<br \/>\n\t20. Pt. KSM<br \/>\n\t21. Sb. R&oacute;\u017ca \u015aw. Marty &ndash; (Czes\u0142awa Por\u0119bna)<br \/>\n\t22. Nd. R&oacute;\u017ca Matki Bo\u017cej Bolesnej &ndash; (Genowefa Bartnik)<\/p>\n<p><strong>Wyznaczona R&oacute;\u017ca jest proszona o prowadzenie modlitwy r&oacute;\u017ca\u0144cowej. <br \/>\n\t<\/strong><\/p>\n","protected":false},"excerpt":{"rendered":"<p>XXXIII Niedziela zwyk\u0142a &#8211; 15-11-2020 Og\u0142oszenia Dzi\u015b o godz.15.00 Nabo\u017ce\u0144stwo do Mi\u0142osierdzia Bo\u017cego, a po nim Msza \u015bw. W tym tygodniu w liturgii Ko\u015bcio\u0142a wspominamy; we wtorek &ndash; wsp. \u015bw. &hellip; <a href=\"https:\/\/budy.przemyska.pl\/index.php\/2020\/11\/14\/ogloszenia-parafialne-15-listopad-2020\/\" class=\"more-link\">Czytaj dalej <span class=\"screen-reader-text\">Og\u0142oszenia parafialne 15 listopad 2020<\/span> <span class=\"meta-nav\">&rarr;<\/span><\/a><\/p>\n","protected":false},"author":1,"featured_media":0,"comment_status":"closed","ping_status":"closed","sticky":false,"template":"","format":"standard","meta":{"footnotes":""},"categories":[6,4],"tags":[],"class_list":["post-3182","post","type-post","status-publish","format-standard","hentry","category-aktualnosci","category-ogloszenia"],"_links":{"self":[{"href":"https:\/\/budy.przemyska.pl\/index.php\/wp-json\/wp\/v2\/posts\/3182","targetHints":{"allow":["GET"]}}],"collection":[{"href":"https:\/\/budy.przemyska.pl\/index.php\/wp-json\/wp\/v2\/posts"}],"about":[{"href":"https:\/\/budy.przemyska.pl\/index.php\/wp-json\/wp\/v2\/types\/post"}],"author":[{"embeddable":true,"href":"https:\/\/budy.przemyska.pl\/index.php\/wp-json\/wp\/v2\/users\/1"}],"replies":[{"embeddable":true,"href":"https:\/\/budy.przemyska.pl\/index.php\/wp-json\/wp\/v2\/comments?post=3182"}],"version-history":[{"count":0,"href":"https:\/\/budy.przemyska.pl\/index.php\/wp-json\/wp\/v2\/posts\/3182\/revisions"}],"wp:attachment":[{"href":"https:\/\/budy.przemyska.pl\/index.php\/wp-json\/wp\/v2\/media?parent=3182"}],"wp:term":[{"taxonomy":"category","embeddable":true,"href":"https:\/\/budy.przemyska.pl\/index.php\/wp-json\/wp\/v2\/categories?post=3182"},{"taxonomy":"post_tag","embeddable":true,"href":"https:\/\/budy.przemyska.pl\/index.php\/wp-json\/wp\/v2\/tags?post=3182"}],"curies":[{"name":"wp","href":"https:\/\/api.w.org\/{rel}","templated":true}]}}