{"id":3179,"date":"2020-11-07T15:31:10","date_gmt":"2020-11-07T14:31:10","guid":{"rendered":"http:\/\/www.budylancuckie.przemyska.pl\/?p=3179"},"modified":"2020-11-07T15:31:10","modified_gmt":"2020-11-07T14:31:10","slug":"ogloszenia-parafialne-8-listopad-2020","status":"publish","type":"post","link":"https:\/\/budy.przemyska.pl\/index.php\/2020\/11\/07\/ogloszenia-parafialne-8-listopad-2020\/","title":{"rendered":"Og\u0142oszenia parafialne 8 listopad 2020"},"content":{"rendered":"<h2 style=\"text-align: center;\"><strong><span style=\"color: rgb(0, 0, 128);\">XXXII Niedziela zwyk\u0142a &#8211; 8-11-2020<\/span><\/strong><\/h2>\n<h2 style=\"text-align: center;\"><strong><span style=\"color: rgb(0, 0, 128);\">Og\u0142oszenia<br \/>\n\t<\/span><\/strong><\/h2>\n<ol>\n<li>Dzi\u015b o godz.15.00 Nabo\u017ce\u0144stwo r&oacute;\u017ca\u0144cowe, a po nim Msza \u015bw.<\/li>\n<li>Codzienny r&oacute;\u017caniec z wypominkami za zmar\u0142ych o godz.16.30.<\/li>\n<li>W tym tygodniu w liturgii Ko\u015bcio\u0142a wspominamy; w poniedzia\u0142ek &ndash; \u015awi\u0119to rocznicy po\u015bwi\u0119cenia Bazyliki Latera\u0144skiej, we wtorek &ndash; wspomnienie \u015bw. Leona Wielkiego, w \u015brod\u0119 &ndash; \u015aw. Marcina z Tours, w czwartek &ndash; wspomnienie \u015bw. Jozafata, w pi\u0105tek &ndash; wspomnienie \u015bwi\u0119tych Pi\u0119ciu Pierwszych Polskich M\u0119czennik&oacute;w.<\/li>\n<li>W \u015brod\u0119 przypada 102 rocznica odzyskania Niepodleg\u0142o\u015bci. Modlimy si\u0119 w intencji naszej Ojczyzny.<\/li>\n<li>W tym szczeg&oacute;lnym czasie epidemii chciejmy podejmowa\u0107 wsp&oacute;ln\u0105 modlitw\u0119 w naszych rodzinach. Modlitwa zawsze b\u0119dzie jednoczy\u0107 ca\u0142\u0105 rodzin\u0119! Dobr\u0105 rad\u0105 niech te\u017c b\u0119dzie lektura ksi\u0105\u017cek i czasopism religijnych, tak aby, ugruntowa\u0107 nasz\u0105 wiar\u0119 i zdoby\u0107 potrzebn\u0105 wiedz\u0119, by w czasie r&oacute;wnie\u017c zam\u0119tu i naporu r&oacute;\u017cnych ideologii, umie\u0107 obroni\u0107 w\u0142asne warto\u015bci.<\/li>\n<li>W tych dniach listopadowych pami\u0119tajmy szczeg&oacute;lnie o naszych zmar\u0142ych. Chciejmy poprzez zyskiwane odpusty, modlitw\u0119 i nasze dobre czyny ofiarowane w ich intencji, wyprasza\u0107 im \u0142ask\u0119 zbawienia wiecznego.<\/li>\n<li>Tak, jak zapewne s\u0142yszeli\u015bmy, wprowadzono nowe obostrzenia w zwi\u0105zku z nasilaj\u0105c\u0105 si\u0119 epidemi\u0105. Limit uczestnictwa w nabo\u017ce\u0144stwach to jedna osoba na 15 m2. Zach\u0119camy do zachowania w\u0142a\u015bciwego dystansu w ko\u015bciele \/czasem prz&oacute;d ko\u015bcio\u0142a jest pusty\/, zak\u0142adania maseczek i stosowania dezynfekcji.<\/li>\n<li>Zach\u0119camy r&oacute;wnie\u017c do osobistej modlitwy w naszej \u015bwi\u0105tyni. Codziennie od godz. 9.00 do wieczornej Mszy \u015bw. ko\u015bci&oacute;\u0142 b\u0119dzie otwarty, tak aby, m&oacute;c si\u0119 pomodli\u0107 przed Naj\u015bwi\u0119tszym Sakramentem. Jednak\u017ce wej\u015bcie do ko\u015bcio\u0142a b\u0119dzie od strony zakrystii, poprzez \u0142\u0105cznik okalaj\u0105cy prezbiterium i drug\u0105 zakrysti\u0119. Ca\u0142y czas w\u0142\u0105czona jest r&oacute;wnie\u017c nasza kamerka, tak \u017ce, poprzez nasz\u0105 parafialn\u0105 stron\u0119 internetow\u0105 mo\u017cemy uczestniczy\u0107 we wszystkich nabo\u017ce\u0144stwach odprawianych w naszym ko\u015bciele.<\/li>\n<li>Serdeczne B&oacute;g zap\u0142a\u0107 dla os&oacute;b sprz\u0105taj\u0105cych i stroj\u0105cych ko\u015bci&oacute;\u0142 oraz za ofiary sk\u0142adane na potrzeby parafii, w tym r&oacute;wnie\u017c dla pracownik&oacute;w ko\u015bcielnych.<\/li>\n<\/ol>\n<h3 style=\"text-align: center;\"><strong><span style=\"color: rgb(0, 0, 128);\">Intencje mszalne<\/span><\/strong><\/h3>\n<h4 style=\"text-align: center;\"><strong><span style=\"color: rgb(0, 0, 128);\">od 9 listopada 2020 do 15 listopada 2020<\/span><\/strong><\/h4>\n<h4><strong><br \/>\n\tGdyby zbyt d\u0142ugi czas nie by\u0142a og\u0142oszona zam&oacute;wiona intencja mszalna &ndash; prosimy o zg\u0142oszenie tego kap\u0142anowi.&nbsp; Zam&oacute;wiona intencja nie mo\u017ce zgin\u0105\u0107.<br \/>\n\t<\/strong><\/h4>\n<p><u><strong>Poniedzia\u0142ek &#8211; 9 listopad<\/strong><\/u><br \/>\n\t1. + Stefan Socha (greg.); <br \/>\n\t2. + Antoni Golak &ndash; w rocznic\u0119 \u015bmierci; <br \/>\n\t3. Za dusze w czy\u015b\u0107cu cierpi\u0105ce<\/p>\n<p><u><strong>Wtorek &#8211; 10 listopad<br \/>\n\t<\/strong><\/u>1. + Stefan Socha (greg.);<br \/>\n\t2. + Jacek Chudzik &ndash; od Magdaleny i Bartosza Hodur ;<br \/>\n\t3. + Jan Gog&oacute;j, W\u0142adys\u0142aw Cebulak i zmarli z rodziny;<\/p>\n<p><u><strong>\u015aroda &#8211; 11 listopad<\/strong><\/u><br \/>\n\t1. + Stefan Socha (greg.);<br \/>\n\t2. + Anna i W\u0142adys\u0142aw Harpula &ndash; od rodziny Gamracy;<br \/>\n\t3. + Stanis\u0142aw, Magdalena, Arkadiusz Sanok;<\/p>\n<p><u><strong>Czwartek &#8211; 12 listopad<\/strong><\/u><br \/>\n\t1. + Stefan Socha (greg.); <br \/>\n\t2. + Piotr Wojtyna &ndash; rocznica \u015bmierci; <br \/>\n\t3. + Maria, Tadeusz Kojder &ndash; od kuzynki;<\/p>\n<p>\t<u><strong>Pi\u0105tek &#8211; 13 listopad<\/strong><\/u><br \/>\n\t1. + Stefan Socha (greg.);<br \/>\n\t2. + Barbara Ko\u0142cz &ndash; od kolegi Andrzeja; <br \/>\n\t3. + Maria Baj &ndash; od W\u0142adys\u0142awa Rydzik;<\/p>\n<p><u><strong>Sobota &#8211; 14 listopad<\/strong><\/u><br \/>\n\t1. + Stefan Socha (greg.); <br \/>\n\t2. + Janina Mi\u015b;<br \/>\n\t3. + Henryk \u015amia\u0142ek &ndash; od s\u0105siad&oacute;w;<\/p>\n<p><u><strong>Niedziela &#8211; 15 listopad<\/strong><\/u><br \/>\n\t6.30 + Maria, Franciszek Bartnik; <br \/>\n\t8.00 + Agata Por\u0119bna, Andrzej Por\u0119bny, Marian Podsiadlik;<br \/>\n\t10.30 Za parafian; <br \/>\n\t15.00 + Stefan Socha (greg.);<\/p>\n<h3 style=\"text-align: center;\"><strong><strong><span style=\"color: rgb(0, 0, 128);\">Modlitw\u0119 r&oacute;\u017ca\u0144cow\u0105 prowadz\u0105<br \/>\n\t<\/span><\/strong><\/strong><\/h3>\n<p>15. Nd. R&oacute;\u017ca \u015aw. Marii Magdaleny &#8211; (Janina Rachwa\u0142)<\/p>\n<p><strong>Wyznaczona R&oacute;\u017ca jest proszona o prowadzenie modlitwy r&oacute;\u017ca\u0144cowej. <br \/>\n\t<\/strong><\/p>\n","protected":false},"excerpt":{"rendered":"<p>XXXII Niedziela zwyk\u0142a &#8211; 8-11-2020 Og\u0142oszenia Dzi\u015b o godz.15.00 Nabo\u017ce\u0144stwo r&oacute;\u017ca\u0144cowe, a po nim Msza \u015bw. Codzienny r&oacute;\u017caniec z wypominkami za zmar\u0142ych o godz.16.30. W tym tygodniu w liturgii Ko\u015bcio\u0142a &hellip; <a href=\"https:\/\/budy.przemyska.pl\/index.php\/2020\/11\/07\/ogloszenia-parafialne-8-listopad-2020\/\" class=\"more-link\">Czytaj dalej <span class=\"screen-reader-text\">Og\u0142oszenia parafialne 8 listopad 2020<\/span> <span class=\"meta-nav\">&rarr;<\/span><\/a><\/p>\n","protected":false},"author":1,"featured_media":0,"comment_status":"closed","ping_status":"closed","sticky":false,"template":"","format":"standard","meta":{"footnotes":""},"categories":[6,4],"tags":[],"class_list":["post-3179","post","type-post","status-publish","format-standard","hentry","category-aktualnosci","category-ogloszenia"],"_links":{"self":[{"href":"https:\/\/budy.przemyska.pl\/index.php\/wp-json\/wp\/v2\/posts\/3179","targetHints":{"allow":["GET"]}}],"collection":[{"href":"https:\/\/budy.przemyska.pl\/index.php\/wp-json\/wp\/v2\/posts"}],"about":[{"href":"https:\/\/budy.przemyska.pl\/index.php\/wp-json\/wp\/v2\/types\/post"}],"author":[{"embeddable":true,"href":"https:\/\/budy.przemyska.pl\/index.php\/wp-json\/wp\/v2\/users\/1"}],"replies":[{"embeddable":true,"href":"https:\/\/budy.przemyska.pl\/index.php\/wp-json\/wp\/v2\/comments?post=3179"}],"version-history":[{"count":0,"href":"https:\/\/budy.przemyska.pl\/index.php\/wp-json\/wp\/v2\/posts\/3179\/revisions"}],"wp:attachment":[{"href":"https:\/\/budy.przemyska.pl\/index.php\/wp-json\/wp\/v2\/media?parent=3179"}],"wp:term":[{"taxonomy":"category","embeddable":true,"href":"https:\/\/budy.przemyska.pl\/index.php\/wp-json\/wp\/v2\/categories?post=3179"},{"taxonomy":"post_tag","embeddable":true,"href":"https:\/\/budy.przemyska.pl\/index.php\/wp-json\/wp\/v2\/tags?post=3179"}],"curies":[{"name":"wp","href":"https:\/\/api.w.org\/{rel}","templated":true}]}}