{"id":3177,"date":"2020-10-31T15:05:36","date_gmt":"2020-10-31T14:05:36","guid":{"rendered":"http:\/\/www.budylancuckie.przemyska.pl\/?p=3177"},"modified":"2020-10-31T15:05:36","modified_gmt":"2020-10-31T14:05:36","slug":"ogloszenia-parafialne-1-listopad-2020","status":"publish","type":"post","link":"https:\/\/budy.przemyska.pl\/index.php\/2020\/10\/31\/ogloszenia-parafialne-1-listopad-2020\/","title":{"rendered":"Og\u0142oszenia parafialne 1 listopad 2020"},"content":{"rendered":"<h2 style=\"text-align: center;\"><strong><span style=\"color: rgb(0, 0, 128);\">XXXI Niedziela zwyk\u0142a &#8211; Uroczysto\u015b\u0107 Wszystkich \u015awi\u0119tych &#8211; 1-11-2020<\/span><\/strong><\/h2>\n<h2 style=\"text-align: center;\"><strong><span style=\"color: rgb(0, 0, 128);\">Og\u0142oszenia<br \/>\n\t<\/span><\/strong><\/h2>\n<ol>\n<li>Dzi\u015b o godz.14.00 Nieszpory za zmar\u0142ych, po nich procesja wewn\u0105trz ko\u015bcio\u0142a z modlitw\u0105 za zmar\u0142ych a na zako\u0144czenie Msza \u015bw. <\/li>\n<li>W Dzie\u0144 Zaduszny, Msze \u015bw. o godz. 6.30, 7.00 oraz o 16.00. O godz. 15.00 Nieszpory za zmar\u0142ych i procesja wewn\u0105trz ko\u015bcio\u0142a z wypominkami.<\/li>\n<li>W tym tygodniu &#8211; I czwartek, I pi\u0105tek i I sobota miesi\u0105ca.<\/li>\n<li>W I czwartek w naszej parafii wypada Adoracja Naj\u015bwi\u0119tszego Sakramentu w intencji usilnej modlitwy o powo\u0142ania i za powo\u0142anych do s\u0142u\u017cby Bo\u017cej. <br \/>\n\t\tO godz. 8.00 &#8211; Msza \u015bw., a po niej wystawienie Naj\u015bwi\u0119tszego Sakramentu a\u017c do wieczornej Mszy \u015bw. Przez ca\u0142y ten czas mo\u017cliwo\u015b\u0107 Adoracji Pana Jezusa. Prosimy o w\u0142\u0105czenie si\u0119 do Adoracji cz\u0142onk&oacute;w wszystkich grup parafialnych. Porz\u0105dek Adoracji zamieszczony jest na listach przy wej\u015bciu do ko\u015bcio\u0142a i w gablocie oraz w dalszej cz\u0119\u015bci og\u0142osze\u0144.<\/li>\n<li>W I pi\u0105tek czcimy Naj\u015bwi\u0119tsze Serce Pana Jezusa. Rano Msza \u015bw. o godz. 6.45, wieczorem za\u015b o godz.17.00. Ze wzgl\u0119du na rozw&oacute;j epidemii, odwiedzimy tylko tych chorych, kt&oacute;rzy &ndash; poprzez swoich bliskich &#8211; potwierdz\u0105 tak\u0105 mo\u017cliwo\u015b\u0107.<\/li>\n<li>W I sobot\u0119 czcimy Niepokalane Serce NMP. O godz. 17.00 Msza \u015bw., po niej nabo\u017ce\u0144stwo r&oacute;\u017ca\u0144cowe, procesja z figur\u0105 Matki Bo\u017cej Fatimskiej wewn\u0105trz ko\u015bcio\u0142a i zmiana tajemnic r&oacute;\u017ca\u0144cowych.<\/li>\n<li>W tych dniach listopadowych w spos&oacute;b szczeg&oacute;lny modlimy si\u0119 za zmar\u0142ych ofiaruj\u0105c w ich intencji r&oacute;wnie\u017c zyskiwane odpusty. Codziennie, godzin\u0119 przed Msz\u0105 \u015bw. mo\u017cemy skorzysta\u0107 z sakramentu pojednania, by m&oacute;c w ich intencji przyj\u0105\u0107 Komuni\u0119 \u015bw .i odm&oacute;wi\u0107 przepisane modlitwy. R&oacute;\u017caniec wypominkowy b\u0119dziemy odmawia\u0107 o godz. 16.30.&nbsp;<\/li>\n<li>Serdeczne B&oacute;g zap\u0142a\u0107 dla os&oacute;b sprz\u0105taj\u0105cych i stroj\u0105cych ko\u015bci&oacute;\u0142 oraz za ofiary sk\u0142adane na potrzeby parafii, w tym r&oacute;wnie\u017c dla pracownik&oacute;w ko\u015bcielnych.<\/li>\n<\/ol>\n<h3 style=\"text-align: center;\"><strong><span style=\"color: rgb(0, 0, 128);\">Intencje mszalne<\/span><\/strong><\/h3>\n<h4 style=\"text-align: center;\"><strong><span style=\"color: rgb(0, 0, 128);\">od 2 listopada 2020 do 8 listopada 2020<\/span><\/strong><\/h4>\n<h4><strong><br \/>\n\tGdyby zbyt d\u0142ugi czas nie by\u0142a og\u0142oszona zam&oacute;wiona intencja mszalna &ndash; prosimy o zg\u0142oszenie tego kap\u0142anowi.&nbsp; Zam&oacute;wiona intencja nie mo\u017ce zgin\u0105\u0107.<br \/>\n\t<\/strong><\/h4>\n<p><u><strong>Poniedzia\u0142ek &#8211; 2 listopad<\/strong><\/u><br \/>\n\t6.30. <br \/>\n\t&nbsp;&nbsp;&nbsp; 1. + Stefan Socha (greg.); <br \/>\n\t&nbsp;&nbsp;&nbsp; 2. Za wszystkich wiernych zmar\u0142ych; <br \/>\n\t&nbsp;&nbsp;&nbsp; 3. Wed\u0142ug intencji Ojca \u015bw.<br \/>\n\t7.00. <br \/>\n\t&nbsp;&nbsp;&nbsp; 1. Wed\u0142ug intencji Ojca \u015bw.; <br \/>\n\t&nbsp;&nbsp;&nbsp; 2. + Micha\u0142 Wikiera, Zofia i Jan Niemiec; <br \/>\n\t&nbsp;&nbsp;&nbsp; 3. Za wszystkich wiernych zmar\u0142ych;<br \/>\n\t16.00. <br \/>\n\t&nbsp;&nbsp;&nbsp; 1. Za wszystkich wiernych zmar\u0142ych; <br \/>\n\t&nbsp;&nbsp;&nbsp; 2. Wed\u0142ug intencji Ojca \u015bw.; <br \/>\n\t&nbsp;&nbsp;&nbsp; 3. Za zmar\u0142ych z wypominek;<\/p>\n<p><u><strong>Wtorek &#8211; 3 listopad<br \/>\n\t<\/strong><\/u>1. + Stefan Socha (greg.);<br \/>\n\t2. + Stanis\u0142aw, Magdalena, Stefan Kojder oraz ++ z rodziny ;<br \/>\n\t3. + Maria, Tadeusz Kojder &ndash; od kuzynki;<\/p>\n<p><u><strong>\u015aroda &#8211; 4 listopad<\/strong><\/u><br \/>\n\t1. + Stefan Socha (greg.);<br \/>\n\t2. + Ignacy Lasek i jego rodzice;<br \/>\n\t3. + Paulina Pelc &ndash; od c&oacute;rki z m\u0119\u017cem i wnuka z rodzin\u0105;<\/p>\n<p><u><strong>Czwartek &#8211; 5 listopad<\/strong><\/u><br \/>\n\t8.00. + Stefan Socha (greg.); <br \/>\n\t17.00. Za zmar\u0142ych z wypominek; <br \/>\n\t17.00. + Stanis\u0142aw Pasiak &ndash; od s\u0105siadki;<\/p>\n<p>\t<u><strong>Pi\u0105tek &#8211; 6 listopad<\/strong><\/u><br \/>\n\t6.45. + Stefan Socha (greg.);<br \/>\n\t17.00. + Weronika i Tadeusz Poli\u0144scy; <br \/>\n\t17.00. + Agata, Krystyna, Zbigniew Kie\u0142b; <\/p>\n<p><u><strong>Sobota &#8211; 7 listopad<\/strong><\/u><br \/>\n\t1. + Stefan Socha (greg.); <br \/>\n\t2. + Franciszek Bosak &ndash; w rocznic\u0119 \u015bmierci;<br \/>\n\t3. O zdrowie i b\u0142og. Bo\u017ce dla rodziny Marzeny i Grzegorza \u015alimak&oacute;w;<\/p>\n<p><u><strong>Niedziela &#8211; 8 listopad<\/strong><\/u><br \/>\n\t6.30 Za zmar\u0142ych z wypominek; <br \/>\n\t8.00 + J&oacute;zef Kania;<br \/>\n\t10.30 O zdrowie i b\u0142og. Bo\u017ce dla Wies\u0142awy i Jerzego Pi&oacute;ro;<br \/>\n\t10.30 Za parafian; <br \/>\n\t15.00 + Stefan Socha (greg.);<\/p>\n<h3 style=\"text-align: center;\"><strong><strong><span style=\"color: rgb(0, 0, 128);\">Modlitw\u0119 r&oacute;\u017ca\u0144cow\u0105 prowadz\u0105<br \/>\n\t<\/span><\/strong><\/strong><\/h3>\n<p>05. Czw. Dzie\u0142o Pomocy Powo\u0142aniom &#8211; (Anna Szular)<br \/>\n\t08. Nd. R&oacute;\u017ca \u015aw. Klary &#8211; (Teresa G\u0142owiak)<\/p>\n<p><strong>Wyznaczona R&oacute;\u017ca jest proszona o prowadzenie modlitwy r&oacute;\u017ca\u0144cowej. <br \/>\n\t<\/strong><\/p>\n<h3 style=\"text-align: center;\"><strong><strong><span style=\"color: rgb(0, 0, 128);\">ADORACJA NAJ\u015aWI\u0118TSZEGO SAKRAMENTU <br \/>\n\tW CZWARTEK &#8211; 05.11.2020 r. <br \/>\n\tR&Oacute;\u017bE R&Oacute;\u017bA\u0143COWE<br \/>\n\t<\/span><\/strong><\/strong><\/h3>\n<p>08.00 &ndash; Msza \u015bw. \/rozpocz\u0119cie\/<br \/>\n\t08.30 &#8211; 09.30 &ndash; R&oacute;\u017ca \u015bw. Agaty, \u015bw. Stanis\u0142awa Biskupa i \u015bw. Tomasza Aposto\u0142a<br \/>\n\t09.30 &ndash; 10.30 &ndash; R&oacute;\u017ca \u015bw. Heleny, \u015bw. Teresy od Dzieci\u0105tka Jezus i \u015bw. Cecylii <br \/>\n\t10.30 &ndash; 11.30 &#8211; R&oacute;\u017ca \u015bw. Marii Goretti, i \u015bw. Marii Magdaleny, \u015bw. Agnieszki<br \/>\n\t11.30 &ndash; 12.30 &#8211; R&oacute;\u017ca \u015bw. Anny, \u015bw. Andrzeja Aposto\u0142a i \u015bw. El\u017cbiety<br \/>\n\t12.30 &ndash; 13.30 &ndash; R&oacute;\u017ca \u015bw. Faustyny, \u015bw. \u015bw. Genowefy i \u015bw. Jadwigi Kr&oacute;lowej<br \/>\n\t13.30 &ndash; 14.30 &ndash; R&oacute;\u017ca \u015bw. Franciszka z Asy\u017cu, \u015bw. Jadwigi \u015al\u0105skiej, \u015bw. Katarzyny<br \/>\n\t14.30 &ndash; 15.30 &ndash; R&oacute;\u017ca \u015bw. Kingi, \u015bw. Klary i \u015bw. Marii Ma\u0142gorzaty<br \/>\n\t15.30 &ndash; 16.30 &ndash; R&oacute;\u017ca \u015bw. Marty, Matki Bo\u017cej Bolesnej i Matki Bo\u017cej R&oacute;\u017ca\u0144cowej<br \/>\n\t16.30 &ndash; 17.30 &ndash; R&oacute;\u017ca Matki Bo\u017cej Szkaplerznej, \u015bw. Teresy Wielkiej i \u015bw. Zofii<br \/>\n\t17.30 &ndash; Dzie\u0142o Pomocy Powo\u0142aniom i Akcja Katolicka<br \/>\n\t17.00 &ndash; Msza \u015bw. \/zako\u0144czenie\/<br \/>\n\t&nbsp;<\/p>\n<h3 style=\"text-align: center;\"><strong><strong><span style=\"color: rgb(0, 0, 128);\">Propozycja intencji do przekazania do odprawienia w Wy\u017cszym Seminarium Duchownym w Przemy\u015blu<br \/>\n\t<\/span><\/strong><\/strong><\/h3>\n<p>&nbsp;1. + Maria Pelc &ndash; od wnuka Grzegorza<br \/>\n\t&nbsp;2. + Barbara Ko\u0142cz &ndash; od kole\u017canek syna Damiana<br \/>\n\t&nbsp;3. + Bogdan Blok &ndash; od kole\u017canek z klasy<br \/>\n\t&nbsp;4. + Weronika Dr\u0105g &ndash; od wnuczki Patrycji z rodzin\u0105<br \/>\n\t&nbsp;5. + \u0141ucja Dzierwa &ndash; od Heleny<br \/>\n\t&nbsp;6. + Zofia Panek &ndash; od swat&oacute;w z Bia\u0142obrzeg&oacute;w<br \/>\n\t&nbsp;7. + Jan Janusz<br \/>\n\t&nbsp;8. + Tadeusz Kubis &ndash; od chrze\u015bnicy Wies\u0142awy z rodzin\u0105<br \/>\n\t&nbsp;9. + Jacek Chudzik &ndash; od rodziny \u0141uckich z \u0141a\u0144cuta<br \/>\n\t10. + Jacek Chudzik &ndash; od pracownik&oacute;w Nadle\u015bnictwa Le\u017cajsk<br \/>\n\t11. + Jacek Chudzik &ndash; od Zak\u0142adu Us\u0142ug Le\u015bnych &ndash; Mach Marek<br \/>\n\t12. + Krystyna Kruk &ndash; Od El\u017cbiety i Stanis\u0142awa Skawin&oacute;w<br \/>\n\t13. + Krystyna Kruk &ndash; od rodziny Paluch&oacute;w, Curzytk&oacute;w<br \/>\n\t14. + Bronis\u0142aw Migas &ndash; od siostrze\u0144c&oacute;w z Grodziska<br \/>\n\t15. + Bronis\u0142aw Migas &ndash; od koleg&oacute;w i kole\u017canek Patrycji z pracy<br \/>\n\t16. + Maria Babiarz &ndash; od rodziny Koniecznych z Gniewczyny Trynieckiej<br \/>\n\t17. + Kazimierz Por\u0119bny &ndash; od kolegi Zbyszka i Wacka z Por\u0119b<br \/>\n\t18. + Kazimierz Por\u0119bny &ndash; od wujka Bronis\u0142awa z Gniewczyny<br \/>\n\t19. + Paulina Pelc &ndash; od rodziny Markowicz&oacute;w i Nykl&oacute;w z Bia\u0142obrzeg&oacute;w<br \/>\n\t20. + Paulina Pelc &ndash; od Lucyny Stopyra z rodzin\u0105<br \/>\n\t21. + Zofia Brewka &ndash; od J&oacute;zefa Kojder z Grodziska<br \/>\n\t22. + Zofia Brewka &ndash; od Stanis\u0142awa Kojder z rodzin\u0105<br \/>\n\t23. + Zofia Brewka &ndash; od wnuka Przemka z rodzin\u0105<br \/>\n\t24. + Zofia Brewka &ndash; od c&oacute;rki Bogus\u0142awy z m\u0119\u017cem<br \/>\n\t25. + Stanis\u0142aw Kochman &ndash; od Heleny z dzie\u0107mi<br \/>\n\t26. + W\u0142adys\u0142aw \u015awizdor &ndash; od rodziny Olbrycht z Kosiny<br \/>\n\t27. + Krystyna Kruk &ndash; od siostrzenicy z rodzin\u0105<br \/>\n\t28. + Bogdan Blok &ndash; od uczni&oacute;w Szk. Podst. nr 1 w Budach \u0141a\u0144cuckich<br \/>\n\t29. + Jerzy Kie\u0142b &ndash; od Krzysztofa z rodzin\u0105<br \/>\n\t30. + Jerzy Kie\u0142b &ndash; od p. So\u0142tysa<br \/>\n\t&nbsp;<\/p>\n","protected":false},"excerpt":{"rendered":"<p>XXXI Niedziela zwyk\u0142a &#8211; Uroczysto\u015b\u0107 Wszystkich \u015awi\u0119tych &#8211; 1-11-2020 Og\u0142oszenia Dzi\u015b o godz.14.00 Nieszpory za zmar\u0142ych, po nich procesja wewn\u0105trz ko\u015bcio\u0142a z modlitw\u0105 za zmar\u0142ych a na zako\u0144czenie Msza \u015bw. &hellip; <a href=\"https:\/\/budy.przemyska.pl\/index.php\/2020\/10\/31\/ogloszenia-parafialne-1-listopad-2020\/\" class=\"more-link\">Czytaj dalej <span class=\"screen-reader-text\">Og\u0142oszenia parafialne 1 listopad 2020<\/span> <span class=\"meta-nav\">&rarr;<\/span><\/a><\/p>\n","protected":false},"author":1,"featured_media":0,"comment_status":"closed","ping_status":"closed","sticky":false,"template":"","format":"standard","meta":{"footnotes":""},"categories":[6,4],"tags":[],"class_list":["post-3177","post","type-post","status-publish","format-standard","hentry","category-aktualnosci","category-ogloszenia"],"_links":{"self":[{"href":"https:\/\/budy.przemyska.pl\/index.php\/wp-json\/wp\/v2\/posts\/3177","targetHints":{"allow":["GET"]}}],"collection":[{"href":"https:\/\/budy.przemyska.pl\/index.php\/wp-json\/wp\/v2\/posts"}],"about":[{"href":"https:\/\/budy.przemyska.pl\/index.php\/wp-json\/wp\/v2\/types\/post"}],"author":[{"embeddable":true,"href":"https:\/\/budy.przemyska.pl\/index.php\/wp-json\/wp\/v2\/users\/1"}],"replies":[{"embeddable":true,"href":"https:\/\/budy.przemyska.pl\/index.php\/wp-json\/wp\/v2\/comments?post=3177"}],"version-history":[{"count":0,"href":"https:\/\/budy.przemyska.pl\/index.php\/wp-json\/wp\/v2\/posts\/3177\/revisions"}],"wp:attachment":[{"href":"https:\/\/budy.przemyska.pl\/index.php\/wp-json\/wp\/v2\/media?parent=3177"}],"wp:term":[{"taxonomy":"category","embeddable":true,"href":"https:\/\/budy.przemyska.pl\/index.php\/wp-json\/wp\/v2\/categories?post=3177"},{"taxonomy":"post_tag","embeddable":true,"href":"https:\/\/budy.przemyska.pl\/index.php\/wp-json\/wp\/v2\/tags?post=3177"}],"curies":[{"name":"wp","href":"https:\/\/api.w.org\/{rel}","templated":true}]}}