{"id":3173,"date":"2020-10-24T18:00:50","date_gmt":"2020-10-24T16:00:50","guid":{"rendered":"http:\/\/www.budylancuckie.przemyska.pl\/?p=3173"},"modified":"2020-10-24T18:00:50","modified_gmt":"2020-10-24T16:00:50","slug":"ogloszenia-parafialne-25-10-2020","status":"publish","type":"post","link":"https:\/\/budy.przemyska.pl\/index.php\/2020\/10\/24\/ogloszenia-parafialne-25-10-2020\/","title":{"rendered":"Og\u0142oszenia parafialne 25-10-2020"},"content":{"rendered":"<h2 style=\"text-align: center;\"><strong><span style=\"color: rgb(0, 0, 128);\">XXX Niedziela zwyk\u0142a &#8211; 25-10-2020<\/span><\/strong><\/h2>\n<h2 style=\"text-align: center;\"><strong><span style=\"color: rgb(0, 0, 128);\">Og\u0142oszenia<br \/>\n\t<\/span><\/strong><\/h2>\n<ol>\n<li>Dzi\u015b o godz.15.00 &ndash; Nabo\u017ce\u0144stwo r&oacute;\u017ca\u0144cowe, a po nim, Msza \u015bw.<\/li>\n<li>W tym tygodniu; w \u015brod\u0119 &ndash; \u015awi\u0119to \u015bw. Aposto\u0142&oacute;w Szymona i Judy Tadeusza.<\/li>\n<li>W czwartek Adoracja Naj\u015bwi\u0119tszego Sakramentu od godz.16.00, o 16.30 &ndash; R&oacute;\u017caniec, a potem Msza \u015bw. <\/li>\n<li>W sobot\u0119 zako\u0144czenie Nabo\u017ce\u0144stw r&oacute;\u017ca\u0144cowych.<\/li>\n<li>Codziennie mo\u017cliwo\u015b\u0107 spowiedzi \u015bw. przed Msz\u0105 \u015bw. W dniach listopadowych b\u0119dziemy mieli okazj\u0119 zyskiwa\u0107 odpusty za zmar\u0142ych, zechciejmy zatem wcze\u015bniej skorzysta\u0107 z Sakramentu Pojednania.<\/li>\n<li>W najbli\u017csz\u0105 niedziel\u0119 wypada Uroczysto\u015b\u0107 Wszystkich \u015awi\u0119tych.<\/li>\n<li>Bardzo prosimy, aby porz\u0105dkuj\u0105c groby naszych bliskich, wszystkie posegregowane \u015bmieci wrzuca\u0107 wed\u0142ug wskaza\u0144 umieszczonych na tabliczkach.<\/li>\n<li>Serdeczne B&oacute;g zap\u0142a\u0107 dla os&oacute;b sprz\u0105taj\u0105cych i stroj\u0105cych ko\u015bci&oacute;\u0142 oraz za ofiary sk\u0142adane na potrzeby parafii, w tym r&oacute;wnie\u017c dla pracownik&oacute;w ko\u015bcielnych<\/li>\n<\/ol>\n<h3 style=\"text-align: center;\"><strong><span style=\"color: rgb(0, 0, 128);\">Intencje mszalne<\/span><\/strong><\/h3>\n<h4 style=\"text-align: center;\"><strong><span style=\"color: rgb(0, 0, 128);\">od 26 pa\u017adziernika 2020 do 1 listopada 2020<\/span><\/strong><\/h4>\n<h4><strong><br \/>\n\tGdyby zbyt d\u0142ugi czas nie by\u0142a og\u0142oszona zam&oacute;wiona intencja mszalna &ndash; prosimy o zg\u0142oszenie tego kap\u0142anowi.&nbsp; Zam&oacute;wiona intencja nie mo\u017ce zgin\u0105\u0107.<br \/>\n\t<\/strong><\/h4>\n<p><u><strong>Poniedzia\u0142ek &#8211; 26 pa\u017adziernik<\/strong><\/u><br \/>\n\t1. + Maria Kojder (greg.);<br \/>\n\t2. + Janina, Stanis\u0142aw Wacnik <br \/>\n\t3. + Stanis\u0142aw, Zofia Bartnik &ndash; rocznica \u015bmierci;<\/p>\n<p><u><strong>Wtorek &#8211; 27 pa\u017adziernik<br \/>\n\t<\/strong><\/u>1. + Maria Kojder (greg.);<br \/>\n\t2. + W\u0142adys\u0142aw, Agata Bartnik ;<br \/>\n\t3. + Genowefa Kie\u0142b, Janina i S. Augustyna Marek oraz zmarli z rodziny;<\/p>\n<p><u><strong>\u015aroda &#8211; 28 pa\u017adziernik<\/strong><\/u><br \/>\n\t1. + Maria Kojder (greg.);<br \/>\n\t2. + Marcela, Franciszek S\u0142upek &ndash; od syna Tomasza z rodzin\u0105;<br \/>\n\t3. + Maria Baj &ndash; od c&oacute;rki Renaty z rodzin\u0105;<\/p>\n<p><u><strong>Czwartek &#8211; 29 pa\u017adziernik<\/strong><\/u><br \/>\n\t1. + Maria Kojder (greg.); <br \/>\n\t2. + J&oacute;zef Kania; <br \/>\n\t3. + Cecylia, Ignacy Stafiej &ndash; rocz. \u015bm. oraz +Jakub Rupar;<\/p>\n<p>\t<u><strong>Pi\u0105tek &#8211; 30 pa\u017adziernik<\/strong><\/u><br \/>\n\t1. + Maria Kojder (greg. zak.);<br \/>\n\t2. + Jan Kurek oraz Salomea i W\u0142adys\u0142aw Rupar; <br \/>\n\t3. + Kazimierz Por\u0119bny &ndash; int. od Ojca; <\/p>\n<p><u><strong>Sobota &#8211; 31 pa\u017adziernik<\/strong><\/u><br \/>\n\t1. + Jacek Chudzik &ndash; od Stanis\u0142awa Trzebiota; <br \/>\n\t2. + Jan Janusz &ndash; od rodziny Uchman;<br \/>\n\t3. ++ z rodz. Kojdr&oacute;w: Franciszek, Wies\u0142aw, Jan, Cecylia; <\/p>\n<p><u><strong>Niedziela &#8211; 1 listopad<\/strong><\/u><br \/>\n\t6.30 + Stefan Socha (pocz. greg.);<br \/>\n\t8.00 + Stanis\u0142aw Rupar i zmarli z rodziny; <br \/>\n\t10.30 Za parafian; <br \/>\n\t15.00 + Ks. Tadeusz Szmyd, Ks. J&oacute;zef Matuszek, Ks. Wojciech Machniak;<\/p>\n<h3 style=\"text-align: center;\"><strong><strong><span style=\"color: rgb(0, 0, 128);\">Modlitw\u0119 r&oacute;\u017ca\u0144cow\u0105 prowadz\u0105<br \/>\n\t<\/span><\/strong><\/strong><\/h3>\n<p>01. Nd. R&oacute;\u017ca \u015aw. Kingi &#8211; (Maria Golak)<\/p>\n<p><strong>Wyznaczona R&oacute;\u017ca jest proszona o prowadzenie modlitwy r&oacute;\u017ca\u0144cowej. <br \/>\n\t<\/strong><\/p>\n","protected":false},"excerpt":{"rendered":"<p>XXX Niedziela zwyk\u0142a &#8211; 25-10-2020 Og\u0142oszenia Dzi\u015b o godz.15.00 &ndash; Nabo\u017ce\u0144stwo r&oacute;\u017ca\u0144cowe, a po nim, Msza \u015bw. W tym tygodniu; w \u015brod\u0119 &ndash; \u015awi\u0119to \u015bw. Aposto\u0142&oacute;w Szymona i Judy Tadeusza. &hellip; <a href=\"https:\/\/budy.przemyska.pl\/index.php\/2020\/10\/24\/ogloszenia-parafialne-25-10-2020\/\" class=\"more-link\">Czytaj dalej <span class=\"screen-reader-text\">Og\u0142oszenia parafialne 25-10-2020<\/span> <span class=\"meta-nav\">&rarr;<\/span><\/a><\/p>\n","protected":false},"author":1,"featured_media":0,"comment_status":"closed","ping_status":"closed","sticky":false,"template":"","format":"standard","meta":{"footnotes":""},"categories":[6,4],"tags":[],"class_list":["post-3173","post","type-post","status-publish","format-standard","hentry","category-aktualnosci","category-ogloszenia"],"_links":{"self":[{"href":"https:\/\/budy.przemyska.pl\/index.php\/wp-json\/wp\/v2\/posts\/3173","targetHints":{"allow":["GET"]}}],"collection":[{"href":"https:\/\/budy.przemyska.pl\/index.php\/wp-json\/wp\/v2\/posts"}],"about":[{"href":"https:\/\/budy.przemyska.pl\/index.php\/wp-json\/wp\/v2\/types\/post"}],"author":[{"embeddable":true,"href":"https:\/\/budy.przemyska.pl\/index.php\/wp-json\/wp\/v2\/users\/1"}],"replies":[{"embeddable":true,"href":"https:\/\/budy.przemyska.pl\/index.php\/wp-json\/wp\/v2\/comments?post=3173"}],"version-history":[{"count":0,"href":"https:\/\/budy.przemyska.pl\/index.php\/wp-json\/wp\/v2\/posts\/3173\/revisions"}],"wp:attachment":[{"href":"https:\/\/budy.przemyska.pl\/index.php\/wp-json\/wp\/v2\/media?parent=3173"}],"wp:term":[{"taxonomy":"category","embeddable":true,"href":"https:\/\/budy.przemyska.pl\/index.php\/wp-json\/wp\/v2\/categories?post=3173"},{"taxonomy":"post_tag","embeddable":true,"href":"https:\/\/budy.przemyska.pl\/index.php\/wp-json\/wp\/v2\/tags?post=3173"}],"curies":[{"name":"wp","href":"https:\/\/api.w.org\/{rel}","templated":true}]}}