{"id":3170,"date":"2020-10-17T22:14:42","date_gmt":"2020-10-17T20:14:42","guid":{"rendered":"http:\/\/www.budylancuckie.przemyska.pl\/?p=3170"},"modified":"2020-10-17T22:14:42","modified_gmt":"2020-10-17T20:14:42","slug":"ogloszenia-parafialne-18-10-2020","status":"publish","type":"post","link":"https:\/\/budy.przemyska.pl\/index.php\/2020\/10\/17\/ogloszenia-parafialne-18-10-2020\/","title":{"rendered":"Og\u0142oszenia parafialne 18-10-2020"},"content":{"rendered":"<h2 style=\"text-align: center;\"><strong><span style=\"color: rgb(0, 0, 128);\">XXIX Niedziela zwyk\u0142a &#8211; 18-10-2020<\/span><\/strong><\/h2>\n<h2 style=\"text-align: center;\"><strong><span style=\"color: rgb(0, 0, 128);\">Og\u0142oszenia<br \/>\n\t<\/span><\/strong><\/h2>\n<ol>\n<li>Dzi\u015b w Ko\u015bciele przezywamy Niedziel\u0119 Misyjn\u0105 rozpoczynaj\u0105c\u0105 Tydzie\u0144 Misyjny. O godz.15.00 &ndash; Nabo\u017ce\u0144stwo r&oacute;\u017ca\u0144cowe, a po nim, Msza \u015bw.<\/li>\n<li>W tym tygodniu; we wtorek &ndash; wsp. \u015bw. Jana Kantego, w czwartek &ndash; \u015bw. Jana Paw\u0142a II, a w sobot\u0119 &ndash; b\u0142og. Ks. Jana Balickiego.<\/li>\n<li><strong>Ze wzgl\u0119du na nasilaj\u0105cy si\u0119 rozw&oacute;j epidemii, Wizytacja Kanoniczna naszego dekanatu, zostaje zawieszona a\u017c do odwo\u0142ania. Poniewa\u017c nasza gazetka parafialna redagowana jest na pocz\u0105tku tygodnia &#8211; kiedy jeszcze nie by\u0142o \u017cadnych decyzji odno\u015bnie odwo\u0142ania Wizytacji &#8211; og\u0142oszenia w niej zawarte dotycz\u0105ce naszego przygotowania do odwiedzin ks. Biskupa, s\u0105 nieaktualne! \/ Dekret ks. Abpa Adama Szala\/. <br \/>\n\t\t<\/strong><\/li>\n<li>Bardzo serdecznie dzi\u0119kuj\u0119 wszystkim zaanga\u017cowanym w wykonanie krzy\u017ca z informacj\u0105 o godzinach nabo\u017ce\u0144stw w naszej parafii. Krzy\u017c ten znajduje si\u0119 na murze przy parkingu &#8211; w miejscu &#8211; w kt&oacute;rym umieszczony by\u0142 poprzedni taki krzy\u017c.<\/li>\n<li>Dzi\u0119kuj\u0119 r&oacute;wnie\u017c za przeinstalowanie \u0142awek przy \u015bcianie prezbiterium oraz za ponowne odmalowanie kontenera na \u015bmieci na cmentarzu. Te ostatnie podzi\u0119kowania sk\u0142adam na r\u0119ce Pana So\u0142tysa z Lewej strony oraz Pan&oacute;w , kt&oacute;rzy mu w tym pomagali.<\/li>\n<li>Serdeczne B&oacute;g zap\u0142a\u0107 dla os&oacute;b sprz\u0105taj\u0105cych i stroj\u0105cych ko\u015bci&oacute;\u0142 oraz za ofiary sk\u0142adane na potrzeby parafii, w tym r&oacute;wnie\u017c dla pracownik&oacute;w ko\u015bcielnych<\/li>\n<\/ol>\n<h3 style=\"text-align: center;\"><strong><span style=\"color: rgb(0, 0, 128);\">Intencje mszalne<\/span><\/strong><\/h3>\n<h4 style=\"text-align: center;\"><strong><span style=\"color: rgb(0, 0, 128);\">od 18 pa\u017adziernika 2020 do 25 pa\u017adziernika 2020<\/span><\/strong><\/h4>\n<h4><strong><br \/>\n\tGdyby zbyt d\u0142ugi czas nie by\u0142a og\u0142oszona zam&oacute;wiona intencja mszalna &ndash; prosimy o zg\u0142oszenie tego kap\u0142anowi.&nbsp; Zam&oacute;wiona intencja nie mo\u017ce zgin\u0105\u0107.<br \/>\n\t<\/strong><\/h4>\n<p><u><strong>Poniedzia\u0142ek &#8211; 19 pa\u017adziernik<\/strong><\/u><br \/>\n\t1. + Maria Kojder (greg.);<br \/>\n\t2. + Franciszka i Stanis\u0142aw Rupar;<br \/>\n\t3. + \u0141ucja Dzierwa &ndash; od koleg&oacute;w i kole\u017canek brata Mariana z by\u0142ego Gimnazjum w Bia\u0142obrzegach;<\/p>\n<p><u><strong>Wtorek &#8211; 20 pa\u017adziernik<br \/>\n\t<\/strong><\/u>1. + Maria Kojder (greg.);<br \/>\n\t2. + Jacek Chudzik &ndash; od Ireny i Janusza Sobu\u015b ;<br \/>\n\t3. Za zmar\u0142ych z rodziny Koni&oacute;w i Rachwa\u0142&oacute;w; <\/p>\n<p><u><strong>\u015aroda &#8211; 21 pa\u017adziernik<\/strong><\/u><br \/>\n\t1. + Maria Kojder (greg.);<br \/>\n\t2. + Kazimierz Kania &ndash; w 1 rocz. \u015bm. &ndash; od s. Damiana z rodzin\u0105;<br \/>\n\t3. + Boles\u0142aw Rupar &ndash; od rodziny Bestr&oacute;w;<\/p>\n<p><u><strong>Czwartek &#8211; 22 pa\u017adziernik<\/strong><\/u><br \/>\n\t1. + Maria Kojder (greg.); <br \/>\n\t2. + Marta Zi\u0119zio &ndash; 2 rocznica \u015bmierci; <br \/>\n\t3. + Maria Babiarz &ndash; od m\u0119\u017ca Stanis\u0142awa;<\/p>\n<p>\t<u><strong>Pi\u0105tek &#8211; 23 pa\u017adziernik<\/strong><\/u><br \/>\n\t1. + Maria Kojder (greg.);<br \/>\n\t2. + Maria Czyrek &ndash; od wnuczki Agnieszki z rodzin\u0105; <br \/>\n\t3. + Zofia Brewka &ndash; od Weroniki Hypnar; <\/p>\n<p><u><strong>Sobota &#8211; 24 pa\u017adziernik<\/strong><\/u><br \/>\n\t1. + Maria Kojder (greg.); <br \/>\n\t2. + Bo\u017cena Krowicka;<br \/>\n\t3. + Bronis\u0142aw Migas &ndash; od \u017cony Marii; <\/p>\n<p><u><strong>Niedziela &#8211; 25 pa\u017adziernik<\/strong><\/u><br \/>\n\t6.30 + Tadeusz Nowak i zmarli rodzice;<br \/>\n\t8.00 Dzi\u0119k. za 45 lat ma\u0142\u017ce\u0144stwa; z pro\u015bb\u0105 o dalsze b\u0142og. Bo\u017ce;<br \/>\n\t10.30 Za parafian; <br \/>\n\t15.00 + Maria Kojder (greg.);<\/p>\n<h3 style=\"text-align: center;\"><strong><strong><span style=\"color: rgb(0, 0, 128);\">Modlitw\u0119 r&oacute;\u017ca\u0144cow\u0105 prowadz\u0105<br \/>\n\t<\/span><\/strong><\/strong><\/h3>\n<p>25. Nd. R&oacute;\u017ca \u015aw. Katarzyny &#8211; (Anna Kurek);<\/p>\n<p><strong>Wyznaczona R&oacute;\u017ca jest proszona o prowadzenie modlitwy r&oacute;\u017ca\u0144cowej. <br \/>\n\t<\/strong><\/p>\n","protected":false},"excerpt":{"rendered":"<p>XXIX Niedziela zwyk\u0142a &#8211; 18-10-2020 Og\u0142oszenia Dzi\u015b w Ko\u015bciele przezywamy Niedziel\u0119 Misyjn\u0105 rozpoczynaj\u0105c\u0105 Tydzie\u0144 Misyjny. O godz.15.00 &ndash; Nabo\u017ce\u0144stwo r&oacute;\u017ca\u0144cowe, a po nim, Msza \u015bw. W tym tygodniu; we wtorek &hellip; <a href=\"https:\/\/budy.przemyska.pl\/index.php\/2020\/10\/17\/ogloszenia-parafialne-18-10-2020\/\" class=\"more-link\">Czytaj dalej <span class=\"screen-reader-text\">Og\u0142oszenia parafialne 18-10-2020<\/span> <span class=\"meta-nav\">&rarr;<\/span><\/a><\/p>\n","protected":false},"author":1,"featured_media":0,"comment_status":"closed","ping_status":"closed","sticky":false,"template":"","format":"standard","meta":{"footnotes":""},"categories":[6,4],"tags":[],"class_list":["post-3170","post","type-post","status-publish","format-standard","hentry","category-aktualnosci","category-ogloszenia"],"_links":{"self":[{"href":"https:\/\/budy.przemyska.pl\/index.php\/wp-json\/wp\/v2\/posts\/3170","targetHints":{"allow":["GET"]}}],"collection":[{"href":"https:\/\/budy.przemyska.pl\/index.php\/wp-json\/wp\/v2\/posts"}],"about":[{"href":"https:\/\/budy.przemyska.pl\/index.php\/wp-json\/wp\/v2\/types\/post"}],"author":[{"embeddable":true,"href":"https:\/\/budy.przemyska.pl\/index.php\/wp-json\/wp\/v2\/users\/1"}],"replies":[{"embeddable":true,"href":"https:\/\/budy.przemyska.pl\/index.php\/wp-json\/wp\/v2\/comments?post=3170"}],"version-history":[{"count":0,"href":"https:\/\/budy.przemyska.pl\/index.php\/wp-json\/wp\/v2\/posts\/3170\/revisions"}],"wp:attachment":[{"href":"https:\/\/budy.przemyska.pl\/index.php\/wp-json\/wp\/v2\/media?parent=3170"}],"wp:term":[{"taxonomy":"category","embeddable":true,"href":"https:\/\/budy.przemyska.pl\/index.php\/wp-json\/wp\/v2\/categories?post=3170"},{"taxonomy":"post_tag","embeddable":true,"href":"https:\/\/budy.przemyska.pl\/index.php\/wp-json\/wp\/v2\/tags?post=3170"}],"curies":[{"name":"wp","href":"https:\/\/api.w.org\/{rel}","templated":true}]}}