{"id":3165,"date":"2020-10-11T12:46:25","date_gmt":"2020-10-11T10:46:25","guid":{"rendered":"http:\/\/www.budylancuckie.przemyska.pl\/?p=3165"},"modified":"2020-10-11T12:46:25","modified_gmt":"2020-10-11T10:46:25","slug":"ogloszenia-parafialne-11-10-2020","status":"publish","type":"post","link":"https:\/\/budy.przemyska.pl\/index.php\/2020\/10\/11\/ogloszenia-parafialne-11-10-2020\/","title":{"rendered":"Og\u0142oszenia parafialne 11-10-2020"},"content":{"rendered":"<h2 style=\"text-align: center;\"><strong><span style=\"color: rgb(0, 0, 128);\">XXVIII Niedziela zwyk\u0142a &#8211; 11-10-2020<\/span><\/strong><\/h2>\n<h2 style=\"text-align: center;\"><strong><span style=\"color: rgb(0, 0, 128);\">Og\u0142oszenia<br \/>\n\t<\/span><\/strong><\/h2>\n<ol>\n<li>Dzi\u015b o godz.15.00 &ndash; Nabo\u017ce\u0144stwo r&oacute;\u017ca\u0144cowe, a po nim, Msza \u015bw.<\/li>\n<li>W tym tygodniu; we wtorek &ndash; wspomnienie b\u0142og. Honorata Ko\u017ami\u0144skiego, w czwartek &ndash; \u015bw. Teresy od Jezusa, w pi\u0105tek &ndash; \u015bw. Jadwigi \u015al\u0105skiej, a w sobot\u0119 &ndash; \u015bw. Ignacego Antioche\u0144skiego.<\/li>\n<li>W czwartek Adoracja Naj\u015bwi\u0119tszego Sakramentu od godz.16.00, o 16.30 &ndash; R&oacute;\u017caniec, a po Mszy \u015bw. spotkanie dla uczni&oacute;w klas VIII przygotowuj\u0105cych si\u0119 do Sakramentu Bierzmowania.<\/li>\n<li>Msza \u015bw. codziennie o godz. 17.00, a po Niej &ndash; nabo\u017ce\u0144stwo r&oacute;\u017ca\u0144cowe. Serdecznie zach\u0119camy do udzia\u0142u w modlitwie r&oacute;\u017ca\u0144cowej!<\/li>\n<li>W najbli\u017csz\u0105 niedziel\u0119 modlimy si\u0119 w intencji Misji &ndash; rozpoczynaj\u0105c Tydzie\u0144 Misyjny w Ko\u015bciele. W naszej parafii to niedziela inwestycyjna.<\/li>\n<li>Niebawem &ndash; 23 pa\u017adziernika &#8211; b\u0119dziemy r&oacute;wnie\u017c prze\u017cywa\u0107 w naszej parafii Wizytacj\u0119 Kanoniczn\u0105. Go\u015bcic b\u0119dziemy ks. bpa Stanis\u0142awa Jamrozka, kt&oacute;ry udzieli naszej m\u0142odzie\u017cy z klas VIII Sakramentu Bierzmowania.<\/li>\n<li>Zach\u0119camy do lektury prasy katolickiej. W dzisiejszym wydaniu Go\u015bcia Niedzielnego zosta\u0142a do\u0142\u0105czona p\u0142yta DVD z filmem o Matce Bo\u017cej.<\/li>\n<li>Serdeczne B&oacute;g zap\u0142a\u0107 dla os&oacute;b sprz\u0105taj\u0105cych i stroj\u0105cych ko\u015bci&oacute;\u0142 oraz za ofiary sk\u0142adane na potrzeby parafii, w tym r&oacute;wnie\u017c dla pracownik&oacute;w ko\u015bcielnych<\/li>\n<\/ol>\n<h3 style=\"text-align: center;\"><strong><span style=\"color: rgb(0, 0, 128);\">Intencje mszalne<\/span><\/strong><\/h3>\n<h4 style=\"text-align: center;\"><strong><span style=\"color: rgb(0, 0, 128);\">od 12 pa\u017adziernika 2020 do 18 pa\u017adziernika 2020<\/span><\/strong><\/h4>\n<h4><strong><br \/>\n\tGdyby zbyt d\u0142ugi czas nie by\u0142a og\u0142oszona zam&oacute;wiona intencja mszalna &ndash; prosimy o zg\u0142oszenie tego kap\u0142anowi.&nbsp; Zam&oacute;wiona intencja nie mo\u017ce zgin\u0105\u0107.<br \/>\n\t<\/strong><\/h4>\n<p><u><strong>Poniedzia\u0142ek &#8211; 12 pa\u017adziernik<\/strong><\/u><br \/>\n\t1. + Maria Kojder (greg.);<br \/>\n\t2. + Jacek Chudzik &ndash; od Anny i Henryka Heleniak;<br \/>\n\t3. + Marcin Rupar &ndash; 2 rocznica \u015bmierci;<\/p>\n<p><u><strong>Wtorek &#8211; 13 pa\u017adziernik<br \/>\n\t<\/strong><\/u>1. + Maria Kojder (greg.);<br \/>\n\t2. Dzi\u0119kczynna za \u0142aski w chorobie i o dalsze b\u0142og. Bo\u017ce ;<br \/>\n\t3. ++ Franciszek i Maria Cebulak oraz + siostr\u0119 Czes\u0142aw\u0119; <\/p>\n<p><u><strong>\u015aroda &#8211; 14 pa\u017adziernik<\/strong><\/u><br \/>\n\t1. + Maria Kojder (greg.);<br \/>\n\t2. + Stanis\u0142aw Bosak i zmarli z rodziny &ndash; w rocz. \u015bmierci; <br \/>\n\t3. + Piotr Ko\u0144 &ndash; od rodzic&oacute;w;<\/p>\n<p><u><strong>Czwartek &#8211; 15 pa\u017adziernik<\/strong><\/u><br \/>\n\t1. + Maria Kojder (greg.); <br \/>\n\t2. ++ z rodziny: Skiba, Pelc; <br \/>\n\t3. ++ Maria, Teresa, Stanis\u0142aw, Zbigniew Szular;<\/p>\n<p>\t<u><strong>Pi\u0105tek &#8211; 16 pa\u017adziernik<\/strong><\/u><br \/>\n\t1. + Maria Kojder (greg.);<br \/>\n\t2. + Jan, Helena Kukulscy; <br \/>\n\t3. + Stanis\u0142aw Paluch; <\/p>\n<p><u><strong>Sobota &#8211; 17 pa\u017adziernik<\/strong><\/u><br \/>\n\t1. + Maria Kojder (greg.); <br \/>\n\t2. + J&oacute;zef Kania;<br \/>\n\t3. + Maria Wacnik &ndash; od rodziny z \u0141a\u0144cuta; <\/p>\n<p><u><strong>Niedziela &#8211; 18 pa\u017adziernik<\/strong><\/u><br \/>\n\t6.30 + Maria Czyrek &ndash; od c&oacute;rki Krystyny z m\u0119\u017cem;<br \/>\n\t8.00 + Barbara Ko\u0142cz &ndash; od koleg&oacute;w Damiana;<br \/>\n\t10.30 Za parafian; <br \/>\n\t15.00 + Maria Kojder (greg.);<\/p>\n<h3 style=\"text-align: center;\"><strong><strong><span style=\"color: rgb(0, 0, 128);\">Modlitw\u0119 r&oacute;\u017ca\u0144cow\u0105 prowadz\u0105<br \/>\n\t<\/span><\/strong><\/strong><\/h3>\n<p>18. Nd. R&oacute;\u017ca \u015aw. Jadwigi \u015al\u0105skiej &#8211; (Maria Bester);<\/p>\n<p><strong>Wyznaczona R&oacute;\u017ca jest proszona o prowadzenie modlitwy r&oacute;\u017ca\u0144cowej. <br \/>\n\t<\/strong><\/p>\n","protected":false},"excerpt":{"rendered":"<p>XXVIII Niedziela zwyk\u0142a &#8211; 11-10-2020 Og\u0142oszenia Dzi\u015b o godz.15.00 &ndash; Nabo\u017ce\u0144stwo r&oacute;\u017ca\u0144cowe, a po nim, Msza \u015bw. W tym tygodniu; we wtorek &ndash; wspomnienie b\u0142og. Honorata Ko\u017ami\u0144skiego, w czwartek &ndash; &hellip; <a href=\"https:\/\/budy.przemyska.pl\/index.php\/2020\/10\/11\/ogloszenia-parafialne-11-10-2020\/\" class=\"more-link\">Czytaj dalej <span class=\"screen-reader-text\">Og\u0142oszenia parafialne 11-10-2020<\/span> <span class=\"meta-nav\">&rarr;<\/span><\/a><\/p>\n","protected":false},"author":1,"featured_media":0,"comment_status":"closed","ping_status":"closed","sticky":false,"template":"","format":"standard","meta":{"footnotes":""},"categories":[6,4],"tags":[],"class_list":["post-3165","post","type-post","status-publish","format-standard","hentry","category-aktualnosci","category-ogloszenia"],"_links":{"self":[{"href":"https:\/\/budy.przemyska.pl\/index.php\/wp-json\/wp\/v2\/posts\/3165","targetHints":{"allow":["GET"]}}],"collection":[{"href":"https:\/\/budy.przemyska.pl\/index.php\/wp-json\/wp\/v2\/posts"}],"about":[{"href":"https:\/\/budy.przemyska.pl\/index.php\/wp-json\/wp\/v2\/types\/post"}],"author":[{"embeddable":true,"href":"https:\/\/budy.przemyska.pl\/index.php\/wp-json\/wp\/v2\/users\/1"}],"replies":[{"embeddable":true,"href":"https:\/\/budy.przemyska.pl\/index.php\/wp-json\/wp\/v2\/comments?post=3165"}],"version-history":[{"count":0,"href":"https:\/\/budy.przemyska.pl\/index.php\/wp-json\/wp\/v2\/posts\/3165\/revisions"}],"wp:attachment":[{"href":"https:\/\/budy.przemyska.pl\/index.php\/wp-json\/wp\/v2\/media?parent=3165"}],"wp:term":[{"taxonomy":"category","embeddable":true,"href":"https:\/\/budy.przemyska.pl\/index.php\/wp-json\/wp\/v2\/categories?post=3165"},{"taxonomy":"post_tag","embeddable":true,"href":"https:\/\/budy.przemyska.pl\/index.php\/wp-json\/wp\/v2\/tags?post=3165"}],"curies":[{"name":"wp","href":"https:\/\/api.w.org\/{rel}","templated":true}]}}