{"id":3162,"date":"2020-10-04T14:56:09","date_gmt":"2020-10-04T12:56:09","guid":{"rendered":"http:\/\/www.budylancuckie.przemyska.pl\/?p=3162"},"modified":"2020-10-04T14:56:09","modified_gmt":"2020-10-04T12:56:09","slug":"ogloszenia-parafialne-4-10-2020","status":"publish","type":"post","link":"https:\/\/budy.przemyska.pl\/index.php\/2020\/10\/04\/ogloszenia-parafialne-4-10-2020\/","title":{"rendered":"Og\u0142oszenia parafialne 4-10-2020"},"content":{"rendered":"<h2 style=\"text-align: center;\"><strong><span style=\"color: rgb(0, 0, 128);\">XXVII Niedziela zwyk\u0142a &#8211; 04-10-2020<\/span><\/strong><\/h2>\n<h2 style=\"text-align: center;\"><strong><span style=\"color: rgb(0, 0, 128);\">Og\u0142oszenia<br \/>\n\t<\/span><\/strong><\/h2>\n<ol>\n<li>Dzi\u015b o godz.15.00 Nabo\u017ce\u0144stwo r&oacute;\u017ca\u0144cowe, a po nim, Msza \u015bw.<\/li>\n<li>W tym tygodniu; w poniedzia\u0142ek &ndash; wsp. \u015bw. Faustyny Kowalskiej, w \u015brod\u0119 &ndash; Matki Bo\u017cej R&oacute;\u017ca\u0144cowej.<\/li>\n<li>W czwartek po Mszy \u015bw. spotkanie dla uczni&oacute;w klas VIII przygotowuj\u0105cych si\u0119 do Sakramentu Bierzmowania oraz spotkanie Akcji Katolickiej.<\/li>\n<li>W najbli\u017csz\u0105 sobot\u0119 (10 pa\u017adziernika) odb\u0119dzie si\u0119 coroczna Pielgrzymka R&oacute;\u017c R&oacute;\u017ca\u0144cowych. Nasz Dekanat \u017bo\u0142y\u0144ski pielgrzymuje do D\u0105br&oacute;wek k\/\u0141a\u0144cuta. Pocz\u0105tek o godz.9.30. Zach\u0119camy do udzia\u0142u, z zachowaniem przepis&oacute;w sanitarnych wynikaj\u0105cych z epidemii. Wyjazd by\u0142by indywidualny!<\/li>\n<li>W najbli\u017csz\u0105 niedziel\u0119 mo\u017cliwo\u015b\u0107 wsparcia Fundacji Dzie\u0142o Nowego Tysi\u0105clecia.<\/li>\n<li>Z rado\u015bci\u0105 pragniemy poinformowa\u0107, \u017ce nasz parafianin Krystian W\u0119grzyn rozpocz\u0105\u0142 formacj\u0119 w WSD w Przemy\u015blu, przygotowuj\u0105c\u0105 do przyj\u0119cia \u015bwi\u0119ce\u0144 kap\u0142a\u0144skich. Na tej drodze realizacji Jego zamierze\u0144, chciejmy Go wesprze\u0107 nasz\u0105 modlitw\u0105.<\/li>\n<li>Serdeczne B&oacute;g zap\u0142a\u0107 dla os&oacute;b sprz\u0105taj\u0105cych i stroj\u0105cych ko\u015bci&oacute;\u0142 oraz za ofiary sk\u0142adane na potrzeby parafii, w tym r&oacute;wnie\u017c dla pracownik&oacute;w ko\u015bcielnych.<\/li>\n<\/ol>\n<h3 style=\"text-align: center;\"><strong><span style=\"color: rgb(0, 0, 128);\">Intencje mszalne<\/span><\/strong><\/h3>\n<h4 style=\"text-align: center;\"><strong><span style=\"color: rgb(0, 0, 128);\">od 6 pa\u017adziernika 2020 do 11 pa\u017adziernika 2020<\/span><\/strong><\/h4>\n<h4><strong><br \/>\n\tGdyby zbyt d\u0142ugi czas nie by\u0142a og\u0142oszona zam&oacute;wiona intencja mszalna &ndash; prosimy o zg\u0142oszenie tego kap\u0142anowi.&nbsp; Zam&oacute;wiona intencja nie mo\u017ce zgin\u0105\u0107.<br \/>\n\t<\/strong><\/h4>\n<p><u><strong>Poniedzia\u0142ek &#8211; 6 pa\u017adziernik<\/strong><\/u><br \/>\n\t1. + Maria Kojder (greg.);<br \/>\n\t2. O zdrowie i b\u0142ogos\u0142awie\u0144stwo Bo\u017ce;<br \/>\n\t3. + Stanis\u0142aw Baran &ndash; 1 rocznica \u015bmierci;<\/p>\n<p><u><strong>Wtorek &#8211; 7 pa\u017adziernik<br \/>\n\t<\/strong><\/u>1. + Maria Kojder (greg.);<br \/>\n\t2. ++ Antonina, Teresa, Franciszek Harpula;<br \/>\n\t3. + Siostra Juranda &ndash; od rodziny Gurak&oacute;w;<\/p>\n<p><u><strong>\u015aroda &#8211; 8 pa\u017adziernik<\/strong><\/u><br \/>\n\t1. + Maria Kojder (greg.);<br \/>\n\t2. + Salomea Wasyl &ndash; od rodziny; <br \/>\n\t3. + Stanis\u0142aw Kochman &ndash; od kole\u017canek c&oacute;rki Moniki;<\/p>\n<p><u><strong>Czwartek &#8211; 9 pa\u017adziernik<\/strong><\/u><br \/>\n\t1. + Maria Kojder (greg.); <br \/>\n\t2. + Krystyna Kruk &ndash; od syna Grzegorza; <br \/>\n\t3. ++ Cecylia, Zofia, Franciszek, J&oacute;zef Gw&oacute;\u017ad\u017a;<\/p>\n<p>\t<u><strong>Pi\u0105tek &#8211; 10 pa\u017adziernik<\/strong><\/u><br \/>\n\t1. + Maria Kojder (greg.);<br \/>\n\t2. Dzi\u0119kczynna; z pro\u015bb\u0105 o b\u0142og. Bo\u017ce w 45 rocznic\u0119 \u015blubu; <br \/>\n\t3. + Micha\u0142 K\u0142os;<\/p>\n<p><u><strong>Sobota &#8211; 11 pa\u017adziernik<\/strong><\/u><br \/>\n\t1. + Maria Kojder (greg.); <br \/>\n\t2. + Jakub Rupar;<br \/>\n\t3. + Bogdan Blok &ndash; od syna Kamila z rodzin\u0105;<\/p>\n<p><u><strong>Niedziela &#8211; 12 pa\u017adziernik<\/strong><\/u><br \/>\n\t6.30 ++ Agata, J&oacute;zef Cebula i zmarli z rodziny;<br \/>\n\t8.00 Dzi\u0119kczynna za otrzymane \u0142aski; z pro\u015bb\u0105 o b\u0142og. Bo\u017ce dla Marii i Wojciecha w 40 rocznic\u0119 \u015blubu; <br \/>\n\t10.30 Za parafian; <br \/>\n\t15.00 + Maria Kojder (greg.);<\/p>\n<h3 style=\"text-align: center;\"><strong><strong><span style=\"color: rgb(0, 0, 128);\">Modlitw\u0119 r&oacute;\u017ca\u0144cow\u0105 prowadz\u0105<br \/>\n\t<\/span><\/strong><\/strong><\/h3>\n<p>05. Pn. R&oacute;\u017ca \u015aw. Jadwigi \u015al\u0105skiej &#8211; (Maria Bester);<br \/>\n\t06. Wt. R&oacute;\u017ca \u015aw. Katarzyny &#8211; (Anna Kurek);<br \/>\n\t07. \u015ar. R&oacute;\u017ca \u015aw. Kingi &#8211; (Maria Golak); <br \/>\n\t08. Cz. Akcja Katolicka <br \/>\n\t09. Pt. KSM; <br \/>\n\t10. Sb. R&oacute;\u017ca \u015aw. Klary &ndash; (Teresa G\u0142owiak);<br \/>\n\t11. Nd. R&oacute;\u017ca \u015aw. Marii Magdaleny &#8211; (Janina Rachwa\u0142);<\/p>\n<p><strong>Wyznaczona R&oacute;\u017ca jest proszona o prowadzenie modlitwy r&oacute;\u017ca\u0144cowej. <br \/>\n\t<\/strong><\/p>\n","protected":false},"excerpt":{"rendered":"<p>XXVII Niedziela zwyk\u0142a &#8211; 04-10-2020 Og\u0142oszenia Dzi\u015b o godz.15.00 Nabo\u017ce\u0144stwo r&oacute;\u017ca\u0144cowe, a po nim, Msza \u015bw. W tym tygodniu; w poniedzia\u0142ek &ndash; wsp. \u015bw. Faustyny Kowalskiej, w \u015brod\u0119 &ndash; Matki &hellip; <a href=\"https:\/\/budy.przemyska.pl\/index.php\/2020\/10\/04\/ogloszenia-parafialne-4-10-2020\/\" class=\"more-link\">Czytaj dalej <span class=\"screen-reader-text\">Og\u0142oszenia parafialne 4-10-2020<\/span> <span class=\"meta-nav\">&rarr;<\/span><\/a><\/p>\n","protected":false},"author":1,"featured_media":0,"comment_status":"closed","ping_status":"closed","sticky":false,"template":"","format":"standard","meta":{"footnotes":""},"categories":[6,4],"tags":[],"class_list":["post-3162","post","type-post","status-publish","format-standard","hentry","category-aktualnosci","category-ogloszenia"],"_links":{"self":[{"href":"https:\/\/budy.przemyska.pl\/index.php\/wp-json\/wp\/v2\/posts\/3162","targetHints":{"allow":["GET"]}}],"collection":[{"href":"https:\/\/budy.przemyska.pl\/index.php\/wp-json\/wp\/v2\/posts"}],"about":[{"href":"https:\/\/budy.przemyska.pl\/index.php\/wp-json\/wp\/v2\/types\/post"}],"author":[{"embeddable":true,"href":"https:\/\/budy.przemyska.pl\/index.php\/wp-json\/wp\/v2\/users\/1"}],"replies":[{"embeddable":true,"href":"https:\/\/budy.przemyska.pl\/index.php\/wp-json\/wp\/v2\/comments?post=3162"}],"version-history":[{"count":0,"href":"https:\/\/budy.przemyska.pl\/index.php\/wp-json\/wp\/v2\/posts\/3162\/revisions"}],"wp:attachment":[{"href":"https:\/\/budy.przemyska.pl\/index.php\/wp-json\/wp\/v2\/media?parent=3162"}],"wp:term":[{"taxonomy":"category","embeddable":true,"href":"https:\/\/budy.przemyska.pl\/index.php\/wp-json\/wp\/v2\/categories?post=3162"},{"taxonomy":"post_tag","embeddable":true,"href":"https:\/\/budy.przemyska.pl\/index.php\/wp-json\/wp\/v2\/tags?post=3162"}],"curies":[{"name":"wp","href":"https:\/\/api.w.org\/{rel}","templated":true}]}}