{"id":3159,"date":"2020-09-26T15:56:24","date_gmt":"2020-09-26T13:56:24","guid":{"rendered":"http:\/\/www.budylancuckie.przemyska.pl\/?p=3159"},"modified":"2020-09-26T15:56:24","modified_gmt":"2020-09-26T13:56:24","slug":"ogloszenia-parafialne-27-09-2020","status":"publish","type":"post","link":"https:\/\/budy.przemyska.pl\/index.php\/2020\/09\/26\/ogloszenia-parafialne-27-09-2020\/","title":{"rendered":"Og\u0142oszenia parafialne 27-09-2020"},"content":{"rendered":"<h2 style=\"text-align: center;\"><strong><span style=\"color: rgb(0, 0, 128);\">XXVI Niedziela zwyk\u0142a &#8211; 27-09-2020<\/span><\/strong><\/h2>\n<h2 style=\"text-align: center;\"><strong><span style=\"color: rgb(0, 0, 128);\">Og\u0142oszenia<br \/>\n\t<\/span><\/strong><\/h2>\n<ol>\n<li>Dzi\u015b o godz. 15.00 &ndash; Litania do \u015bw. J&oacute;zefa, a po niej &#8211; Msza \u015bw.<\/li>\n<li>W tym tygodniu; w poniedzia\u0142ek &ndash; wspomnienie \u015bw. Wac\u0142awa, we wtorek &ndash; \u015awi\u0119tych Archanio\u0142&oacute;w: Micha\u0142a, Gabriela i Rafa\u0142a, w \u015brod\u0119 &ndash; \u015bw. Hieronima, w czwartek &ndash; \u015bw. Teresy od Dzieci\u0105tka Jezus, w pi\u0105tek &ndash; \u015awi\u0119tych Anio\u0142&oacute;w Str&oacute;\u017c&oacute;w.<\/li>\n<li>W tym tygodniu wypada I Czwartek, I Pi\u0105tek i I Sobota miesi\u0105ca. <\/li>\n<li>W I Czwartek Adoracja Naj\u015bwi\u0119tszego Sakramentu od godz.16.00, o 16.30 &#8211; R&oacute;\u017caniec, a potem Msza \u015bw. Modlimy si\u0119 o powo\u0142ania do S\u0142u\u017cby Bo\u017cej.<\/li>\n<li>W I Pi\u0105tek wynagradzamy Naj\u015bwi\u0119tszemu Sercu Pana Jezusa. Msza \u015bw. rano o godz.6.45, po Niej odwiedziny chorych (wg. zasad trwaj\u0105cej epidemii). Po po\u0142udniu Msza \u015bw. o godz.17.00, a po Niej Nabo\u017ce\u0144stwo r&oacute;\u017ca\u0144cowe. Po zako\u0144czonym Nabo\u017ce\u0144stwie, Adoracja Naj\u015bwi\u0119tszego Sakramentu przygotowana przez m\u0142odzie\u017c z KSM-u do godz. 20.00.<\/li>\n<li>Mo\u017cliwo\u015b\u0107 spowiedzi \u015bw. codziennie &ndash; godzin\u0119 przed Msz\u0105 \u015bw.<\/li>\n<li>W I Sobot\u0119 czcimy Niepokalane Serce NMP. O godz.16.30 Msza \u015bw., po Niej Nabo\u017ce\u0144stwo r&oacute;\u017ca\u0144cowe i procesja z figur\u0105 Matki Bo\u017cej Fatimskiej. Na zako\u0144czenie &ndash; zmiana tajemnic r&oacute;\u017ca\u0144cowych. W czasie Mszy \u015bw. dzieci z klas III przygotowuj\u0105ce si\u0119 do I Komunii \u015bw. otrzymaj\u0105 r&oacute;\u017cance. Po Nabo\u017ce\u0144stwie &ndash; kr&oacute;tkie spotkanie dla ich rodzic&oacute;w. <\/li>\n<li>Msze \u015bw. do \u015brody (30 wrze\u015bnia) b\u0119d\u0105 odprawiane o godz.18.00, za\u015b od czwartku (1 pa\u017adziernika) o godz.17.00. W tym dniu rozpoczynamy Nabo\u017ce\u0144stwa r&oacute;\u017ca\u0144cowe. Zapraszamy do udzia\u0142u dzieci, m\u0142odzie\u017c i starszych, tak aby, w codziennej modlitwie do Matki Bo\u017cej poleca\u0107 si\u0119 Bo\u017cej opiece.<\/li>\n<li>W ubieg\u0142\u0105 niedziel\u0119 dokonali\u015bmy wyboru nowej Rady Parafialnej. Obecna Rada (po konsultacjach) b\u0119dzie liczy\u0107 20 os&oacute;b: 8 &ndash; Budy Lewe, 5 &ndash; Budy Prawe, 5 &ndash; Korniakt&oacute;w P\u0142n., 2 &ndash; z nominacji Proboszcza. Jeszcze raz prosz\u0119 wszystkich wybranych o przyj\u0119cie mandatu Radnego! Gdyby kto\u015b &#8211; z wa\u017cnej przyczyny &#8211; zrezygnowa\u0142, prosz\u0119 o poinformowanie.<\/li>\n<li>Dzi\u015b go\u015bcimy w naszej parafii ks. Bogus\u0142awa Czarneckiego &ndash; prob. ze Smolarzyn. \u017byczymy wytrwa\u0142o\u015bci przy wznoszeniu nowej \u015bwi\u0105tyni.<\/li>\n<li>Serdeczne B&oacute;g zap\u0142a\u0107 dla os&oacute;b sprz\u0105taj\u0105cych i stroj\u0105cych ko\u015bci&oacute;\u0142 oraz za ofiary sk\u0142adane na potrzeby parafii, w tym r&oacute;wnie\u017c dla pracownik&oacute;w ko\u015bcielnych.<\/li>\n<\/ol>\n<h3 style=\"text-align: center;\"><strong><span style=\"color: rgb(0, 0, 128);\">Intencje mszalne<\/span><\/strong><\/h3>\n<h4 style=\"text-align: center;\"><strong><span style=\"color: rgb(0, 0, 128);\">od 28 wrze\u015bnia 2020 do 4 pa\u017adziernika 2020<\/span><\/strong><\/h4>\n<h4><strong><br \/>\n\tGdyby zbyt d\u0142ugi czas nie by\u0142a og\u0142oszona zam&oacute;wiona intencja mszalna &ndash; prosimy o zg\u0142oszenie tego kap\u0142anowi.&nbsp; Zam&oacute;wiona intencja nie mo\u017ce zgin\u0105\u0107.<br \/>\n\t<\/strong><\/h4>\n<p><u><strong>Poniedzia\u0142ek &#8211; 28 wrzesie\u0144<\/strong><\/u><br \/>\n\t1. + Zofia Kr&oacute;l (greg.);<br \/>\n\t2. + Teresa Bartnik &ndash; od Weroniki z rodzin\u0105;<br \/>\n\t3. + Jerzy Kie\u0142b &ndash; od rodzic&oacute;w;<\/p>\n<p><u><strong>Wtorek &#8211; 29 wrzesie\u0144<br \/>\n\t<\/strong><\/u>1. + Zofia Kr&oacute;l (greg.);<br \/>\n\t2. + Stanis\u0142aw Baran &ndash; 1 rocznica \u015bmierci;<br \/>\n\t3. ++ Anna, Stanis\u0142aw, ks.Jan Cebulak; <\/p>\n<p><u><strong>\u015aroda &#8211; 30 wrzesie\u0144<\/strong><\/u><br \/>\n\t1. + Zofia Kr&oacute;l (greg. zak.);<br \/>\n\t2. + Krystyna Kruk &ndash; od c&oacute;rki Marii z rodzin\u0105; <br \/>\n\t3. + Siostra Juranda &ndash; od rodziny;<\/p>\n<p><u><strong>Czwartek &#8211; 1 pa\u017adziernik<\/strong><\/u><br \/>\n\t1. + Maria Kojder (greg. pocz.); <br \/>\n\t2. O b\u0142ogos\u0142awie\u0144stwo Bo\u017ce dla Brajana \u017bywczak; <br \/>\n\t3. + W\u0142adys\u0142aw \u015awizdor &ndash; od c&oacute;rki ;<\/p>\n<p>\t<u><strong>Pi\u0105tek &#8211; 2 pa\u017adziernik<\/strong><\/u><br \/>\n\t6.45 + Maria Kojder (greg.);<br \/>\n\t17.00 ++ Teresa, Stanis\u0142aw, Stefan Socha; <br \/>\n\t17.00 Za zmar\u0142ych z rodzin: Baran&oacute;w, Cebulak&oacute;w, Blok&oacute;w ; <\/p>\n<p><u><strong>Sobota &#8211; 3 pa\u017adziernik<\/strong><\/u><br \/>\n\t1. + Maria Kojder (greg.); <br \/>\n\t2. Dzi\u0119kczynna; z pro\u015bb\u0105 o zdrowie i b\u0142og. Bo\u017ce w 5 rocznic\u0119 \u015blubu dla Karoliny i Micha\u0142a Benedyk ;<br \/>\n\t3. ++ Jan Blok i Jego rodzice; <\/p>\n<p><u><strong>Niedziela &#8211; 4 pa\u017adziernik<\/strong><\/u><br \/>\n\t6.30 + Ignacy Czyrek;<br \/>\n\t8.00 + Jacek Chudzik &ndash; od kol i kol.: G. Rachwa\u0142, A. Ko\u0144, A. Kubis, R. Cebula, E. i P Gierczak; <br \/>\n\t10.30 Za parafian; 10.30 + Franciszek Motyka <br \/>\n\t15.00 + Maria Kojder (greg.);<\/p>\n<h3 style=\"text-align: center;\"><strong><strong><span style=\"color: rgb(0, 0, 128);\">Modlitw\u0119 r&oacute;\u017ca\u0144cow\u0105 prowadz\u0105<br \/>\n\t<\/span><\/strong><\/strong><\/h3>\n<p>28. Pn. R&oacute;\u017ca \u015aw. Faustyny &#8211; (Eugenia \u015awizdor)<br \/>\n\t29. Wt. R&oacute;\u017ca \u015aw. Genowefy &#8211; (Genowefa Dr\u0105\u017cek);<br \/>\n\t30. \u015ar. R&oacute;\u017ca \u015aw. Jadwigi Kr&oacute;lowej &#8211; (Halina Dyrda); <br \/>\n\t01. Cz. Dzie\u0142o Pomocy Powo\u0142aniom &ndash; (Anna Szular); <br \/>\n\t02. Pt. KSM; <br \/>\n\t03. Sb. Kap\u0142an;<br \/>\n\t04. Nd. R&oacute;\u017ca \u015aw. Heleny &#8211; (Helena Dyrda);<\/p>\n<p><strong>Wyznaczona R&oacute;\u017ca jest proszona o prowadzenie modlitwy r&oacute;\u017ca\u0144cowej. <br \/>\n\t<\/strong><\/p>\n","protected":false},"excerpt":{"rendered":"<p>XXVI Niedziela zwyk\u0142a &#8211; 27-09-2020 Og\u0142oszenia Dzi\u015b o godz. 15.00 &ndash; Litania do \u015bw. J&oacute;zefa, a po niej &#8211; Msza \u015bw. W tym tygodniu; w poniedzia\u0142ek &ndash; wspomnienie \u015bw. Wac\u0142awa, &hellip; <a href=\"https:\/\/budy.przemyska.pl\/index.php\/2020\/09\/26\/ogloszenia-parafialne-27-09-2020\/\" class=\"more-link\">Czytaj dalej <span class=\"screen-reader-text\">Og\u0142oszenia parafialne 27-09-2020<\/span> <span class=\"meta-nav\">&rarr;<\/span><\/a><\/p>\n","protected":false},"author":1,"featured_media":0,"comment_status":"closed","ping_status":"closed","sticky":false,"template":"","format":"standard","meta":{"footnotes":""},"categories":[6,4],"tags":[],"class_list":["post-3159","post","type-post","status-publish","format-standard","hentry","category-aktualnosci","category-ogloszenia"],"_links":{"self":[{"href":"https:\/\/budy.przemyska.pl\/index.php\/wp-json\/wp\/v2\/posts\/3159","targetHints":{"allow":["GET"]}}],"collection":[{"href":"https:\/\/budy.przemyska.pl\/index.php\/wp-json\/wp\/v2\/posts"}],"about":[{"href":"https:\/\/budy.przemyska.pl\/index.php\/wp-json\/wp\/v2\/types\/post"}],"author":[{"embeddable":true,"href":"https:\/\/budy.przemyska.pl\/index.php\/wp-json\/wp\/v2\/users\/1"}],"replies":[{"embeddable":true,"href":"https:\/\/budy.przemyska.pl\/index.php\/wp-json\/wp\/v2\/comments?post=3159"}],"version-history":[{"count":0,"href":"https:\/\/budy.przemyska.pl\/index.php\/wp-json\/wp\/v2\/posts\/3159\/revisions"}],"wp:attachment":[{"href":"https:\/\/budy.przemyska.pl\/index.php\/wp-json\/wp\/v2\/media?parent=3159"}],"wp:term":[{"taxonomy":"category","embeddable":true,"href":"https:\/\/budy.przemyska.pl\/index.php\/wp-json\/wp\/v2\/categories?post=3159"},{"taxonomy":"post_tag","embeddable":true,"href":"https:\/\/budy.przemyska.pl\/index.php\/wp-json\/wp\/v2\/tags?post=3159"}],"curies":[{"name":"wp","href":"https:\/\/api.w.org\/{rel}","templated":true}]}}