{"id":3157,"date":"2020-09-19T20:19:53","date_gmt":"2020-09-19T18:19:53","guid":{"rendered":"http:\/\/www.budylancuckie.przemyska.pl\/?p=3157"},"modified":"2020-09-19T20:19:53","modified_gmt":"2020-09-19T18:19:53","slug":"ogloszenia-parafialne-20-09-2020","status":"publish","type":"post","link":"https:\/\/budy.przemyska.pl\/index.php\/2020\/09\/19\/ogloszenia-parafialne-20-09-2020\/","title":{"rendered":"Og\u0142oszenia parafialne 20-09-2020"},"content":{"rendered":"<h2 style=\"text-align: center;\"><strong><span style=\"color: rgb(0, 0, 128);\">XXV Niedziela zwyk\u0142a &#8211; 20-09-2020<\/span><\/strong><\/h2>\n<h2 style=\"text-align: center;\"><strong><span style=\"color: rgb(0, 0, 128);\">Og\u0142oszenia<br \/>\n\t<\/span><\/strong><\/h2>\n<ol>\n<li>Dzi\u015b o godz. 15.00 &ndash; Nabo\u017ce\u0144stwo do Mi\u0142osierdzia Bo\u017cego, a po nim &#8211; Msza \u015bw. Bezpo\u015brednio po Mszy \u015bw. prosz\u0119 Cz\u0142onk&oacute;w Rady Parafialnej o policzenie g\u0142osowania.<\/li>\n<li>W poniedzia\u0142ek &#8211; \u015awi\u0119to \u015bw. Mateusza &ndash; Aposto\u0142a i Ewangelisty, w \u015brod\u0119 &ndash; \u015bw. o. Pio z Pietrelciny.<\/li>\n<li>W czwartek Adoracja Naj\u015bwi\u0119tszego Sakramentu od godz. 17.00. Po Mszy \u015bw. spotkanie dla uczni&oacute;w klas VIII przygotowuj\u0105cych si\u0119 do Bierzmowania.<\/li>\n<li>W najbli\u017csz\u0105 niedziel\u0119 kazania b\u0119dzie g\u0142osi\u0142 ks. Bogus\u0142aw Czarnecki &ndash; proboszcz ze Smolarzyn. Ca\u0142\u0105 nasz\u0105 sk\u0142adk\u0119 przeka\u017cemy na budow\u0119 ich nowego ko\u015bcio\u0142a. <\/li>\n<li>23 pa\u017adziernika (pi\u0105tek) b\u0119dzie mia\u0142a miejsce Wizytacja Kanoniczna naszej parafii. Z tej racji uczniowie klas VIII przyst\u0105pi\u0105 do Sakramentu Bierzmowania. Go\u015bci\u0107 b\u0119dziemy ks. bpa Stanis\u0142awa Jamrozka.<\/li>\n<li>Serdeczne B&oacute;g zap\u0142a\u0107 dla os&oacute;b sprz\u0105taj\u0105cych i stroj\u0105cych ko\u015bci&oacute;\u0142 oraz za ofiary sk\u0142adane na potrzeby parafii, w tym r&oacute;wnie\u017c dla pracownik&oacute;w ko\u015bcielnych.<\/li>\n<\/ol>\n<h3 style=\"text-align: center;\"><strong><span style=\"color: rgb(0, 0, 128);\">Intencje mszalne<\/span><\/strong><\/h3>\n<h4 style=\"text-align: center;\"><strong><span style=\"color: rgb(0, 0, 128);\">od 14 wrze\u015bnia 2020 do 20 wrze\u015bnia 2020<\/span><\/strong><\/h4>\n<h4><strong><br \/>\n\tGdyby zbyt d\u0142ugi czas nie by\u0142a og\u0142oszona zam&oacute;wiona intencja mszalna &ndash; prosimy o zg\u0142oszenie tego kap\u0142anowi.&nbsp; Zam&oacute;wiona intencja nie mo\u017ce zgin\u0105\u0107.<br \/>\n\t<\/strong><\/h4>\n<p><u><strong>Poniedzia\u0142ek &#8211; 14 wrzesie\u0144<\/strong><\/u><br \/>\n\t1. + Zofia Kr&oacute;l (greg.);<br \/>\n\t2. ++ Zofia, Stanis\u0142aw Skiba; ich Rodzice i Rodze\u0144stwo;<br \/>\n\t3. + Maria, Antoni Bo\u017cek;<\/p>\n<p><u><strong>Wtorek &#8211; 15 wrzesie\u0144<br \/>\n\t<\/strong><\/u>1. + Zofia Kr&oacute;l (greg.);<br \/>\n\t2. + Jacek Chudzik &ndash; od koleg&oacute;w ze studi&oacute;w;<br \/>\n\t3. + o. Bogus\u0142aw Golak oraz zmarli Rodzice i Rodze\u0144stwo; <\/p>\n<p><u><strong>\u015aroda &#8211; 16 wrzesie\u0144<\/strong><\/u><br \/>\n\t1. + Zofia Kr&oacute;l (greg.);<br \/>\n\t2. + Salomea, J&oacute;zef Bosak i zmarli z Rodziny; <br \/>\n\t3. W intencji Dzieci Pierwszokomunijnych i ich Rodzic&oacute;w;<\/p>\n<p><u><strong>Czwartek &#8211; 17 wrzesie\u0144<\/strong><\/u><br \/>\n\t1. + Zofia Kr&oacute;l (greg.); <br \/>\n\t2. + Jakub Rupar &ndash; w rocznic\u0119 \u015bmierci; <br \/>\n\t3. Dzi\u0119kczynna i o b\u0142og. Bo\u017ce w 30 rocz. \u015blubu Aliny i Piotra;<\/p>\n<p>\t<u><strong>Pi\u0105tek &#8211; 18 wrzesie\u0144<\/strong><\/u><br \/>\n\t1. + Zofia Kr&oacute;l (greg.);<br \/>\n\t2. ++ Anna, Ludwik Harpula i ich Rodzice oraz + Bogdan Blok; <br \/>\n\t3. + Genowefa Karpiel &ndash; Wi\u015bniewska &ndash; od rodziny Kojder; <\/p>\n<p><u><strong>Sobota &#8211; 19 wrzesie\u0144<\/strong><\/u><br \/>\n\t1. + Zofia Kr&oacute;l (greg.); <br \/>\n\t2. + Maria Czyrek &ndash; od Bogus\u0142awa;<br \/>\n\t3. ++ Maria, J&oacute;zef, Jan, Katarzyna Bieleccy; <\/p>\n<p><u><strong>Niedziela &#8211; 20 wrzesie\u0144<\/strong><\/u><br \/>\n\t6.30 ++ Maria, J&oacute;zef Bieleccy i ich Rodzice;<br \/>\n\t8.00 + Jacek Chudzik &ndash; od kol. i kol. s. Agaty z firmy Bispol; <br \/>\n\t10.30 Za parafian; ; <br \/>\n\t15.00 + Zofia Kr&oacute;l (greg.);<\/p>\n<h3 style=\"text-align: center;\"><strong><strong><span style=\"color: rgb(0, 0, 128);\">Modlitw\u0119 r&oacute;\u017ca\u0144cow\u0105 prowadz\u0105<br \/>\n\t<\/span><\/strong><\/strong><\/h3>\n<p>21. Pn. R&oacute;\u017ca \u015aw. Zofii &#8211; (Zofia Kurek)<br \/>\n\t22. Wt. R&oacute;\u017ca \u015aw. Agaty &#8211; (Patrycja Por\u0119bna);<br \/>\n\t23. \u015ar. R&oacute;\u017ca \u015aw. Agnieszki &#8211; (Krystyna Nykiel); <br \/>\n\t24. Cz. R&oacute;\u017ca \u015aw. Andrzeja Aposto\u0142a &ndash; (J&oacute;zef M\u0105dry); <br \/>\n\t25. Pt. KSM. <br \/>\n\t26. Sb. R&oacute;\u017ca \u015aw. Cecylii &ndash; (Krystyna Markowicz);<br \/>\n\t27. Nd. R&oacute;\u017ca \u015aw. El\u017cbiety &#8211; (Alina Trojnar);<\/p>\n<p><strong>Wyznaczona R&oacute;\u017ca jest proszona o prowadzenie modlitwy r&oacute;\u017ca\u0144cowej. <br \/>\n\t<\/strong><\/p>\n","protected":false},"excerpt":{"rendered":"<p>XXV Niedziela zwyk\u0142a &#8211; 20-09-2020 Og\u0142oszenia Dzi\u015b o godz. 15.00 &ndash; Nabo\u017ce\u0144stwo do Mi\u0142osierdzia Bo\u017cego, a po nim &#8211; Msza \u015bw. Bezpo\u015brednio po Mszy \u015bw. prosz\u0119 Cz\u0142onk&oacute;w Rady Parafialnej o &hellip; <a href=\"https:\/\/budy.przemyska.pl\/index.php\/2020\/09\/19\/ogloszenia-parafialne-20-09-2020\/\" class=\"more-link\">Czytaj dalej <span class=\"screen-reader-text\">Og\u0142oszenia parafialne 20-09-2020<\/span> <span class=\"meta-nav\">&rarr;<\/span><\/a><\/p>\n","protected":false},"author":1,"featured_media":0,"comment_status":"closed","ping_status":"closed","sticky":false,"template":"","format":"standard","meta":{"footnotes":""},"categories":[6,4],"tags":[],"class_list":["post-3157","post","type-post","status-publish","format-standard","hentry","category-aktualnosci","category-ogloszenia"],"_links":{"self":[{"href":"https:\/\/budy.przemyska.pl\/index.php\/wp-json\/wp\/v2\/posts\/3157","targetHints":{"allow":["GET"]}}],"collection":[{"href":"https:\/\/budy.przemyska.pl\/index.php\/wp-json\/wp\/v2\/posts"}],"about":[{"href":"https:\/\/budy.przemyska.pl\/index.php\/wp-json\/wp\/v2\/types\/post"}],"author":[{"embeddable":true,"href":"https:\/\/budy.przemyska.pl\/index.php\/wp-json\/wp\/v2\/users\/1"}],"replies":[{"embeddable":true,"href":"https:\/\/budy.przemyska.pl\/index.php\/wp-json\/wp\/v2\/comments?post=3157"}],"version-history":[{"count":0,"href":"https:\/\/budy.przemyska.pl\/index.php\/wp-json\/wp\/v2\/posts\/3157\/revisions"}],"wp:attachment":[{"href":"https:\/\/budy.przemyska.pl\/index.php\/wp-json\/wp\/v2\/media?parent=3157"}],"wp:term":[{"taxonomy":"category","embeddable":true,"href":"https:\/\/budy.przemyska.pl\/index.php\/wp-json\/wp\/v2\/categories?post=3157"},{"taxonomy":"post_tag","embeddable":true,"href":"https:\/\/budy.przemyska.pl\/index.php\/wp-json\/wp\/v2\/tags?post=3157"}],"curies":[{"name":"wp","href":"https:\/\/api.w.org\/{rel}","templated":true}]}}