{"id":3154,"date":"2020-09-14T20:03:59","date_gmt":"2020-09-14T18:03:59","guid":{"rendered":"http:\/\/www.budylancuckie.przemyska.pl\/?p=3154"},"modified":"2020-09-14T20:03:59","modified_gmt":"2020-09-14T18:03:59","slug":"ogloszenia-parafialne-13-09-2020","status":"publish","type":"post","link":"https:\/\/budy.przemyska.pl\/index.php\/2020\/09\/14\/ogloszenia-parafialne-13-09-2020\/","title":{"rendered":"Og\u0142oszenia parafialne 13-09-2020"},"content":{"rendered":"<h2 style=\"text-align: center;\"><strong><span style=\"color: rgb(0, 0, 128);\">XXIV Niedziela zwyk\u0142a &#8211; 13-09-2020<\/span><\/strong><\/h2>\n<h2 style=\"text-align: center;\"><strong><span style=\"color: rgb(0, 0, 128);\">Og\u0142oszenia<br \/>\n\t<\/span><\/strong><\/h2>\n<ol>\n<li>Dzi\u015b o godz. 15.00 &ndash; Nabo\u017ce\u0144stwo R&oacute;\u017ca\u0144cowe, a po nim &#8211; Msza \u015bw.<\/li>\n<li>W poniedzia\u0142ek \u015awi\u0119to Podwy\u017cszenia Krzy\u017ca \u015awi\u0119tego, we wtorek &ndash; wspomnienie Matki Bo\u017cej Bolesnej, w \u015brod\u0119 &ndash; wspomnienie m\u0119czennik&oacute;w: Korneliusza i Cypriana, w pi\u0105tek za\u015b \u015awi\u0119to \u015bw. Stanis\u0142awa Kostki &ndash; patrona&nbsp; m\u0142odzie\u017cy. Zapraszamy do udzia\u0142u we Mszy \u015bw. dzieci i m\u0142odzie\u017c, aby za przyczyn\u0105 swojego Patrona, wyprosi\u0107 u Boga potrzebne \u0142aski i opiek\u0119 Bo\u017c\u0105 na ca\u0142e \u017cycie. W tym tygodniu pami\u0119tajmy w modlitwie o dzieciach i m\u0142odzie\u017cy &ndash; obchodzimy bowiem Kwartalne Dni Modlitw w ich intencji.<\/li>\n<li>W czwartek Adoracja Naj\u015bwi\u0119tszego Sakramentu od godz. 17.00. <\/li>\n<li>Najbli\u017csza niedziela, to Niedziela \u015arodk&oacute;w Masowego Przekazu. Modlimy si\u0119 za pracownik&oacute;w medi&oacute;w. W naszej parafii to niedziela inwestycyjna.<\/li>\n<li>Serdeczne B&oacute;g zap\u0142a\u0107 dla os&oacute;b sprz\u0105taj\u0105cych i stroj\u0105cych ko\u015bci&oacute;\u0142 oraz za wszystkie ofiary sk\u0142adane na potrzeby parafii, w tym r&oacute;wnie\u017c dla pracownik&oacute;w ko\u015bcielnych.<\/li>\n<\/ol>\n<h3 style=\"text-align: center;\"><strong><span style=\"color: rgb(0, 0, 128);\">Intencje mszalne<\/span><\/strong><\/h3>\n<h4 style=\"text-align: center;\"><strong><span style=\"color: rgb(0, 0, 128);\">od 14 wrze\u015bnia 2020 do 20 wrze\u015bnia 2020<\/span><\/strong><\/h4>\n<h4><strong><br \/>\n\tGdyby zbyt d\u0142ugi czas nie by\u0142a og\u0142oszona zam&oacute;wiona intencja mszalna &ndash; prosimy o zg\u0142oszenie tego kap\u0142anowi.&nbsp; Zam&oacute;wiona intencja nie mo\u017ce zgin\u0105\u0107.<br \/>\n\t<\/strong><\/h4>\n<p><u><strong>Poniedzia\u0142ek &#8211; 14 wrzesie\u0144<\/strong><\/u><br \/>\n\t1. + Zofia Kr&oacute;l (greg.);<br \/>\n\t2. Dzi\u0119kczynna za otrzymane \u0142aski; z pro\u015bb\u0105 o opiek\u0119 i b\u0142ogos\u0142awie\u0144stwo Bo\u017ce dla Anny w 60 rocz urodzin;<br \/>\n\t3. O zdrowie i szcz\u0119\u015bliw\u0105 operacj\u0119 dla siostry;<\/p>\n<p><u><strong>Wtorek &#8211; 15 wrzesie\u0144<br \/>\n\t<\/strong><\/u>1. + Zofia Kr&oacute;l (greg.);<br \/>\n\t2. + Franciszek Pelc, Krystyna, Stanis\u0142aw Czyrek, Danuta Rupar;<br \/>\n\t3. + Micha\u0142, Aniela Kr&oacute;l, Franciszek Bochno.; <\/p>\n<p><u><strong>\u015aroda &#8211; 16 wrzesie\u0144<\/strong><\/u><br \/>\n\t1. + Zofia Kr&oacute;l (greg.);<br \/>\n\t2. + Boles\u0142aw Rupar &ndash; od c&oacute;rki Joanny; <br \/>\n\t3. Dzi\u0119kczynna za otrzymane \u0142aski; z pro\u015bb\u0105 o b\u0142. Bo\u017ce dla wnuka Kacpra z racji I Komunii \u015bw. ;<\/p>\n<p><u><strong>Czwartek &#8211; 17 wrzesie\u0144<\/strong><\/u><br \/>\n\t1. + Zofia Kr&oacute;l (greg.); <br \/>\n\t2. O zdrowie i b\u0142. Bo\u017ce w rodzinie Bosak&oacute;w &ndash; od Stanis\u0142awy; <br \/>\n\t3. + Tadeusz Kubis &ndash; od bratowej Stanis\u0142awy z rodzin\u0105;<\/p>\n<p>\t<u><strong>Pi\u0105tek &#8211; 18 wrzesie\u0144<\/strong><\/u><br \/>\n\t1. + Zofia Kr&oacute;l (greg.);<br \/>\n\t2. + Kazimierz Mach &ndash; od Bronis\u0142awa;<br \/>\n\t3. + J&oacute;zef Kania &ndash; od Katarzyny Szczepa\u0144skiej z rodzin\u0105; <\/p>\n<p><u><strong>Sobota &#8211; 19 wrzesie\u0144<\/strong><\/u><br \/>\n\t1. + Zofia Kr&oacute;l (greg.); <br \/>\n\t2. + Jacek Chudzik &ndash; od siostry z rodzin\u0105<br \/>\n\t3. + Franciszka, Marcin Czech i ich rodzice; <\/p>\n<p><u><strong>Niedziela &#8211; 20 wrzesie\u0144<\/strong><\/u><br \/>\n\t6.30 Dzi\u0119k.; z pro\u015bb\u0105 o b\u0142. B. dla Dominika w 18 r. urodzin;<br \/>\n\t8.00 + J&oacute;zef Kania &ndash; od Naucz. i Prac. SP nr 2 w Kor. P\u0142n.; <br \/>\n\t10.30 Za parafian; 10.30 + W\u0142adys\u0142aw \u015awizdor &ndash; od wnuczek; <br \/>\n\t15.00 + Zofia Kr&oacute;l (greg.);<\/p>\n<h3 style=\"text-align: center;\"><strong><strong><span style=\"color: rgb(0, 0, 128);\">Modlitw\u0119 r&oacute;\u017ca\u0144cow\u0105 prowadz\u0105<br \/>\n\t<\/span><\/strong><\/strong><\/h3>\n<p>14. Pn. R&oacute;\u017ca Matki Bo\u017cej R&oacute;\u017ca\u0144cowej &#8211; (Zofia \u015awizdor)<br \/>\n\t15. Wt. R&oacute;\u017ca Matki Bo\u017cej Szkaplerznej &#8211; (Maria K\u0142os);<br \/>\n\t16. \u015ar. R&oacute;\u017ca \u015aw. Stanis\u0142awa Biskupa &#8211; (Franciszek Bartnik); <br \/>\n\t17. Cz. R&oacute;\u017ca \u015aw. Teresy od Dzieci\u0105tka Jezus &ndash; (Dorota Dzierga); <br \/>\n\t18. Pt. KSM. <br \/>\n\t19. Sb. R&oacute;\u017ca \u015aw. Teresy Wielkiej &ndash; (Zofia Wierzbicka);<br \/>\n\t20. Nd. R&oacute;\u017ca \u015aw. Tomasza Aposto\u0142a &#8211; (Stanis\u0142aw \u015alimak);<\/p>\n<p><strong>Wyznaczona R&oacute;\u017ca jest proszona o prowadzenie modlitwy r&oacute;\u017ca\u0144cowej. <br \/>\n\t<\/strong><\/p>\n<h3><span style=\"color:#000080;\">Propozycja intencji do przekazania do odprawienia w Wy\u017cszym Seminarium Duchownym w Przemy\u015blu:<\/span><\/h3>\n<p>&nbsp;1. + Zofia Brewka &#8211; od Andrzeja Bieniasz z Machowa<br \/>\n\t&nbsp;2. + Zofia Brewka &ndash; od s\u0105siadki Beaty c&oacute;rki Bogus\u0142awy z Woli Ocieckiej<br \/>\n\t&nbsp;3. + Zofia Brewka &ndash; od rodziny Krzysztofa Ozimek z Woli Ocieckiej<br \/>\n\t&nbsp;4. + Zofia Brewka &ndash; od wnuczki Katarzyny <br \/>\n\t&nbsp;5. + Zofia Brewka &ndash; od wnuczki Gabrieli z m\u0119\u017cem<br \/>\n\t&nbsp;6. + Jacek Chudzik &ndash; od Zak\u0142adu Us\u0142ug Le\u015bnych Mach Marek<br \/>\n\t&nbsp;7. + Jacek Chudzik &ndash; od Ewy Bardian z rodzin\u0105<br \/>\n\t&nbsp;8. + Jacek Chudzik &ndash; od rodziny Sitarz&oacute;w<br \/>\n\t&nbsp;9. + Jacek Chudzik &ndash; od rodziny Biajgr&oacute;w<br \/>\n\t10. + Jacek Chudzik &ndash; od pracownik&oacute;w O\u015brodka Hodowli G\u0142uszca<br \/>\n\t11. + Barbara Ko\u0142cz &ndash; od rodziny Bo\u017cek z Czarnej<br \/>\n\t12. + Barbara Ko\u0142cz &ndash; od Jana Bartnika<br \/>\n\t13. + Krystyna Kruk &ndash; od swatowej z mam\u0105<br \/>\n\t14. + Krystyna Kruk &ndash; od Andrzeja Rzepki z rodzin\u0105<br \/>\n\t15. + Krystyna Kruk &ndash; od rodziny Surmacz&oacute;w i Ossoli\u0144skich<br \/>\n\t16. + Krystyna Kruk &ndash; od siostry Ma\u0142gorzaty z rodzin\u0105<br \/>\n\t17. + Krystyna Kruk &ndash; od Danuty i Zygmunta z Gaci<br \/>\n\t18. + W\u0142adys\u0142aw \u015awizdor &ndash; od znajomych syna Karola<br \/>\n\t19. + Stanis\u0142aw Kochman &ndash; od piel\u0119gniarek Oddzia\u0142u Intensywnej Terapii<br \/>\n\t20. + Stanis\u0142aw Kochman &ndash; od piel\u0119gniarek Oddzia\u0142u Intensywnej Terapii<br \/>\n\t21. + Stanis\u0142aw Kochman &ndash; od piel\u0119gniarek z Oddzia\u0142u Chirurgii<br \/>\n\t22. + Tadeusz Kubis &ndash; od rodziny Piestrak<br \/>\n\t23. + Tadeusz Kubis &ndash; od Zbigniewa i Stanis\u0142awa<br \/>\n\t24. + Tadeusz Kubis &ndash; od rodziny Lej&oacute;w i Sad\u0142&oacute;w z Podlesia<br \/>\n\t25. + \u0141ucja Dzierwa &ndash; od rodziny \u0141ukasik<br \/>\n\t26. + \u0141ucja Dzierwa &ndash; od nauczycieli Zespo\u0142u Szk&oacute;\u0142 w Bia\u0142obrzegach<br \/>\n\t27. + Maria Pelc &ndash; od Heleny i Ewy Jab\u0142o\u0144skich<br \/>\n\t28. + Barbara Grzyb<br \/>\n\t29. + Jerzy Kie\u0142b &ndash; od rodziny Pasierb<br \/>\n\t30. + Weronika Dr\u0105g &ndash; od c&oacute;rki Haliny z rodzin\u0105<br \/>\n\t31. + Bogdan Blok &ndash; od klubu Sitowianka<\/p>\n","protected":false},"excerpt":{"rendered":"<p>XXIV Niedziela zwyk\u0142a &#8211; 13-09-2020 Og\u0142oszenia Dzi\u015b o godz. 15.00 &ndash; Nabo\u017ce\u0144stwo R&oacute;\u017ca\u0144cowe, a po nim &#8211; Msza \u015bw. W poniedzia\u0142ek \u015awi\u0119to Podwy\u017cszenia Krzy\u017ca \u015awi\u0119tego, we wtorek &ndash; wspomnienie Matki &hellip; <a href=\"https:\/\/budy.przemyska.pl\/index.php\/2020\/09\/14\/ogloszenia-parafialne-13-09-2020\/\" class=\"more-link\">Czytaj dalej <span class=\"screen-reader-text\">Og\u0142oszenia parafialne 13-09-2020<\/span> <span class=\"meta-nav\">&rarr;<\/span><\/a><\/p>\n","protected":false},"author":1,"featured_media":0,"comment_status":"closed","ping_status":"closed","sticky":false,"template":"","format":"standard","meta":{"footnotes":""},"categories":[6,4],"tags":[],"class_list":["post-3154","post","type-post","status-publish","format-standard","hentry","category-aktualnosci","category-ogloszenia"],"_links":{"self":[{"href":"https:\/\/budy.przemyska.pl\/index.php\/wp-json\/wp\/v2\/posts\/3154","targetHints":{"allow":["GET"]}}],"collection":[{"href":"https:\/\/budy.przemyska.pl\/index.php\/wp-json\/wp\/v2\/posts"}],"about":[{"href":"https:\/\/budy.przemyska.pl\/index.php\/wp-json\/wp\/v2\/types\/post"}],"author":[{"embeddable":true,"href":"https:\/\/budy.przemyska.pl\/index.php\/wp-json\/wp\/v2\/users\/1"}],"replies":[{"embeddable":true,"href":"https:\/\/budy.przemyska.pl\/index.php\/wp-json\/wp\/v2\/comments?post=3154"}],"version-history":[{"count":0,"href":"https:\/\/budy.przemyska.pl\/index.php\/wp-json\/wp\/v2\/posts\/3154\/revisions"}],"wp:attachment":[{"href":"https:\/\/budy.przemyska.pl\/index.php\/wp-json\/wp\/v2\/media?parent=3154"}],"wp:term":[{"taxonomy":"category","embeddable":true,"href":"https:\/\/budy.przemyska.pl\/index.php\/wp-json\/wp\/v2\/categories?post=3154"},{"taxonomy":"post_tag","embeddable":true,"href":"https:\/\/budy.przemyska.pl\/index.php\/wp-json\/wp\/v2\/tags?post=3154"}],"curies":[{"name":"wp","href":"https:\/\/api.w.org\/{rel}","templated":true}]}}